{"id":29844,"date":"2020-11-15T19:44:05","date_gmt":"2020-11-15T18:44:05","guid":{"rendered":"https:\/\/www.forum-soegel.de\/information\/?p=29844"},"modified":"2020-11-15T19:44:07","modified_gmt":"2020-11-15T18:44:07","slug":"gitta-connemann-unterstuetzt-die-haendler-vor-ort","status":"publish","type":"post","link":"https:\/\/www.forum-soegel.de\/information\/2020\/11\/gitta-connemann-unterstuetzt-die-haendler-vor-ort\/","title":{"rendered":"Gitta Connemann: \u201eUnterst\u00fctzt die H\u00e4ndler vor Ort\u201c"},"content":{"rendered":"\n<p><em><strong>Gitta Connemann: \u201eUnterst\u00fctzt die H\u00e4ndler vor Ort\u201c<\/strong><\/em><\/p>\n\n\n\n<p>S\u00f6gel &#8211; \u00dcber die Situation im Modehandel verschaffte sich die Bundestagsabgeordnete Gitta Connemann (CDU) in diesen Tagen einen \u00dcberblick anl\u00e4sslich eines Besuches im Modehaus Funke in S\u00f6gel. Petra und Markus Funke f\u00fchren das Traditionsunternehmen, das bereits im Jahre 1903 gegr\u00fcndet wurde, seit 20 Jahren und hatten die Bundestagsabgeordnete zu einem Gespr\u00e4ch eingeladen. Begleitet wurde sie von dem Samtgemeindeb\u00fcrgermeister G\u00fcnter Wigbers und der B\u00fcrgermeisterin Irmgard Welling sowie den Mitgliedern des CDU Ortsverbandes, Dr. Niels Gepp und G\u00fcnther Wucherpfennig.<\/p>\n\n\n\n<p>Die Corona-Krise beutelt die Modebranche. Markus Funke spricht die Sorgen und N\u00f6te, aber auch die Chancen der mittelst\u00e4ndischen Modebranche direkt an. Die Umsatzeinbu\u00dfen, unter der die Branche leidet, habe verschiedene Gr\u00fcnde. \u201eEin Teil des Einzelhandelsumsatzes, der w\u00e4hrend des Shutdowns an den Onlinehandel abgegeben wurde, bleibt dauerhaft f\u00fcr den station\u00e4ren Einzelhandel verloren&#8220;, wei\u00df Funke von den Gespr\u00e4chen mit Kollegen im Modeverband zu berichten. \u201eDurch den Shutdown und die weiteren Ma\u00dfnahmen wie die Maskenpflicht in Gesch\u00e4ften und die Begrenzung der Kundenzahl sind gesunde Unternehmen in existenzielle Schwierigkeiten geraten\u201c. Regelm\u00e4\u00dfiger Austausch zu gleichstrukturierten Modegesch\u00e4ften in ganz Deutschland w\u00fcrden ihm zeigen, dass die Probleme landesweit herrschen.<\/p>\n\n\n\n<p>Ein weiterer Grund sei, dass es f\u00fcr die Kunden in der derzeitigen Krise keine Gr\u00fcnde g\u00e4be, sich neu einzukleiden. \u201eBei Mode und Bekleidung fehlt es auch ganz einfach an Kaufanl\u00e4ssen\u201d. Die Kleiderschr\u00e4nke der Kunden seien voll, gekauft werde nur, wenn es einen besonderen Grund daf\u00fcr gebe. \u201eAber an solchen Anl\u00e4ssen \u2013 egal ob eine Party, ein Urlaub oder eine Hochzeit \u2013 fehlt es seit dem Ausbruch der Corona-Pandemie\u201d, informiert Funke. Es gebe es einfach nur noch selten Grund, sich schick zu machen.<\/p>\n\n\n\n<p>Er appellierte an Connemann, dass die Gesetzgebung beispielsweise Rechtssicherheit f\u00fcr einkaufsfreie Sonntage schaffen m\u00fcsse. \u201eGerade in diesen Zeiten m\u00fcssen wir jede Gelegenheit nutzen, um f\u00fcr unsere Kunden da zu sein. Das gilt auch f\u00fcr die Sonntage, zumindest in begrenzter Anzahl.\u201c Hier spreche er auch f\u00fcr seine Mitbewerber. \u201eGesch\u00e4fte, die vorher schon nicht gesund waren, k\u00f6nnen jetzt nicht aus den Reserven sch\u00f6pfen. Da werden sich leider so einige Gesch\u00e4fte vom Markt verabschieden m\u00fcssen.\u201c Auch die Bedeutung von Schnelltests und die Entwicklung von Impfstoffen legte Funke Connemann ans Herz. Diese versprach, die genannten Themen im Bundestag in Berlin entsprechend zu platzieren und zeigte Zuversicht auf einen entsprechenden Erfolg.<\/p>\n\n\n\n<p>Zudem zollte sie dem Ehepaar Funke sowie den Mitarbeiterinnen viel Lob w\u00e4hrend der Besichtigung des Modehauses: \u201eNicht die gro\u00dfen Ketten machen unsere Gemeinden lebenswert. Es sind Gesch\u00e4fte wie das Modehaus Funke &#8211; liebevoll eingerichtet, gro\u00dfes Angebot, perfekte Beratung. Hier ist und bleibt der Kunde K\u00f6nig &#8211; oder K\u00f6nigin &#8211; mit individueller Beratung und dem Plausch vor Ort. Das kann kein Onlinehandel der Welt ersetzen. Und darauf m\u00fcssen wir setzen!\u201c<\/p>\n\n\n\n<p>Markus Funke bedankte sich im Anschluss f\u00fcr das Gespr\u00e4ch: \u201eWir haben uns sehr gefreut, dass Gitta Connemann uns in Ihrer Funktion als Bundestagsabgeordnete zugeh\u00f6rt hat. Genauso sollte Politik sein, Eindr\u00fccke von der Basis sammeln, zuh\u00f6ren und zum Wohle aller auf Bundesebene umsetzten, was m\u00f6glich ist.\u201c<\/p>\n\n\n\n<p>Foto\/Text: Ingrid Cloppenburg<\/p>\n\n\n\n<figure class=\"wp-block-gallery columns-1 is-cropped wp-block-gallery-1 is-layout-flex wp-block-gallery-is-layout-flex\"><ul class=\"blocks-gallery-grid\"><li class=\"blocks-gallery-item\"><figure><a href=\"https:\/\/www.forum-soegel.de\/information\/wp-content\/uploads\/2020\/11\/Modehandel-leidet-unter-der-Corona-Krise-1.jpg\"><img loading=\"lazy\" decoding=\"async\" width=\"1024\" height=\"617\" src=\"https:\/\/www.forum-soegel.de\/information\/wp-content\/uploads\/2020\/11\/Modehandel-leidet-unter-der-Corona-Krise-1.jpg\" alt=\"\" data-id=\"29845\" data-full-url=\"https:\/\/www.forum-soegel.de\/information\/wp-content\/uploads\/2020\/11\/Modehandel-leidet-unter-der-Corona-Krise-1.jpg\" data-link=\"https:\/\/www.forum-soegel.de\/information\/?attachment_id=29845\" class=\"wp-image-29845\" srcset=\"https:\/\/www.forum-soegel.de\/information\/wp-content\/uploads\/2020\/11\/Modehandel-leidet-unter-der-Corona-Krise-1.jpg 1024w, https:\/\/www.forum-soegel.de\/information\/wp-content\/uploads\/2020\/11\/Modehandel-leidet-unter-der-Corona-Krise-1-300x181.jpg 300w, https:\/\/www.forum-soegel.de\/information\/wp-content\/uploads\/2020\/11\/Modehandel-leidet-unter-der-Corona-Krise-1-768x463.jpg 768w\" sizes=\"auto, (max-width: 1024px) 100vw, 1024px\" \/><\/a><\/figure><\/li><\/ul><\/figure>\n","protected":false},"excerpt":{"rendered":"Gitta Connemann: \u201eUnterst\u00fctzt die H\u00e4ndler vor Ort\u201c S\u00f6gel &#8211; \u00dcber die Situation im Modehandel verschaffte sich die Bundestagsabgeordnete Gitta Connemann (CDU) in diesen Tagen einen \u00dcberblick anl\u00e4sslich eines Besuches im Modehaus Funke in S\u00f6gel. Petra und Markus Funke f\u00fchren das Traditionsunternehmen, das bereits im Jahre 1903 gegr\u00fcndet wurde, seit 20 Jahren und hatten die Bundestagsabgeordnete [&hellip;]\n","protected":false},"author":2,"featured_media":0,"comment_status":"closed","ping_status":"closed","sticky":false,"template":"","format":"standard","meta":{"ngg_post_thumbnail":0,"footnotes":""},"categories":[4],"tags":[],"class_list":["post-29844","post","type-post","status-publish","format-standard","hentry","category-aus-der-geschaftswelt"],"_links":{"self":[{"href":"https:\/\/www.forum-soegel.de\/information\/wp-json\/wp\/v2\/posts\/29844","targetHints":{"allow":["GET"]}}],"collection":[{"href":"https:\/\/www.forum-soegel.de\/information\/wp-json\/wp\/v2\/posts"}],"about":[{"href":"https:\/\/www.forum-soegel.de\/information\/wp-json\/wp\/v2\/types\/post"}],"author":[{"embeddable":true,"href":"https:\/\/www.forum-soegel.de\/information\/wp-json\/wp\/v2\/users\/2"}],"replies":[{"embeddable":true,"href":"https:\/\/www.forum-soegel.de\/information\/wp-json\/wp\/v2\/comments?post=29844"}],"version-history":[{"count":1,"href":"https:\/\/www.forum-soegel.de\/information\/wp-json\/wp\/v2\/posts\/29844\/revisions"}],"predecessor-version":[{"id":29846,"href":"https:\/\/www.forum-soegel.de\/information\/wp-json\/wp\/v2\/posts\/29844\/revisions\/29846"}],"wp:attachment":[{"href":"https:\/\/www.forum-soegel.de\/information\/wp-json\/wp\/v2\/media?parent=29844"}],"wp:term":[{"taxonomy":"category","embeddable":true,"href":"https:\/\/www.forum-soegel.de\/information\/wp-json\/wp\/v2\/categories?post=29844"},{"taxonomy":"post_tag","embeddable":true,"href":"https:\/\/www.forum-soegel.de\/information\/wp-json\/wp\/v2\/tags?post=29844"}],"curies":[{"name":"wp","href":"https:\/\/api.w.org\/{rel}","templated":true}]}}