{"id":29841,"date":"2020-11-15T19:41:54","date_gmt":"2020-11-15T18:41:54","guid":{"rendered":"https:\/\/www.forum-soegel.de\/information\/?p=29841"},"modified":"2020-11-15T19:41:56","modified_gmt":"2020-11-15T18:41:56","slug":"herbststurm-voller-erfolg","status":"publish","type":"post","link":"https:\/\/www.forum-soegel.de\/information\/2020\/11\/herbststurm-voller-erfolg\/","title":{"rendered":"Herbststurm voller Erfolg"},"content":{"rendered":"\n<p>S\u00f6gel &#8211; \u201eBesser h\u00e4tte es nicht kommen k\u00f6nnen\u201c, sagt Petra Funke vom gleichnamigen Modegesch\u00e4ft in S\u00f6gel, die zugleich Mitglied in der Marketing-gruppe des Wirtschaftsverbandes S\u00f6gel ist. \u201eDie Anzahl der Kunden ist im Rahmen der Corona Richtlinien gut zu h\u00e4ndeln. Tats\u00e4chlich&nbsp; hatten wir nicht mit so vielen Kunden gerechnet, dennoch verteilt sich alles gut \u00fcber den Tag und \u00fcber die Gesch\u00e4ftsfl\u00e4che.\u201c Viele Kunden hat es aus den umliegenden Gemeinden nach S\u00f6gel gezogen. Nicht wenige davon mit dem Fahrrad. Daf\u00fcr gibt es mehrere Gr\u00fcnde, so einige Kunden im Gespr\u00e4ch. Zum einen habe sie das gute Wetter aufs Fahrrad gelockt. Zum anderen wollten sie sich \u00fcber neue Herbstangebote informieren. F\u00fcr die m\u00e4nnlichen Kunden z\u00e4hlte h\u00e4ufig der Oldtimercorso als Anziehungspunkt. Dieser machte unter anderem auch Halt beim Sportgesch\u00e4ft Sportika. Dessen Inhaber Markus Kohnen zeigt sich ebenfalls bestens zufrieden. Die Kombination aus Oldtimern und Herbstangeboten habe mit dem guten Wetter daf\u00fcr gesorgt, dass sich S\u00f6gel von seiner besten Seite zeigen konnte. Auch bei ihm machte der Corso einen Zwischenstopp. Bernd Sunder als Ansprechpartner der Oldtimerfreunde war begeistert: \u201eDas Interesse an unseren landwirtschaftlichen Ger\u00e4ten war gro\u00df!\u201c<\/p>\n\n\n\n<p>Text\/Foto: Ingrid Cloppenburg<\/p>\n\n\n\n<figure class=\"wp-block-gallery columns-1 is-cropped wp-block-gallery-1 is-layout-flex wp-block-gallery-is-layout-flex\"><ul class=\"blocks-gallery-grid\"><li class=\"blocks-gallery-item\"><figure><a href=\"https:\/\/www.forum-soegel.de\/information\/wp-content\/uploads\/2020\/11\/Herbststurm-voller-Erfolg-1.jpg\"><img loading=\"lazy\" decoding=\"async\" width=\"1024\" height=\"768\" src=\"https:\/\/www.forum-soegel.de\/information\/wp-content\/uploads\/2020\/11\/Herbststurm-voller-Erfolg-1.jpg\" alt=\"\" data-id=\"29842\" data-full-url=\"https:\/\/www.forum-soegel.de\/information\/wp-content\/uploads\/2020\/11\/Herbststurm-voller-Erfolg-1.jpg\" data-link=\"https:\/\/www.forum-soegel.de\/information\/?attachment_id=29842\" class=\"wp-image-29842\" srcset=\"https:\/\/www.forum-soegel.de\/information\/wp-content\/uploads\/2020\/11\/Herbststurm-voller-Erfolg-1.jpg 1024w, https:\/\/www.forum-soegel.de\/information\/wp-content\/uploads\/2020\/11\/Herbststurm-voller-Erfolg-1-300x225.jpg 300w, https:\/\/www.forum-soegel.de\/information\/wp-content\/uploads\/2020\/11\/Herbststurm-voller-Erfolg-1-768x576.jpg 768w\" sizes=\"auto, (max-width: 1024px) 100vw, 1024px\" \/><\/a><\/figure><\/li><\/ul><\/figure>\n","protected":false},"excerpt":{"rendered":"S\u00f6gel &#8211; \u201eBesser h\u00e4tte es nicht kommen k\u00f6nnen\u201c, sagt Petra Funke vom gleichnamigen Modegesch\u00e4ft in S\u00f6gel, die zugleich Mitglied in der Marketing-gruppe des Wirtschaftsverbandes S\u00f6gel ist. \u201eDie Anzahl der Kunden ist im Rahmen der Corona Richtlinien gut zu h\u00e4ndeln. Tats\u00e4chlich&nbsp; hatten wir nicht mit so vielen Kunden gerechnet, dennoch verteilt sich alles gut \u00fcber den [&hellip;]\n","protected":false},"author":2,"featured_media":0,"comment_status":"closed","ping_status":"closed","sticky":false,"template":"","format":"standard","meta":{"ngg_post_thumbnail":0,"footnotes":""},"categories":[4],"tags":[],"class_list":["post-29841","post","type-post","status-publish","format-standard","hentry","category-aus-der-geschaftswelt"],"_links":{"self":[{"href":"https:\/\/www.forum-soegel.de\/information\/wp-json\/wp\/v2\/posts\/29841","targetHints":{"allow":["GET"]}}],"collection":[{"href":"https:\/\/www.forum-soegel.de\/information\/wp-json\/wp\/v2\/posts"}],"about":[{"href":"https:\/\/www.forum-soegel.de\/information\/wp-json\/wp\/v2\/types\/post"}],"author":[{"embeddable":true,"href":"https:\/\/www.forum-soegel.de\/information\/wp-json\/wp\/v2\/users\/2"}],"replies":[{"embeddable":true,"href":"https:\/\/www.forum-soegel.de\/information\/wp-json\/wp\/v2\/comments?post=29841"}],"version-history":[{"count":1,"href":"https:\/\/www.forum-soegel.de\/information\/wp-json\/wp\/v2\/posts\/29841\/revisions"}],"predecessor-version":[{"id":29843,"href":"https:\/\/www.forum-soegel.de\/information\/wp-json\/wp\/v2\/posts\/29841\/revisions\/29843"}],"wp:attachment":[{"href":"https:\/\/www.forum-soegel.de\/information\/wp-json\/wp\/v2\/media?parent=29841"}],"wp:term":[{"taxonomy":"category","embeddable":true,"href":"https:\/\/www.forum-soegel.de\/information\/wp-json\/wp\/v2\/categories?post=29841"},{"taxonomy":"post_tag","embeddable":true,"href":"https:\/\/www.forum-soegel.de\/information\/wp-json\/wp\/v2\/tags?post=29841"}],"curies":[{"name":"wp","href":"https:\/\/api.w.org\/{rel}","templated":true}]}}