{"id":29837,"date":"2020-11-15T19:40:21","date_gmt":"2020-11-15T18:40:21","guid":{"rendered":"https:\/\/www.forum-soegel.de\/information\/?p=29837"},"modified":"2020-11-15T19:40:22","modified_gmt":"2020-11-15T18:40:22","slug":"grosse-neueroeffnung-des-edeka-marktes-am-5-november","status":"publish","type":"post","link":"https:\/\/www.forum-soegel.de\/information\/2020\/11\/grosse-neueroeffnung-des-edeka-marktes-am-5-november\/","title":{"rendered":"Gro\u00dfe Neuer\u00f6ffnung des Edeka-Marktes am 5. November"},"content":{"rendered":"\n<p>S\u00f6gel &#8211; Die Er\u00f6ffnung des neuen Edeka-Marktes in S\u00f6gel steht unmittelbar bevor, am 5. November soll der neue Markt die T\u00fcren \u00f6ffnen.<\/p>\n\n\n\n<p>\u201eAn der Sigiltrastra\u00dfe in S\u00f6gel schreiten die Arbeiten f\u00fcr den Neubau des Einkaufszentrums gut voran\u201c, freut sich der Bauunternehmer Arnd Sievers \u00fcber den Baufortschritt des Fachmarktzentrums.&nbsp; Alle Arbeiten h\u00e4tten nach Aussage von Sievers trotz der erschwerten Bedingungen in der Coronazeit gut geklappt und man w\u00fcrde sich immer noch im selbstgesteckten Rahmen befinden.<\/p>\n\n\n\n<p>Dem abgerissenen Edeka-Markt trauert Inhaber Marko Meyer nicht nach. Nicht selten tropfte es von der Decke, und im Sommer setzte Personal und Kundschaft die Hitze in dem fast 40 Jahre alten Geb\u00e4ude zu. \u201eR\u00fcbergenommen wird nichts. Kein Regal, nichts\u201c, erkl\u00e4rt Meyer. Die noch im alten Markt befindliche Ware hat keinen Platz im Neubau gefunden. Mehrere Kisten mit Produkten im Wert von 13.000 Euro spendete Meyer an die S\u00f6geler Tafel, die der Markt-Inhaber nach eigenen Angaben regelm\u00e4\u00dfig mit Ware unterst\u00fctze.<\/p>\n\n\n\n<p>Die Er\u00f6ffnung des neuen Marktes kann der Inhaber kaum noch abwarten. \u201eMit fast 1600 Quadratmetern werden wir die Verkaufsfl\u00e4che fast verdoppeln\u201c, freut sich Meyer. Gr\u00f6\u00dfer werde nach seinen Worten unter anderem das Bio-Sortiment. Auch eine Frischfleischtheke wird es nach dem Umzug wieder geben. Das Personal wird Meyer zufolge von derzeit 33 Mitarbeitern auf rund 55 aufgestockt.<\/p>\n\n\n\n<p>Elf Monate nach dem ersten Spatenstich f\u00fcr das Einkaufszentrum geht es nun an die finalen Arbeiten. Auf dem Grundst\u00fcck befindet sich nun ein Geb\u00e4udekomplex, das 2200 Quadratmeter Verkaufsfl\u00e4che bereithalten wird. Neben einem neuen Edeka-Verbrauchermarkt inklusive dem B\u00e4cker Ganseforth mit Caf\u00e9 wird auch der Elektrofachmarkt \u201eExpert S\u00f6gel\u201c und das Blumenfachgesch\u00e4ft \u201eHerm\u00fchlens Lieblingsst\u00fccke\u201c&nbsp; in den Neubau einziehen.<\/p>\n\n\n\n<p>Text\/Foto: Daniel Kleine<\/p>\n\n\n\n<figure class=\"wp-block-gallery columns-1 is-cropped wp-block-gallery-1 is-layout-flex wp-block-gallery-is-layout-flex\"><ul class=\"blocks-gallery-grid\"><li class=\"blocks-gallery-item\"><figure><a href=\"https:\/\/www.forum-soegel.de\/information\/wp-content\/uploads\/2020\/11\/Grosse-Neueroeffnung-des-Edeka-Marktes-am-5.-November-1.jpg\"><img loading=\"lazy\" decoding=\"async\" width=\"1024\" height=\"768\" src=\"https:\/\/www.forum-soegel.de\/information\/wp-content\/uploads\/2020\/11\/Grosse-Neueroeffnung-des-Edeka-Marktes-am-5.-November-1.jpg\" alt=\"\" data-id=\"29838\" data-full-url=\"https:\/\/www.forum-soegel.de\/information\/wp-content\/uploads\/2020\/11\/Grosse-Neueroeffnung-des-Edeka-Marktes-am-5.-November-1.jpg\" data-link=\"https:\/\/www.forum-soegel.de\/information\/?attachment_id=29838\" class=\"wp-image-29838\" srcset=\"https:\/\/www.forum-soegel.de\/information\/wp-content\/uploads\/2020\/11\/Grosse-Neueroeffnung-des-Edeka-Marktes-am-5.-November-1.jpg 1024w, https:\/\/www.forum-soegel.de\/information\/wp-content\/uploads\/2020\/11\/Grosse-Neueroeffnung-des-Edeka-Marktes-am-5.-November-1-300x225.jpg 300w, https:\/\/www.forum-soegel.de\/information\/wp-content\/uploads\/2020\/11\/Grosse-Neueroeffnung-des-Edeka-Marktes-am-5.-November-1-768x576.jpg 768w\" sizes=\"auto, (max-width: 1024px) 100vw, 1024px\" \/><\/a><\/figure><\/li><\/ul><figcaption class=\"blocks-gallery-caption\">Die Aufbauarbeiten im Markt selber sind im vollen Gange<\/figcaption><\/figure>\n\n\n\n<figure class=\"wp-block-gallery columns-1 is-cropped wp-block-gallery-2 is-layout-flex wp-block-gallery-is-layout-flex\"><ul class=\"blocks-gallery-grid\"><li class=\"blocks-gallery-item\"><figure><a href=\"https:\/\/www.forum-soegel.de\/information\/wp-content\/uploads\/2020\/11\/Grosse-Neueroeffnung-des-Edeka-Marktes-am-5.-November-2.jpg\"><img loading=\"lazy\" decoding=\"async\" width=\"1024\" height=\"484\" src=\"https:\/\/www.forum-soegel.de\/information\/wp-content\/uploads\/2020\/11\/Grosse-Neueroeffnung-des-Edeka-Marktes-am-5.-November-2.jpg\" alt=\"\" data-id=\"29839\" data-full-url=\"https:\/\/www.forum-soegel.de\/information\/wp-content\/uploads\/2020\/11\/Grosse-Neueroeffnung-des-Edeka-Marktes-am-5.-November-2.jpg\" data-link=\"https:\/\/www.forum-soegel.de\/information\/?attachment_id=29839\" class=\"wp-image-29839\" srcset=\"https:\/\/www.forum-soegel.de\/information\/wp-content\/uploads\/2020\/11\/Grosse-Neueroeffnung-des-Edeka-Marktes-am-5.-November-2.jpg 1024w, https:\/\/www.forum-soegel.de\/information\/wp-content\/uploads\/2020\/11\/Grosse-Neueroeffnung-des-Edeka-Marktes-am-5.-November-2-300x142.jpg 300w, https:\/\/www.forum-soegel.de\/information\/wp-content\/uploads\/2020\/11\/Grosse-Neueroeffnung-des-Edeka-Marktes-am-5.-November-2-768x363.jpg 768w\" sizes=\"auto, (max-width: 1024px) 100vw, 1024px\" \/><\/a><\/figure><\/li><\/ul><figcaption class=\"blocks-gallery-caption\">Mehrere Kisten mit Produkten im Wert von 13.000 Euro spendete Markt-Inhaber Marko Meyer (Mitte) an die S\u00f6geler Tafel<\/figcaption><\/figure>\n","protected":false},"excerpt":{"rendered":"S\u00f6gel &#8211; Die Er\u00f6ffnung des neuen Edeka-Marktes in S\u00f6gel steht unmittelbar bevor, am 5. November soll der neue Markt die T\u00fcren \u00f6ffnen. \u201eAn der Sigiltrastra\u00dfe in S\u00f6gel schreiten die Arbeiten f\u00fcr den Neubau des Einkaufszentrums gut voran\u201c, freut sich der Bauunternehmer Arnd Sievers \u00fcber den Baufortschritt des Fachmarktzentrums.&nbsp; Alle Arbeiten h\u00e4tten nach Aussage von Sievers [&hellip;]\n","protected":false},"author":2,"featured_media":0,"comment_status":"closed","ping_status":"closed","sticky":false,"template":"","format":"standard","meta":{"ngg_post_thumbnail":0,"footnotes":""},"categories":[4],"tags":[],"class_list":["post-29837","post","type-post","status-publish","format-standard","hentry","category-aus-der-geschaftswelt"],"_links":{"self":[{"href":"https:\/\/www.forum-soegel.de\/information\/wp-json\/wp\/v2\/posts\/29837","targetHints":{"allow":["GET"]}}],"collection":[{"href":"https:\/\/www.forum-soegel.de\/information\/wp-json\/wp\/v2\/posts"}],"about":[{"href":"https:\/\/www.forum-soegel.de\/information\/wp-json\/wp\/v2\/types\/post"}],"author":[{"embeddable":true,"href":"https:\/\/www.forum-soegel.de\/information\/wp-json\/wp\/v2\/users\/2"}],"replies":[{"embeddable":true,"href":"https:\/\/www.forum-soegel.de\/information\/wp-json\/wp\/v2\/comments?post=29837"}],"version-history":[{"count":1,"href":"https:\/\/www.forum-soegel.de\/information\/wp-json\/wp\/v2\/posts\/29837\/revisions"}],"predecessor-version":[{"id":29840,"href":"https:\/\/www.forum-soegel.de\/information\/wp-json\/wp\/v2\/posts\/29837\/revisions\/29840"}],"wp:attachment":[{"href":"https:\/\/www.forum-soegel.de\/information\/wp-json\/wp\/v2\/media?parent=29837"}],"wp:term":[{"taxonomy":"category","embeddable":true,"href":"https:\/\/www.forum-soegel.de\/information\/wp-json\/wp\/v2\/categories?post=29837"},{"taxonomy":"post_tag","embeddable":true,"href":"https:\/\/www.forum-soegel.de\/information\/wp-json\/wp\/v2\/tags?post=29837"}],"curies":[{"name":"wp","href":"https:\/\/api.w.org\/{rel}","templated":true}]}}