{"id":29835,"date":"2020-11-15T19:34:34","date_gmt":"2020-11-15T18:34:34","guid":{"rendered":"https:\/\/www.forum-soegel.de\/information\/?p=29835"},"modified":"2020-11-15T19:34:35","modified_gmt":"2020-11-15T18:34:35","slug":"elektronik-experten-bei-expert-in-soegel-begruessen-sie-ab-dem-05-november","status":"publish","type":"post","link":"https:\/\/www.forum-soegel.de\/information\/2020\/11\/elektronik-experten-bei-expert-in-soegel-begruessen-sie-ab-dem-05-november\/","title":{"rendered":"Elektronik-Experten bei \u201eexpert\u201c in S\u00f6gel begr\u00fc\u00dfen Sie ab dem 05. November"},"content":{"rendered":"\n<p>S\u00f6gel &#8211; Nach nunmehr fast f\u00fcnf Jahren wird es in S\u00f6gel wieder einen Elektronikfachmarkt geben. Auf einer Fl\u00e4che von ca. 300 qm Verkaufsfl\u00e4che wird hier im neuen Fachmarktzentrum ein Fachgesch\u00e4ft f\u00fcr Elektronik unter dem Namen \u201eexpert\u201c er\u00f6ffnen.<\/p>\n\n\n\n<p>\u201eWir freuen uns in S\u00f6gel trotz reduzierter Fl\u00e4che eine gute Auswahl an Produkten des t\u00e4glichen Bedarfes anzubieten.\u201c so Holger Kohne, Inhaber des gleichnamigen \u201eexpert\u201c Standortes in Werlte.<\/p>\n\n\n\n<p>Damit die Qualit\u00e4t sowie die Preisleistung gewohnt gut sind, wird hier der langj\u00e4hrige Mitarbeiter Waldemar Holzwart mit seinen Kollegen Serge Maurer und Annemarie Pleiter (neu im Unternehmen) die Verantwortung tragen. Durch die Erweiterung des Unternehmens um den Standort S\u00f6gel wurden insgesamt 3 neue Arbeitspl\u00e4tze geschaffen.<\/p>\n\n\n\n<p>Das Warenangebot erstreckt sich von der elektrischen Zahnb\u00fcrste \u00fcber Handys bis zum Toaster. Auch Produkte aus dem Entertainmentbereich werden angeboten wie zum Beispiel die Sony Playstation samt Spielen sowie die Spielekonsolen von Nintendo.<\/p>\n\n\n\n<p>\u201eSollte mal ein Artikel nicht sofort zur Mitnahme bereitstehen, werde dieser durch den t\u00e4glichen Transfer kurzfristig besorgt.\u201c so Waldemar Holzwart. F\u00fcr einen kleinen Aufpreis wird die Ware direkt zum Kunden nach Hause gebracht.<\/p>\n\n\n\n<p>Als langj\u00e4hriger Vertriebspartner der EWE findet man in der S\u00f6geler Filiale ebenso die Themen rund um Energie, Telekommunikation und Mobilfunk. Hier wurde eigens eine extra Ladenfl\u00e4che bereitgestellt, um das gesamte Portfolio darzustellen.<\/p>\n\n\n\n<p>Des Weiteren kann am neuen Standort selbstverst\u00e4ndlich auch der Kundenservice (TV-Reparaturen, Hausgr\u00e4te- Reparaturservice, uvm.) in Anspruch genommen werden. Dieser wird dann zentral aus Werlte durch den Kundendienstleiter Karsten Rupprecht koordiniert.<\/p>\n\n\n\n<p>\u201eWir freuen uns mit unseren Kunden auf eine tolle Neuer\u00f6ffnung am 05.11.2020.\u201c, begr\u00fc\u00dft Kohne bereits heute die Kunden am Standort in S\u00f6gel an der Sigiltrastra\u00dfe.<\/p>\n\n\n\n<p>Text\/Fotos: Bj\u00f6rn Stephan<\/p>\n","protected":false},"excerpt":{"rendered":"S\u00f6gel &#8211; Nach nunmehr fast f\u00fcnf Jahren wird es in S\u00f6gel wieder einen Elektronikfachmarkt geben. Auf einer Fl\u00e4che von ca. 300 qm Verkaufsfl\u00e4che wird hier im neuen Fachmarktzentrum ein Fachgesch\u00e4ft f\u00fcr Elektronik unter dem Namen \u201eexpert\u201c er\u00f6ffnen. \u201eWir freuen uns in S\u00f6gel trotz reduzierter Fl\u00e4che eine gute Auswahl an Produkten des t\u00e4glichen Bedarfes anzubieten.\u201c so [&hellip;]\n","protected":false},"author":2,"featured_media":0,"comment_status":"closed","ping_status":"closed","sticky":false,"template":"","format":"standard","meta":{"ngg_post_thumbnail":0,"footnotes":""},"categories":[4],"tags":[],"class_list":["post-29835","post","type-post","status-publish","format-standard","hentry","category-aus-der-geschaftswelt"],"_links":{"self":[{"href":"https:\/\/www.forum-soegel.de\/information\/wp-json\/wp\/v2\/posts\/29835","targetHints":{"allow":["GET"]}}],"collection":[{"href":"https:\/\/www.forum-soegel.de\/information\/wp-json\/wp\/v2\/posts"}],"about":[{"href":"https:\/\/www.forum-soegel.de\/information\/wp-json\/wp\/v2\/types\/post"}],"author":[{"embeddable":true,"href":"https:\/\/www.forum-soegel.de\/information\/wp-json\/wp\/v2\/users\/2"}],"replies":[{"embeddable":true,"href":"https:\/\/www.forum-soegel.de\/information\/wp-json\/wp\/v2\/comments?post=29835"}],"version-history":[{"count":1,"href":"https:\/\/www.forum-soegel.de\/information\/wp-json\/wp\/v2\/posts\/29835\/revisions"}],"predecessor-version":[{"id":29836,"href":"https:\/\/www.forum-soegel.de\/information\/wp-json\/wp\/v2\/posts\/29835\/revisions\/29836"}],"wp:attachment":[{"href":"https:\/\/www.forum-soegel.de\/information\/wp-json\/wp\/v2\/media?parent=29835"}],"wp:term":[{"taxonomy":"category","embeddable":true,"href":"https:\/\/www.forum-soegel.de\/information\/wp-json\/wp\/v2\/categories?post=29835"},{"taxonomy":"post_tag","embeddable":true,"href":"https:\/\/www.forum-soegel.de\/information\/wp-json\/wp\/v2\/tags?post=29835"}],"curies":[{"name":"wp","href":"https:\/\/api.w.org\/{rel}","templated":true}]}}