{"id":29832,"date":"2020-11-15T19:31:41","date_gmt":"2020-11-15T18:31:41","guid":{"rendered":"https:\/\/www.forum-soegel.de\/information\/?p=29832"},"modified":"2020-11-15T19:31:43","modified_gmt":"2020-11-15T18:31:43","slug":"christian-loegering-wird-neuer-geschaeftsfuehrer-der-soegel-marketing-gmbh","status":"publish","type":"post","link":"https:\/\/www.forum-soegel.de\/information\/2020\/11\/christian-loegering-wird-neuer-geschaeftsfuehrer-der-soegel-marketing-gmbh\/","title":{"rendered":"Christian L\u00f6gering wird neuer Gesch\u00e4ftsf\u00fchrer der S\u00d6GEL MARKETING GmbH"},"content":{"rendered":"\n<p>S\u00f6gel &#8211; Am 01. September 2020 hat Christian L\u00f6gering die Position des Gesch\u00e4ftsf\u00fchrers der S\u00d6GEL MARKETING GmbH \u00fcbernommen und leitet damit gemeinsam mit Gemeindedirektor G\u00fcnter Wigbers das Unternehmen. Der 50-<\/p>\n\n\n\n<p>J\u00e4hrige, der \u00fcber eine Ausbildung als Diplom-Kaufmann (FH) f\u00fcr Tourismuswirtschaft verf\u00fcgt, stellte sich im Rathaus vor. Er verf\u00fcgt \u00fcber 20 Jahre Berufserfahrung in verschiedenen Teilbereichen des Tourismus, u. a. als selbstst\u00e4ndiger Reiseveranstalter f\u00fcr Gruppenreisen und Betriebsausfl\u00fcge sowie als Marketingleiter einer Hotelkooperation mit \u00fcber 60 inhabergef\u00fchrten 3-und 4-Sterne-Hotels bundesweit und als Marketingleiter des Harzer Kur- und Urlaubsortes Bad Grund (Harz).<\/p>\n\n\n\n<p>Nach einer entsprechenden Stellenausschreibung und einem umfassenden Auswahlverfahren wurde Christian L\u00f6gering nun von den Vertretern der Institutionen seines zuk\u00fcnftigen Aufgabenfeldes begr\u00fc\u00dft, darunter Gemeindedirektor G\u00fcnter Wigbers nebst Stellvertreterin Cornelia Willigmann-Kassner, Oliver Fok vom Emslandmuseum Clemenswerth und zugleich als Vertreter des Touristikvereins S\u00f6gel sowie Anja Deeken-Rickermann als Vorsitzende des Wirtschaftsverbandes S\u00f6gel.<\/p>\n\n\n\n<p>Wigbers umriss L\u00f6gerings Aufgabenfeld: \u201eHerr L\u00f6gering bildet die Schnittstelle zwischen der Gemeinde S\u00f6gel und dem Wirtschaftsverband S\u00f6gel. Au\u00dferdem wird er die Kooperation mit den touristischen Anbietern der Region suchen, neue Angebote entwickeln und mit der Gesch\u00e4ftsf\u00fchrung des Naturpark H\u00fcmmlings zusammenarbeiten.&#8220;&nbsp; L\u00f6gering und Museumsleiter Fok sind sich einig, die Zusammenarbeit zwischen der Gemeinde und dem Emslandmuseum Schloss Clemenswerth weiter zu intensivieren. \u201eHier haben wir eine gesunde Basis, die noch ausbauf\u00e4hig ist.&#8220;<\/p>\n\n\n\n<p>Auch Anja Deeken-Rickermann trug ihre Vorstellungen zur k\u00fcnftigen Zusammenarbeit mit der S\u00f6gel Marketing GmbH vor. \u201eWir wollen gemeinsam S\u00f6gel als Marke st\u00e4rken, vorhandene Potentiale nutzen und ausbauen.&#8220;<\/p>\n\n\n\n<p>\u201eIch freue mich sehr auf diese neue Aufgabe und die damit verbundene Herausforderung&#8220;, so Christian L\u00f6gering \u00fcber seine Bestellung.<\/p>\n\n\n\n<p>Gemeindedirektor Wigbers zeigte sich \u00fcberzeugt davon, dass fachlich und menschlich alles sehr gut passt. \u201eMit Christian L\u00f6gering haben wir eine qualifizierte Fachkraft verpflichten k\u00f6nnen, von deren Ideen wir zweifelsohne profitieren werden&#8220;, so Wigbers.<\/p>\n\n\n\n<p>Der neue Gesch\u00e4ftsf\u00fchrer sieht das neue Aufgabenfeld als anspruchsvolle Herausforderung mit viel Entwicklungspotential an. \u201eS\u00f6gel, der H\u00fcmmling und das Emsland sind reizvolle Destinationen. Ich will schwerpunktm\u00e4\u00dfig neue Akzente im regionalen Tourismus setzen und dabei die interkommunale Zusammenarbeit auf dem H\u00fcmmling und mit dem Landkreis Emsland intensivieren.&#8220;&nbsp; Im Bereich Wirtschaftsf\u00f6rderung wolle er dazu beitragen, Kontakte zu ortsans\u00e4ssigen Unternehmen zu pflegen und neue dazu zu gewinnen.<\/p>\n\n\n\n<p>Text\/Foto: Ingrid Cloppenburg<\/p>\n\n\n\n<figure class=\"wp-block-gallery columns-1 is-cropped wp-block-gallery-1 is-layout-flex wp-block-gallery-is-layout-flex\"><ul class=\"blocks-gallery-grid\"><li class=\"blocks-gallery-item\"><figure><a href=\"https:\/\/www.forum-soegel.de\/information\/wp-content\/uploads\/2020\/11\/Christian-Loegering-wird-neuer-Geschaeftsfuehrer-der-SOeGEL-MARKETING-GmbH-1.jpg\"><img loading=\"lazy\" decoding=\"async\" width=\"1024\" height=\"648\" src=\"https:\/\/www.forum-soegel.de\/information\/wp-content\/uploads\/2020\/11\/Christian-Loegering-wird-neuer-Geschaeftsfuehrer-der-SOeGEL-MARKETING-GmbH-1.jpg\" alt=\"\" data-id=\"29833\" data-full-url=\"https:\/\/www.forum-soegel.de\/information\/wp-content\/uploads\/2020\/11\/Christian-Loegering-wird-neuer-Geschaeftsfuehrer-der-SOeGEL-MARKETING-GmbH-1.jpg\" data-link=\"https:\/\/www.forum-soegel.de\/information\/?attachment_id=29833\" class=\"wp-image-29833\" srcset=\"https:\/\/www.forum-soegel.de\/information\/wp-content\/uploads\/2020\/11\/Christian-Loegering-wird-neuer-Geschaeftsfuehrer-der-SOeGEL-MARKETING-GmbH-1.jpg 1024w, https:\/\/www.forum-soegel.de\/information\/wp-content\/uploads\/2020\/11\/Christian-Loegering-wird-neuer-Geschaeftsfuehrer-der-SOeGEL-MARKETING-GmbH-1-300x190.jpg 300w, https:\/\/www.forum-soegel.de\/information\/wp-content\/uploads\/2020\/11\/Christian-Loegering-wird-neuer-Geschaeftsfuehrer-der-SOeGEL-MARKETING-GmbH-1-768x486.jpg 768w\" sizes=\"auto, (max-width: 1024px) 100vw, 1024px\" \/><\/a><\/figure><\/li><\/ul><\/figure>\n","protected":false},"excerpt":{"rendered":"S\u00f6gel &#8211; Am 01. September 2020 hat Christian L\u00f6gering die Position des Gesch\u00e4ftsf\u00fchrers der S\u00d6GEL MARKETING GmbH \u00fcbernommen und leitet damit gemeinsam mit Gemeindedirektor G\u00fcnter Wigbers das Unternehmen. Der 50- J\u00e4hrige, der \u00fcber eine Ausbildung als Diplom-Kaufmann (FH) f\u00fcr Tourismuswirtschaft verf\u00fcgt, stellte sich im Rathaus vor. Er verf\u00fcgt \u00fcber 20 Jahre Berufserfahrung in verschiedenen Teilbereichen [&hellip;]\n","protected":false},"author":2,"featured_media":0,"comment_status":"closed","ping_status":"closed","sticky":false,"template":"","format":"standard","meta":{"ngg_post_thumbnail":0,"footnotes":""},"categories":[4],"tags":[],"class_list":["post-29832","post","type-post","status-publish","format-standard","hentry","category-aus-der-geschaftswelt"],"_links":{"self":[{"href":"https:\/\/www.forum-soegel.de\/information\/wp-json\/wp\/v2\/posts\/29832","targetHints":{"allow":["GET"]}}],"collection":[{"href":"https:\/\/www.forum-soegel.de\/information\/wp-json\/wp\/v2\/posts"}],"about":[{"href":"https:\/\/www.forum-soegel.de\/information\/wp-json\/wp\/v2\/types\/post"}],"author":[{"embeddable":true,"href":"https:\/\/www.forum-soegel.de\/information\/wp-json\/wp\/v2\/users\/2"}],"replies":[{"embeddable":true,"href":"https:\/\/www.forum-soegel.de\/information\/wp-json\/wp\/v2\/comments?post=29832"}],"version-history":[{"count":1,"href":"https:\/\/www.forum-soegel.de\/information\/wp-json\/wp\/v2\/posts\/29832\/revisions"}],"predecessor-version":[{"id":29834,"href":"https:\/\/www.forum-soegel.de\/information\/wp-json\/wp\/v2\/posts\/29832\/revisions\/29834"}],"wp:attachment":[{"href":"https:\/\/www.forum-soegel.de\/information\/wp-json\/wp\/v2\/media?parent=29832"}],"wp:term":[{"taxonomy":"category","embeddable":true,"href":"https:\/\/www.forum-soegel.de\/information\/wp-json\/wp\/v2\/categories?post=29832"},{"taxonomy":"post_tag","embeddable":true,"href":"https:\/\/www.forum-soegel.de\/information\/wp-json\/wp\/v2\/tags?post=29832"}],"curies":[{"name":"wp","href":"https:\/\/api.w.org\/{rel}","templated":true}]}}