{"id":29829,"date":"2020-11-15T19:29:47","date_gmt":"2020-11-15T18:29:47","guid":{"rendered":"https:\/\/www.forum-soegel.de\/information\/?p=29829"},"modified":"2020-11-15T19:29:49","modified_gmt":"2020-11-15T18:29:49","slug":"autohaus-bartels-erhaelt-auszeichnung-beste-kfz-werkstatt-in-soegel-mit-der-note-16-von-auto-bild","status":"publish","type":"post","link":"https:\/\/www.forum-soegel.de\/information\/2020\/11\/autohaus-bartels-erhaelt-auszeichnung-beste-kfz-werkstatt-in-soegel-mit-der-note-16-von-auto-bild\/","title":{"rendered":"Autohaus Bartels erh\u00e4lt Auszeichnung \u201eBeste Kfz-Werkstatt\u201c in S\u00f6gel mit der Note 1,6 von AUTO BILD"},"content":{"rendered":"\n<p>S\u00f6gel &#8211; Bereits zum vierten Mal haben AUTO BILD und das anerkannte Marktforschungsinstitut Statista GmbH in einer unabh\u00e4ngigen und umfassenden Studie Kunden und Branchenkenner zu den besten Werkst\u00e4tten in Deutschland befragt. Auf Basis der Urteile der breiten Kundenbefragung und den Empfehlungen der Werkst\u00e4tten selbst, haben es dabei nur die wirklich besten Kfz-Werkst\u00e4tten in die engere Auswahl geschafft. Darunter war auch das Autohaus Bartels in S\u00f6gel, welches mit einer Gesamtnote von 1,6 ausgezeichnet wurde und zu den besten Werkst\u00e4tten in Deutschland geh\u00f6rt.<\/p>\n\n\n\n<p>\u201eF\u00fcr das gesamte Team ist die Auszeichnung eine gro\u00dfartige Best\u00e4tigung, dass wir stets hervorragende Arbeit leisten\u201c, freut sich Gesch\u00e4ftsf\u00fchrer Carsten Bartels. \u201eUnsere Werkstatt geh\u00f6rt in diesem Jahr zu den Besten des Landes, das macht uns sehr stolz und zeigt, dass unsere Mitarbeiter zu den besten ihres Fachs geh\u00f6ren.\u201c<\/p>\n\n\n\n<p>Text\/Foto: Ines Kramer<\/p>\n\n\n\n<figure class=\"wp-block-gallery columns-1 is-cropped wp-block-gallery-1 is-layout-flex wp-block-gallery-is-layout-flex\"><ul class=\"blocks-gallery-grid\"><li class=\"blocks-gallery-item\"><figure><a href=\"https:\/\/www.forum-soegel.de\/information\/wp-content\/uploads\/2020\/11\/Bartels-AutoBild-Auszeichnung.jpg\"><img loading=\"lazy\" decoding=\"async\" width=\"1024\" height=\"679\" src=\"https:\/\/www.forum-soegel.de\/information\/wp-content\/uploads\/2020\/11\/Bartels-AutoBild-Auszeichnung.jpg\" alt=\"\" data-id=\"29830\" data-full-url=\"https:\/\/www.forum-soegel.de\/information\/wp-content\/uploads\/2020\/11\/Bartels-AutoBild-Auszeichnung.jpg\" data-link=\"https:\/\/www.forum-soegel.de\/information\/?attachment_id=29830\" class=\"wp-image-29830\" srcset=\"https:\/\/www.forum-soegel.de\/information\/wp-content\/uploads\/2020\/11\/Bartels-AutoBild-Auszeichnung.jpg 1024w, https:\/\/www.forum-soegel.de\/information\/wp-content\/uploads\/2020\/11\/Bartels-AutoBild-Auszeichnung-300x199.jpg 300w, https:\/\/www.forum-soegel.de\/information\/wp-content\/uploads\/2020\/11\/Bartels-AutoBild-Auszeichnung-768x509.jpg 768w\" sizes=\"auto, (max-width: 1024px) 100vw, 1024px\" \/><\/a><\/figure><\/li><\/ul><\/figure>\n","protected":false},"excerpt":{"rendered":"S\u00f6gel &#8211; Bereits zum vierten Mal haben AUTO BILD und das anerkannte Marktforschungsinstitut Statista GmbH in einer unabh\u00e4ngigen und umfassenden Studie Kunden und Branchenkenner zu den besten Werkst\u00e4tten in Deutschland befragt. Auf Basis der Urteile der breiten Kundenbefragung und den Empfehlungen der Werkst\u00e4tten selbst, haben es dabei nur die wirklich besten Kfz-Werkst\u00e4tten in die engere [&hellip;]\n","protected":false},"author":2,"featured_media":0,"comment_status":"closed","ping_status":"closed","sticky":false,"template":"","format":"standard","meta":{"ngg_post_thumbnail":0,"footnotes":""},"categories":[4],"tags":[],"class_list":["post-29829","post","type-post","status-publish","format-standard","hentry","category-aus-der-geschaftswelt"],"_links":{"self":[{"href":"https:\/\/www.forum-soegel.de\/information\/wp-json\/wp\/v2\/posts\/29829","targetHints":{"allow":["GET"]}}],"collection":[{"href":"https:\/\/www.forum-soegel.de\/information\/wp-json\/wp\/v2\/posts"}],"about":[{"href":"https:\/\/www.forum-soegel.de\/information\/wp-json\/wp\/v2\/types\/post"}],"author":[{"embeddable":true,"href":"https:\/\/www.forum-soegel.de\/information\/wp-json\/wp\/v2\/users\/2"}],"replies":[{"embeddable":true,"href":"https:\/\/www.forum-soegel.de\/information\/wp-json\/wp\/v2\/comments?post=29829"}],"version-history":[{"count":1,"href":"https:\/\/www.forum-soegel.de\/information\/wp-json\/wp\/v2\/posts\/29829\/revisions"}],"predecessor-version":[{"id":29831,"href":"https:\/\/www.forum-soegel.de\/information\/wp-json\/wp\/v2\/posts\/29829\/revisions\/29831"}],"wp:attachment":[{"href":"https:\/\/www.forum-soegel.de\/information\/wp-json\/wp\/v2\/media?parent=29829"}],"wp:term":[{"taxonomy":"category","embeddable":true,"href":"https:\/\/www.forum-soegel.de\/information\/wp-json\/wp\/v2\/categories?post=29829"},{"taxonomy":"post_tag","embeddable":true,"href":"https:\/\/www.forum-soegel.de\/information\/wp-json\/wp\/v2\/tags?post=29829"}],"curies":[{"name":"wp","href":"https:\/\/api.w.org\/{rel}","templated":true}]}}