{"id":29826,"date":"2020-11-15T19:27:00","date_gmt":"2020-11-15T18:27:00","guid":{"rendered":"https:\/\/www.forum-soegel.de\/information\/?p=29826"},"modified":"2020-11-15T19:27:01","modified_gmt":"2020-11-15T18:27:01","slug":"aus-liebe-zum-auto","status":"publish","type":"post","link":"https:\/\/www.forum-soegel.de\/information\/2020\/11\/aus-liebe-zum-auto\/","title":{"rendered":"Aus Liebe zum Auto"},"content":{"rendered":"\n<p>S\u00f6gel \u2013 Das Autohaus Osters feiert in diesem Jahr gleich vier Jubilare. Zusammen weisen der Werkstattmeister sowie Serviceberater G\u00fcnter Baalmann, der Elektromeister Friedhelm Koldemeyer, der Kia-Spezialist Oleg Ostwald und der Lagerexperte Alexej Rode 95 Jahre geballte Kompetenz und gesch\u00e4tztes Wissen auf, welches sie tagt\u00e4glich mit in den Betrieb einbringen.<\/p>\n\n\n\n<p>Im Zuge der langen und vertrauensvollen Zusammenarbeit haben die Mitarbeiter zur erfolgreichen Entwicklung des Autohauses Osters beigetragen. Diese ist besonders in den letzten Jahren zu versp\u00fcren. Investitionen in die neuste Technik wie der Bremsenpr\u00fcfstand, das Achsmessger\u00e4t, die Tankstelle sowie die k\u00fcrzlich erneuerte Waschanlage garantieren dem Kunden einen optimalen Service. \u201eWir sind stolz auf unsere Mitarbeiter und freuen uns, dass sie Teil vom Osters-Team sind!\u201c, lobt Gesch\u00e4ftsf\u00fchrer Bernhard Osters die Jubilare.<\/p>\n\n\n\n<p>F\u00fcr das Engagement, den Flei\u00df und die Loyalit\u00e4t bedanken sich Bernhard, Elisabeth und Linda Osters bei den langj\u00e4hrigen Mitarbeitern mit einem Pr\u00e4sent und laden zu diesem Anlass die gesamte Belegschaft zu einem Erlebnistag im Fursten Forest mit abschlie\u00dfenden Grillen ein.<\/p>\n\n\n\n<p>Text: SSt<\/p>\n\n\n\n<p>Foto: Linda Osters<\/p>\n\n\n\n<figure class=\"wp-block-gallery columns-1 is-cropped wp-block-gallery-1 is-layout-flex wp-block-gallery-is-layout-flex\"><ul class=\"blocks-gallery-grid\"><li class=\"blocks-gallery-item\"><figure><a href=\"https:\/\/www.forum-soegel.de\/information\/wp-content\/uploads\/2020\/11\/Aus-Liebe-zum-Auto-Osters.jpg\"><img loading=\"lazy\" decoding=\"async\" width=\"1024\" height=\"683\" src=\"https:\/\/www.forum-soegel.de\/information\/wp-content\/uploads\/2020\/11\/Aus-Liebe-zum-Auto-Osters.jpg\" alt=\"\" data-id=\"29827\" data-full-url=\"https:\/\/www.forum-soegel.de\/information\/wp-content\/uploads\/2020\/11\/Aus-Liebe-zum-Auto-Osters.jpg\" data-link=\"https:\/\/www.forum-soegel.de\/information\/?attachment_id=29827\" class=\"wp-image-29827\" srcset=\"https:\/\/www.forum-soegel.de\/information\/wp-content\/uploads\/2020\/11\/Aus-Liebe-zum-Auto-Osters.jpg 1024w, https:\/\/www.forum-soegel.de\/information\/wp-content\/uploads\/2020\/11\/Aus-Liebe-zum-Auto-Osters-300x200.jpg 300w, https:\/\/www.forum-soegel.de\/information\/wp-content\/uploads\/2020\/11\/Aus-Liebe-zum-Auto-Osters-768x512.jpg 768w\" sizes=\"auto, (max-width: 1024px) 100vw, 1024px\" \/><\/a><\/figure><\/li><\/ul><\/figure>\n","protected":false},"excerpt":{"rendered":"S\u00f6gel \u2013 Das Autohaus Osters feiert in diesem Jahr gleich vier Jubilare. Zusammen weisen der Werkstattmeister sowie Serviceberater G\u00fcnter Baalmann, der Elektromeister Friedhelm Koldemeyer, der Kia-Spezialist Oleg Ostwald und der Lagerexperte Alexej Rode 95 Jahre geballte Kompetenz und gesch\u00e4tztes Wissen auf, welches sie tagt\u00e4glich mit in den Betrieb einbringen. Im Zuge der langen und vertrauensvollen [&hellip;]\n","protected":false},"author":2,"featured_media":0,"comment_status":"closed","ping_status":"closed","sticky":false,"template":"","format":"standard","meta":{"ngg_post_thumbnail":0,"footnotes":""},"categories":[4],"tags":[],"class_list":["post-29826","post","type-post","status-publish","format-standard","hentry","category-aus-der-geschaftswelt"],"_links":{"self":[{"href":"https:\/\/www.forum-soegel.de\/information\/wp-json\/wp\/v2\/posts\/29826","targetHints":{"allow":["GET"]}}],"collection":[{"href":"https:\/\/www.forum-soegel.de\/information\/wp-json\/wp\/v2\/posts"}],"about":[{"href":"https:\/\/www.forum-soegel.de\/information\/wp-json\/wp\/v2\/types\/post"}],"author":[{"embeddable":true,"href":"https:\/\/www.forum-soegel.de\/information\/wp-json\/wp\/v2\/users\/2"}],"replies":[{"embeddable":true,"href":"https:\/\/www.forum-soegel.de\/information\/wp-json\/wp\/v2\/comments?post=29826"}],"version-history":[{"count":1,"href":"https:\/\/www.forum-soegel.de\/information\/wp-json\/wp\/v2\/posts\/29826\/revisions"}],"predecessor-version":[{"id":29828,"href":"https:\/\/www.forum-soegel.de\/information\/wp-json\/wp\/v2\/posts\/29826\/revisions\/29828"}],"wp:attachment":[{"href":"https:\/\/www.forum-soegel.de\/information\/wp-json\/wp\/v2\/media?parent=29826"}],"wp:term":[{"taxonomy":"category","embeddable":true,"href":"https:\/\/www.forum-soegel.de\/information\/wp-json\/wp\/v2\/categories?post=29826"},{"taxonomy":"post_tag","embeddable":true,"href":"https:\/\/www.forum-soegel.de\/information\/wp-json\/wp\/v2\/tags?post=29826"}],"curies":[{"name":"wp","href":"https:\/\/api.w.org\/{rel}","templated":true}]}}