{"id":29819,"date":"2020-11-12T19:31:15","date_gmt":"2020-11-12T18:31:15","guid":{"rendered":"https:\/\/www.forum-soegel.de\/information\/?p=29819"},"modified":"2020-11-12T19:33:49","modified_gmt":"2020-11-12T18:33:49","slug":"was-ist-mir-heilig","status":"publish","type":"post","link":"https:\/\/www.forum-soegel.de\/information\/2020\/11\/was-ist-mir-heilig\/","title":{"rendered":"\u201eWas ist mir heilig?\u201c"},"content":{"rendered":"\n<p><em><strong>Kunstprojekt als \u201eWolke\u201c in der Markus-Kirche<\/strong><\/em><\/p>\n\n\n\n<p>S\u00f6gel &#8211; Eine Vernissage ganz besonderer Art fand in der S\u00f6geler Markus-Kirche statt. \u201eWas ist mir heilig?\u201c &#8211; Mit dieser Fragestellung hatten sich 40 j\u00fcngere und \u00e4ltere K\u00fcnstler im Rahmen eines Projektes des Emslandmuseums Schloss Clemenswerth in Kooperation mit der evangelisch-lutherischen Markusgemeinde und der katholischen Kirchengemeinde St. Jakobus auseinandergesetzt.<\/p>\n\n\n\n<p>Unter Federf\u00fchrung der Buxtehuder K\u00fcnstlerin Barbara Lorenz-H\u00f6fer entstanden 60 vielf\u00e4ltige kleine Kunstwerke, die an der Decke der evangelisch-lutherischen Markus-Kirche zu einem Raumk\u00f6rper in Form einer Wolke zusammengestellt wurden. Die Ausstellung wird hier noch etwa vier Wochen zu sehen sein und wechselt dann zum katholischen Pfarrheim. F\u00fcr den passenden musikalischen Rahmen der Vernissage sorgten Lisa Voss und Volkhard Binner mit Gitarre und Gesang.<\/p>\n\n\n\n<p>Pastor Matthias Voss zeigte sich bei der Ausstellungser\u00f6ffnung sehr erfreut, dass das gemeinsame Projekt dank des Engagements der K\u00fcnstlerin und der Museumsleitung sehr erfolgreich verlaufen sei. \u201eAngesichts der Ausstrahlung der kunstvollen Wolke wird es mir schwer fallen, die Aufmerksamkeit der Gottesdienstbesucher bei der Predigt auf mich zu ziehen\u201c, meinte der Geistliche scherzhaft. Dankbar sei er auch f\u00fcr die Unterst\u00fctzung durch das Diakonische Werk.<\/p>\n\n\n\n<p>Barbara Lorenz-H\u00f6fer erkl\u00e4rte, dass es ein wichtiges Ziel des Kunstprojektes gewesen sei, Menschen verschiedener Konfessionen, unterschiedlichen Alters und Herkunft zusammenzuf\u00fchren, um gemeinsam zu erarbeiten, was ihnen wichtig ist im Leben. Jeder h\u00e4tte auf seine Weise Gedanken und Erlebnisse in einem individuellen Kunstwerk verarbeitet. Dabei sei es immer wieder zu interessanten Dialogen gekommen, wodurch sich die Beteiligten gedanklich n\u00e4her gekommen seien. Interessant und bereichernd sei auch die Beteiligung der afghanischen Fl\u00fcchtlingsfamilien Al Darwisch und Jalali gewesen. In ihren Werken kamen schlimme Erlebnisse zum Ausdruck, aber auch ihre guten Erfahren in der neuen Heimat.<\/p>\n\n\n\n<p>Haupts\u00e4chlich im Freien auf dem Schlossgel\u00e4nde wurde an dem Projekt gearbeitet. W\u00e4hrend die Teilnehmer ihre Bilder und Zeichnungen zum Beispiel auf mehrschichtigem breiten Drachenpapier oder Pergamin mit Filzstiften, Buntstiften, Goldauflage oder Acrylfarben erstellten, bearbeitete Lorenz-H\u00f6fer die B\u00f6gen weiter mit M\u00f6bius-Band und formte sie durch \u201eDrehungen\u201c zu einer Art \u201eDauerschleife\u201c (\u201eWie ein Dauergebet\u201c) um sie anschlie\u00dfend zu einer gro\u00dfen farbenpr\u00e4chtigen Wolke zusammenzuf\u00fcgen. Sie sei erstaunt gewesen, dass auch Kinder mehr als drei Stunden v\u00f6llig vertieft in ihrer Arbeit gewesen seien und&nbsp; ununterbrochen gearbeitet h\u00e4tten. Mit dem k\u00fcnstlerischen Gesamtergebnis sei sie sehr zufrieden.<\/p>\n\n\n\n<p>\u201eMuseen sind nicht nur f\u00fcr Historisches zust\u00e4ndig, sie sind auch Bildungseinrichtungen\u201c, sagte Museumsdirektor Oliver Fok. Kunst sei nicht nur \u201eGestalten\u201c, sie k\u00f6nne das Leben erfreulich bereichern. Wenn Menschen das, was ihnen heilig sei, durch derartige Projekte zum Ausdruck bringen k\u00f6nnten, habe die Kunst gewonnen. Das \u201egro\u00dfartige \u00fcberkonfessionelle Projekt\u201c sei aus Sicht des Diakonischen Werkes Emsland-Bentheim sehr wertvoll und Unterst\u00fctzens wert, sagte deren Gesch\u00e4ftsf\u00fchrerin Dorothea W\u00e4hrisch-Purz. Ihre Mitarbeiterin Abibatu Kamara hatte daran mitgewirkt. Die Katholische Kirchengemeinde hat Mitte Oktober ein weiteres Projekt gestartet.<\/p>\n\n\n\n<p>Text\/Fotos: LB<\/p>\n\n\n\n<figure class=\"wp-block-gallery columns-1 is-cropped wp-block-gallery-1 is-layout-flex wp-block-gallery-is-layout-flex\"><ul class=\"blocks-gallery-grid\"><li class=\"blocks-gallery-item\"><figure><a href=\"https:\/\/www.forum-soegel.de\/information\/wp-content\/uploads\/2020\/11\/Was-ist-mir-heilig-2.jpg\"><img loading=\"lazy\" decoding=\"async\" width=\"1024\" height=\"684\" src=\"https:\/\/www.forum-soegel.de\/information\/wp-content\/uploads\/2020\/11\/Was-ist-mir-heilig-2.jpg\" alt=\"\" data-id=\"29820\" data-full-url=\"https:\/\/www.forum-soegel.de\/information\/wp-content\/uploads\/2020\/11\/Was-ist-mir-heilig-2.jpg\" data-link=\"https:\/\/www.forum-soegel.de\/information\/?attachment_id=29820\" class=\"wp-image-29820\" srcset=\"https:\/\/www.forum-soegel.de\/information\/wp-content\/uploads\/2020\/11\/Was-ist-mir-heilig-2.jpg 1024w, https:\/\/www.forum-soegel.de\/information\/wp-content\/uploads\/2020\/11\/Was-ist-mir-heilig-2-300x200.jpg 300w, https:\/\/www.forum-soegel.de\/information\/wp-content\/uploads\/2020\/11\/Was-ist-mir-heilig-2-768x513.jpg 768w\" sizes=\"auto, (max-width: 1024px) 100vw, 1024px\" \/><\/a><\/figure><\/li><\/ul><figcaption class=\"blocks-gallery-caption\">Sie zeigten sich erfreut \u00fcber das gelungen Kunstprojekt, das in Kooperation des Emslandmuseum Schloss Clemenswerth und den beiden S\u00f6geler Kirchen entstanden ist. Unser Foto zeigt von links vor der Markuskirche: Oliver Fok, Dorothea W\u00e4hrisch-Purz, Ramona Krons, Barbara Lorenz-H\u00f6fer, Roswitha H\u00f6lscher und Matthias Voss<\/figcaption><\/figure>\n","protected":false},"excerpt":{"rendered":"Kunstprojekt als \u201eWolke\u201c in der Markus-Kirche S\u00f6gel &#8211; Eine Vernissage ganz besonderer Art fand in der S\u00f6geler Markus-Kirche statt. \u201eWas ist mir heilig?\u201c &#8211; Mit dieser Fragestellung hatten sich 40 j\u00fcngere und \u00e4ltere K\u00fcnstler im Rahmen eines Projektes des Emslandmuseums Schloss Clemenswerth in Kooperation mit der evangelisch-lutherischen Markusgemeinde und der katholischen Kirchengemeinde St. Jakobus auseinandergesetzt. [&hellip;]\n","protected":false},"author":2,"featured_media":0,"comment_status":"closed","ping_status":"closed","sticky":false,"template":"","format":"standard","meta":{"ngg_post_thumbnail":0,"footnotes":""},"categories":[868],"tags":[],"class_list":["post-29819","post","type-post","status-publish","format-standard","hentry","category-zwischen-himmel-und-erde"],"_links":{"self":[{"href":"https:\/\/www.forum-soegel.de\/information\/wp-json\/wp\/v2\/posts\/29819","targetHints":{"allow":["GET"]}}],"collection":[{"href":"https:\/\/www.forum-soegel.de\/information\/wp-json\/wp\/v2\/posts"}],"about":[{"href":"https:\/\/www.forum-soegel.de\/information\/wp-json\/wp\/v2\/types\/post"}],"author":[{"embeddable":true,"href":"https:\/\/www.forum-soegel.de\/information\/wp-json\/wp\/v2\/users\/2"}],"replies":[{"embeddable":true,"href":"https:\/\/www.forum-soegel.de\/information\/wp-json\/wp\/v2\/comments?post=29819"}],"version-history":[{"count":2,"href":"https:\/\/www.forum-soegel.de\/information\/wp-json\/wp\/v2\/posts\/29819\/revisions"}],"predecessor-version":[{"id":29822,"href":"https:\/\/www.forum-soegel.de\/information\/wp-json\/wp\/v2\/posts\/29819\/revisions\/29822"}],"wp:attachment":[{"href":"https:\/\/www.forum-soegel.de\/information\/wp-json\/wp\/v2\/media?parent=29819"}],"wp:term":[{"taxonomy":"category","embeddable":true,"href":"https:\/\/www.forum-soegel.de\/information\/wp-json\/wp\/v2\/categories?post=29819"},{"taxonomy":"post_tag","embeddable":true,"href":"https:\/\/www.forum-soegel.de\/information\/wp-json\/wp\/v2\/tags?post=29819"}],"curies":[{"name":"wp","href":"https:\/\/api.w.org\/{rel}","templated":true}]}}