{"id":29816,"date":"2020-11-12T19:28:50","date_gmt":"2020-11-12T18:28:50","guid":{"rendered":"https:\/\/www.forum-soegel.de\/information\/?p=29816"},"modified":"2020-11-12T19:28:51","modified_gmt":"2020-11-12T18:28:51","slug":"soegeler-kfd-frauen-mit-fruehstuecksschifffahrt-zum-markttag-nach-groningen","status":"publish","type":"post","link":"https:\/\/www.forum-soegel.de\/information\/2020\/11\/soegeler-kfd-frauen-mit-fruehstuecksschifffahrt-zum-markttag-nach-groningen\/","title":{"rendered":"S\u00f6geler kfd-Frauen mit Fr\u00fchst\u00fccksschifffahrt zum Markttag nach Groningen"},"content":{"rendered":"\n<p>S\u00f6gel &#8211; Bis zum Schluss hatte das Leitungsteam der S\u00f6geler Frauengemeinschaft um Renate Herm\u00fchlen, Petra Wind, Marion Graf, Maria B\u00fcter und Gertrud Janssen die Corona-Entwicklung abgewartet, bevor sie gr\u00fcnes Licht f\u00fcr die geplante Fahrt nach Groningen geben konnten. Am 12. September starteten dann 27 Frauen um 8.00 Uhr morgens mit dem Bus vom Jakobus-Platz in S\u00f6gel und fuhren unter strenger Einhaltung der Corona-Schutzverordnungen zum Hafen nach Leer. Dort wartete das Ems-Traumschiff \u201eWarsteiner Admiral\u201c mit einem reichhaltigen Bordfr\u00fchst\u00fcck, leckeren Drinks und musikalischer Unterhaltung auf die Frauen. Nach einer Fahrtzeit von ca. drei Stunden \u00fcber die Leda, die Ems und dem Dollart sowie durch das Emssperrwerk bei Ditzum&nbsp; kamen sie schlie\u00dflich im niederl\u00e4ndischen Hafen Delfzijl an. Von dort aus ging es mit einer 30min\u00fctigen Busfahrt direkt weiter in die Innenstadt von Groningen, wo die Frauen sich in kleinen Gr\u00fcppchen zusammentaten und die f\u00fcr sie ausreichend vorhandene Zeit nutzten, um die sch\u00f6ne Stadt zu erkunden und den bunten Wochenmarkt zu besuchen. Begeistert von den tollen Eindr\u00fccken traten sie gegen 17.00 Uhr die Heimreise an. \u201eTrotz der Corona-Einschr\u00e4nkungen war es ein sch\u00f6ner und unvergesslicher Tag, der einem mal wieder richtig gutgetan hat\u201c, war die allgemeine Stimmung der Frauen, die sich beim Leitungsteam f\u00fcr die gute und umsichtige Organisation bedankten.<\/p>\n\n\n\n<p>Text\/Foto: Gertrud Janssen<\/p>\n\n\n\n<figure class=\"wp-block-gallery columns-1 is-cropped wp-block-gallery-1 is-layout-flex wp-block-gallery-is-layout-flex\"><ul class=\"blocks-gallery-grid\"><li class=\"blocks-gallery-item\"><figure><a href=\"https:\/\/www.forum-soegel.de\/information\/wp-content\/uploads\/2020\/11\/Soegeler-kfd-Frauen-mit-Fruehstuecksschifffahrt-zum-Markttag-nach-Groningen-1.jpg\"><img loading=\"lazy\" decoding=\"async\" width=\"1024\" height=\"553\" src=\"https:\/\/www.forum-soegel.de\/information\/wp-content\/uploads\/2020\/11\/Soegeler-kfd-Frauen-mit-Fruehstuecksschifffahrt-zum-Markttag-nach-Groningen-1.jpg\" alt=\"\" data-id=\"29817\" data-full-url=\"https:\/\/www.forum-soegel.de\/information\/wp-content\/uploads\/2020\/11\/Soegeler-kfd-Frauen-mit-Fruehstuecksschifffahrt-zum-Markttag-nach-Groningen-1.jpg\" data-link=\"https:\/\/www.forum-soegel.de\/information\/?attachment_id=29817\" class=\"wp-image-29817\" srcset=\"https:\/\/www.forum-soegel.de\/information\/wp-content\/uploads\/2020\/11\/Soegeler-kfd-Frauen-mit-Fruehstuecksschifffahrt-zum-Markttag-nach-Groningen-1.jpg 1024w, https:\/\/www.forum-soegel.de\/information\/wp-content\/uploads\/2020\/11\/Soegeler-kfd-Frauen-mit-Fruehstuecksschifffahrt-zum-Markttag-nach-Groningen-1-300x162.jpg 300w, https:\/\/www.forum-soegel.de\/information\/wp-content\/uploads\/2020\/11\/Soegeler-kfd-Frauen-mit-Fruehstuecksschifffahrt-zum-Markttag-nach-Groningen-1-768x415.jpg 768w\" sizes=\"auto, (max-width: 1024px) 100vw, 1024px\" \/><\/a><\/figure><\/li><\/ul><\/figure>\n","protected":false},"excerpt":{"rendered":"S\u00f6gel &#8211; Bis zum Schluss hatte das Leitungsteam der S\u00f6geler Frauengemeinschaft um Renate Herm\u00fchlen, Petra Wind, Marion Graf, Maria B\u00fcter und Gertrud Janssen die Corona-Entwicklung abgewartet, bevor sie gr\u00fcnes Licht f\u00fcr die geplante Fahrt nach Groningen geben konnten. Am 12. September starteten dann 27 Frauen um 8.00 Uhr morgens mit dem Bus vom Jakobus-Platz in [&hellip;]\n","protected":false},"author":2,"featured_media":0,"comment_status":"closed","ping_status":"closed","sticky":false,"template":"","format":"standard","meta":{"ngg_post_thumbnail":0,"footnotes":""},"categories":[868],"tags":[],"class_list":["post-29816","post","type-post","status-publish","format-standard","hentry","category-zwischen-himmel-und-erde"],"_links":{"self":[{"href":"https:\/\/www.forum-soegel.de\/information\/wp-json\/wp\/v2\/posts\/29816","targetHints":{"allow":["GET"]}}],"collection":[{"href":"https:\/\/www.forum-soegel.de\/information\/wp-json\/wp\/v2\/posts"}],"about":[{"href":"https:\/\/www.forum-soegel.de\/information\/wp-json\/wp\/v2\/types\/post"}],"author":[{"embeddable":true,"href":"https:\/\/www.forum-soegel.de\/information\/wp-json\/wp\/v2\/users\/2"}],"replies":[{"embeddable":true,"href":"https:\/\/www.forum-soegel.de\/information\/wp-json\/wp\/v2\/comments?post=29816"}],"version-history":[{"count":1,"href":"https:\/\/www.forum-soegel.de\/information\/wp-json\/wp\/v2\/posts\/29816\/revisions"}],"predecessor-version":[{"id":29818,"href":"https:\/\/www.forum-soegel.de\/information\/wp-json\/wp\/v2\/posts\/29816\/revisions\/29818"}],"wp:attachment":[{"href":"https:\/\/www.forum-soegel.de\/information\/wp-json\/wp\/v2\/media?parent=29816"}],"wp:term":[{"taxonomy":"category","embeddable":true,"href":"https:\/\/www.forum-soegel.de\/information\/wp-json\/wp\/v2\/categories?post=29816"},{"taxonomy":"post_tag","embeddable":true,"href":"https:\/\/www.forum-soegel.de\/information\/wp-json\/wp\/v2\/tags?post=29816"}],"curies":[{"name":"wp","href":"https:\/\/api.w.org\/{rel}","templated":true}]}}