{"id":29813,"date":"2020-11-12T19:27:28","date_gmt":"2020-11-12T18:27:28","guid":{"rendered":"https:\/\/www.forum-soegel.de\/information\/?p=29813"},"modified":"2020-11-12T19:27:28","modified_gmt":"2020-11-12T18:27:28","slug":"sechs-auszubildende-finden-im-familienzentrum-st-jakobus-ihren-lernort-fuer-die-praxis","status":"publish","type":"post","link":"https:\/\/www.forum-soegel.de\/information\/2020\/11\/sechs-auszubildende-finden-im-familienzentrum-st-jakobus-ihren-lernort-fuer-die-praxis\/","title":{"rendered":"Sechs Auszubildende finden im Familienzentrum St. Jakobus ihren Lernort f\u00fcr die Praxis"},"content":{"rendered":"\n<p>S\u00f6gel &#8211; Niculina Catrinoi, Hanna Grave, Hanna Ficker, Leonie Koldemeyer, Jana Landwehr und Leon Kleimann absolvieren ihre Ausbildung in der kath. Kindertagesst\u00e4tte St. Jakobus<\/p>\n\n\n\n<p>Lernort \u201ePraxis\u201c bedeutet, die erlernte Theorie von den berufsbildenden Schulen in die Praxis zu integrieren. Ziel ist es, dass Auszubildende die F\u00e4higkeit entwickeln, eigene Handlungsans\u00e4tze zu entfalten, umzusetzen und anschlie\u00dfend fachlich zu reflektieren. Somit stehen Beobachtung, Reflexion und Beurteilung p\u00e4dagogischen Handelns der Auszubildenden im Vordergrund. Die Wirksamkeit des eigenen Handelns zu erleben im Hinblick auf die Entwicklung von Kindern, aber auch bezogen auf die eigene Pers\u00f6nlichkeit und Professionalit\u00e4t ist eine sehr bedeutsame Erfahrung.<\/p>\n\n\n\n<p>Des Weiteren werden Praxismentoren vom Team des Familienzentrums jedem einzelnen Auszubildenden zur Seite gestellt. Neben der individuellen Begleitung wird ein ausgearbeitetes Konzept der KiTa, der sogenannte Praxisguide, entwickelt von Anja Wichmann, Laura Cloppenburg, Carola Klene, Julia Schwering und Luisa Jauer, den angehenden Sozialassistenten zur Verf\u00fcgung gestellt. Das Team und die Leitung hei\u00dfen alle herzlich willkommen, w\u00fcnschen eine gute gemeinsame Zeit und einen erfolgreichen Abschluss an den Berufsbildenden Schulen.<\/p>\n\n\n\n<p>Text: Irmgard Welling<\/p>\n\n\n\n<p>Foto: Familienzentrum<\/p>\n\n\n\n<figure class=\"wp-block-gallery columns-1 is-cropped wp-block-gallery-1 is-layout-flex wp-block-gallery-is-layout-flex\"><ul class=\"blocks-gallery-grid\"><li class=\"blocks-gallery-item\"><figure><a href=\"https:\/\/www.forum-soegel.de\/information\/wp-content\/uploads\/2020\/11\/Sechs-Auszubildende-finden-im-Familienzentrum-St.-Jakobus-ihren-Lernort-fuer-die-Praxis-1.jpg\"><img loading=\"lazy\" decoding=\"async\" width=\"1024\" height=\"392\" src=\"https:\/\/www.forum-soegel.de\/information\/wp-content\/uploads\/2020\/11\/Sechs-Auszubildende-finden-im-Familienzentrum-St.-Jakobus-ihren-Lernort-fuer-die-Praxis-1.jpg\" alt=\"\" data-id=\"29814\" data-full-url=\"https:\/\/www.forum-soegel.de\/information\/wp-content\/uploads\/2020\/11\/Sechs-Auszubildende-finden-im-Familienzentrum-St.-Jakobus-ihren-Lernort-fuer-die-Praxis-1.jpg\" data-link=\"https:\/\/www.forum-soegel.de\/information\/?attachment_id=29814\" class=\"wp-image-29814\" srcset=\"https:\/\/www.forum-soegel.de\/information\/wp-content\/uploads\/2020\/11\/Sechs-Auszubildende-finden-im-Familienzentrum-St.-Jakobus-ihren-Lernort-fuer-die-Praxis-1.jpg 1024w, https:\/\/www.forum-soegel.de\/information\/wp-content\/uploads\/2020\/11\/Sechs-Auszubildende-finden-im-Familienzentrum-St.-Jakobus-ihren-Lernort-fuer-die-Praxis-1-300x115.jpg 300w, https:\/\/www.forum-soegel.de\/information\/wp-content\/uploads\/2020\/11\/Sechs-Auszubildende-finden-im-Familienzentrum-St.-Jakobus-ihren-Lernort-fuer-die-Praxis-1-768x294.jpg 768w\" sizes=\"auto, (max-width: 1024px) 100vw, 1024px\" \/><\/a><\/figure><\/li><\/ul><\/figure>\n","protected":false},"excerpt":{"rendered":"S\u00f6gel &#8211; Niculina Catrinoi, Hanna Grave, Hanna Ficker, Leonie Koldemeyer, Jana Landwehr und Leon Kleimann absolvieren ihre Ausbildung in der kath. Kindertagesst\u00e4tte St. Jakobus Lernort \u201ePraxis\u201c bedeutet, die erlernte Theorie von den berufsbildenden Schulen in die Praxis zu integrieren. Ziel ist es, dass Auszubildende die F\u00e4higkeit entwickeln, eigene Handlungsans\u00e4tze zu entfalten, umzusetzen und anschlie\u00dfend fachlich [&hellip;]\n","protected":false},"author":2,"featured_media":0,"comment_status":"closed","ping_status":"closed","sticky":false,"template":"","format":"standard","meta":{"ngg_post_thumbnail":0,"footnotes":""},"categories":[868],"tags":[],"class_list":["post-29813","post","type-post","status-publish","format-standard","hentry","category-zwischen-himmel-und-erde"],"_links":{"self":[{"href":"https:\/\/www.forum-soegel.de\/information\/wp-json\/wp\/v2\/posts\/29813","targetHints":{"allow":["GET"]}}],"collection":[{"href":"https:\/\/www.forum-soegel.de\/information\/wp-json\/wp\/v2\/posts"}],"about":[{"href":"https:\/\/www.forum-soegel.de\/information\/wp-json\/wp\/v2\/types\/post"}],"author":[{"embeddable":true,"href":"https:\/\/www.forum-soegel.de\/information\/wp-json\/wp\/v2\/users\/2"}],"replies":[{"embeddable":true,"href":"https:\/\/www.forum-soegel.de\/information\/wp-json\/wp\/v2\/comments?post=29813"}],"version-history":[{"count":1,"href":"https:\/\/www.forum-soegel.de\/information\/wp-json\/wp\/v2\/posts\/29813\/revisions"}],"predecessor-version":[{"id":29815,"href":"https:\/\/www.forum-soegel.de\/information\/wp-json\/wp\/v2\/posts\/29813\/revisions\/29815"}],"wp:attachment":[{"href":"https:\/\/www.forum-soegel.de\/information\/wp-json\/wp\/v2\/media?parent=29813"}],"wp:term":[{"taxonomy":"category","embeddable":true,"href":"https:\/\/www.forum-soegel.de\/information\/wp-json\/wp\/v2\/categories?post=29813"},{"taxonomy":"post_tag","embeddable":true,"href":"https:\/\/www.forum-soegel.de\/information\/wp-json\/wp\/v2\/tags?post=29813"}],"curies":[{"name":"wp","href":"https:\/\/api.w.org\/{rel}","templated":true}]}}