{"id":29808,"date":"2020-11-01T19:24:00","date_gmt":"2020-11-01T18:24:00","guid":{"rendered":"https:\/\/www.forum-soegel.de\/information\/?p=29808"},"modified":"2020-11-12T19:25:13","modified_gmt":"2020-11-12T18:25:13","slug":"anmeldetage-fuer-alle-kindertagesstaetten-in-der-gemeinde-soegel","status":"publish","type":"post","link":"https:\/\/www.forum-soegel.de\/information\/2020\/11\/anmeldetage-fuer-alle-kindertagesstaetten-in-der-gemeinde-soegel\/","title":{"rendered":"Anmeldetage f\u00fcr alle Kindertagesst\u00e4tten in der Gemeinde S\u00f6gel"},"content":{"rendered":"\n<p>S\u00f6gel &#8211; Am Dienstag, den 24.November 2020 und am Mittwoch, den 25. November 2020 k\u00f6nnen Eltern ihre Kinder im Rathaus der Gemeinde S\u00f6gel jeweils in der Zeit von 8.00 Uhr bis 12.00 Uhr und in der Zeit von 14.00 Uhr bis 17.00 Uhr anmelden. Das Betreuungsangebot in der Gemeinde S\u00f6gel ist vielseitig. Es umfasst sowohl Krippenangebote und Tagesm\u00fcttervermittlungen f\u00fcr die 1 bis 3-j\u00e4hrigen Kinder als auch Angebote im Kitabereich f\u00fcr die 3 bis 6-j\u00e4hrigen Kinder, mit oder ohne F\u00f6rderbedarf. Es werden KiTa-Pl\u00e4tze sowohl f\u00fcr den Vormittag als auch f\u00fcr den ganzen Tag angeboten. Bei R\u00fcckfragen melden Sie sich unter der Telefonnummer 0152\/28222233 oder unter Grote@kiga-jakobus.de<\/p>\n\n\n\n<p>Text: Irmgard Welling<\/p>\n","protected":false},"excerpt":{"rendered":"S\u00f6gel &#8211; Am Dienstag, den 24.November 2020 und am Mittwoch, den 25. November 2020 k\u00f6nnen Eltern ihre Kinder im Rathaus der Gemeinde S\u00f6gel jeweils in der Zeit von 8.00 Uhr bis 12.00 Uhr und in der Zeit von 14.00 Uhr bis 17.00 Uhr anmelden. Das Betreuungsangebot in der Gemeinde S\u00f6gel ist vielseitig. Es umfasst sowohl [&hellip;]\n","protected":false},"author":2,"featured_media":0,"comment_status":"closed","ping_status":"closed","sticky":false,"template":"","format":"standard","meta":{"ngg_post_thumbnail":0,"footnotes":""},"categories":[868],"tags":[],"class_list":["post-29808","post","type-post","status-publish","format-standard","hentry","category-zwischen-himmel-und-erde"],"_links":{"self":[{"href":"https:\/\/www.forum-soegel.de\/information\/wp-json\/wp\/v2\/posts\/29808","targetHints":{"allow":["GET"]}}],"collection":[{"href":"https:\/\/www.forum-soegel.de\/information\/wp-json\/wp\/v2\/posts"}],"about":[{"href":"https:\/\/www.forum-soegel.de\/information\/wp-json\/wp\/v2\/types\/post"}],"author":[{"embeddable":true,"href":"https:\/\/www.forum-soegel.de\/information\/wp-json\/wp\/v2\/users\/2"}],"replies":[{"embeddable":true,"href":"https:\/\/www.forum-soegel.de\/information\/wp-json\/wp\/v2\/comments?post=29808"}],"version-history":[{"count":1,"href":"https:\/\/www.forum-soegel.de\/information\/wp-json\/wp\/v2\/posts\/29808\/revisions"}],"predecessor-version":[{"id":29809,"href":"https:\/\/www.forum-soegel.de\/information\/wp-json\/wp\/v2\/posts\/29808\/revisions\/29809"}],"wp:attachment":[{"href":"https:\/\/www.forum-soegel.de\/information\/wp-json\/wp\/v2\/media?parent=29808"}],"wp:term":[{"taxonomy":"category","embeddable":true,"href":"https:\/\/www.forum-soegel.de\/information\/wp-json\/wp\/v2\/categories?post=29808"},{"taxonomy":"post_tag","embeddable":true,"href":"https:\/\/www.forum-soegel.de\/information\/wp-json\/wp\/v2\/tags?post=29808"}],"curies":[{"name":"wp","href":"https:\/\/api.w.org\/{rel}","templated":true}]}}