{"id":29805,"date":"2020-11-12T19:23:58","date_gmt":"2020-11-12T18:23:58","guid":{"rendered":"https:\/\/www.forum-soegel.de\/information\/?p=29805"},"modified":"2020-11-12T19:23:59","modified_gmt":"2020-11-12T18:23:59","slug":"zufahrt-zum-industriegebiet-puettkesberge-wird-neu-geregelt","status":"publish","type":"post","link":"https:\/\/www.forum-soegel.de\/information\/2020\/11\/zufahrt-zum-industriegebiet-puettkesberge-wird-neu-geregelt\/","title":{"rendered":"Zufahrt zum Industriegebiet &#8222;P\u00fcttkesberge&#8220; wird neu geregelt"},"content":{"rendered":"\n<p>S\u00f6gel &#8211; Mit der Fertigstellung einer neuen Erschlie\u00dfungsstra\u00dfe im Industriegebiet \u201eP\u00fcttkesberge\u201c werden die dortigen Unternehmen \u00fcber den mittlerweile ebenfalls fertiggestellten Knotenpunkt im Zuge der Landestra\u00dfe 54 in Richtung Meppen verkehrlich neu erschlossen. Die bisherige Anbindung am Knotenpunkt Industriestra\u00dfe\/Ber\u00dfener Stra\u00dfe L 54 bleibt bestehen, k\u00fcnftig ist aber aus dem Industriegebiet kommend nur noch ein \u201eRechtsabbiegen\u201c in Richtung Ortskern m\u00f6glich. Von Meppen kommend bleibt die alte Einfahrt in das Industriegebiet m\u00f6glich. Ab kommenden Montag (12.10.) bis voraussichtlich 14.11.2020 ist w\u00e4hrend der Umbauarbeiten der Knotenpunkt Industriestra\u00dfe\/Ber\u00dfener Stra\u00dfe als Zu- und Abfahrt zur Industriestra\u00dfe gesperrt; der Verkehr wird entsprechend umgeleitet.<\/p>\n\n\n\n<p>Die Gemeinde S\u00f6gel hatte im November vergangenen Jahres mit Unterst\u00fctzung des Landkreises Emsland den Neubau einer Erschlie\u00dfungsstra\u00dfe im Industriegebiet \u201eP\u00fcttkesberge\u201c begonnen. Die Stra\u00dfe dient im Wesentlichen der Erschlie\u00dfung von neu ausgewiesenen Gewerbe- und Industriefl\u00e4chen. Die gesamte Ausbaul\u00e4nge betr\u00e4gt gut einen Kilometer. Mit dem zeitgleich zu realisierenden Neubau einer Abbiegespur in der Landesstra\u00dfe 54 erhalten Unternehmen eine neue Anbindung in Richtung Europastra\u00dfe 233.<\/p>\n\n\n\n<p>Text\/Foto: Gemeinde S\u00f6gel<\/p>\n\n\n\n<figure class=\"wp-block-gallery columns-1 is-cropped wp-block-gallery-1 is-layout-flex wp-block-gallery-is-layout-flex\"><ul class=\"blocks-gallery-grid\"><li class=\"blocks-gallery-item\"><figure><a href=\"https:\/\/www.forum-soegel.de\/information\/wp-content\/uploads\/2020\/11\/Zufahrt-zum-Industriegebiet-Puettkesberge-wird-neu-geregelt-1.jpg\"><img loading=\"lazy\" decoding=\"async\" width=\"1024\" height=\"724\" src=\"https:\/\/www.forum-soegel.de\/information\/wp-content\/uploads\/2020\/11\/Zufahrt-zum-Industriegebiet-Puettkesberge-wird-neu-geregelt-1.jpg\" alt=\"\" data-id=\"29806\" data-full-url=\"https:\/\/www.forum-soegel.de\/information\/wp-content\/uploads\/2020\/11\/Zufahrt-zum-Industriegebiet-Puettkesberge-wird-neu-geregelt-1.jpg\" data-link=\"https:\/\/www.forum-soegel.de\/information\/?attachment_id=29806\" class=\"wp-image-29806\" srcset=\"https:\/\/www.forum-soegel.de\/information\/wp-content\/uploads\/2020\/11\/Zufahrt-zum-Industriegebiet-Puettkesberge-wird-neu-geregelt-1.jpg 1024w, https:\/\/www.forum-soegel.de\/information\/wp-content\/uploads\/2020\/11\/Zufahrt-zum-Industriegebiet-Puettkesberge-wird-neu-geregelt-1-300x212.jpg 300w, https:\/\/www.forum-soegel.de\/information\/wp-content\/uploads\/2020\/11\/Zufahrt-zum-Industriegebiet-Puettkesberge-wird-neu-geregelt-1-768x543.jpg 768w\" sizes=\"auto, (max-width: 1024px) 100vw, 1024px\" \/><\/a><\/figure><\/li><\/ul><\/figure>\n","protected":false},"excerpt":{"rendered":"S\u00f6gel &#8211; Mit der Fertigstellung einer neuen Erschlie\u00dfungsstra\u00dfe im Industriegebiet \u201eP\u00fcttkesberge\u201c werden die dortigen Unternehmen \u00fcber den mittlerweile ebenfalls fertiggestellten Knotenpunkt im Zuge der Landestra\u00dfe 54 in Richtung Meppen verkehrlich neu erschlossen. Die bisherige Anbindung am Knotenpunkt Industriestra\u00dfe\/Ber\u00dfener Stra\u00dfe L 54 bleibt bestehen, k\u00fcnftig ist aber aus dem Industriegebiet kommend nur noch ein \u201eRechtsabbiegen\u201c in [&hellip;]\n","protected":false},"author":2,"featured_media":0,"comment_status":"closed","ping_status":"closed","sticky":false,"template":"","format":"standard","meta":{"ngg_post_thumbnail":0,"footnotes":""},"categories":[3],"tags":[],"class_list":["post-29805","post","type-post","status-publish","format-standard","hentry","category-aktuelles-aus-der-region"],"_links":{"self":[{"href":"https:\/\/www.forum-soegel.de\/information\/wp-json\/wp\/v2\/posts\/29805","targetHints":{"allow":["GET"]}}],"collection":[{"href":"https:\/\/www.forum-soegel.de\/information\/wp-json\/wp\/v2\/posts"}],"about":[{"href":"https:\/\/www.forum-soegel.de\/information\/wp-json\/wp\/v2\/types\/post"}],"author":[{"embeddable":true,"href":"https:\/\/www.forum-soegel.de\/information\/wp-json\/wp\/v2\/users\/2"}],"replies":[{"embeddable":true,"href":"https:\/\/www.forum-soegel.de\/information\/wp-json\/wp\/v2\/comments?post=29805"}],"version-history":[{"count":1,"href":"https:\/\/www.forum-soegel.de\/information\/wp-json\/wp\/v2\/posts\/29805\/revisions"}],"predecessor-version":[{"id":29807,"href":"https:\/\/www.forum-soegel.de\/information\/wp-json\/wp\/v2\/posts\/29805\/revisions\/29807"}],"wp:attachment":[{"href":"https:\/\/www.forum-soegel.de\/information\/wp-json\/wp\/v2\/media?parent=29805"}],"wp:term":[{"taxonomy":"category","embeddable":true,"href":"https:\/\/www.forum-soegel.de\/information\/wp-json\/wp\/v2\/categories?post=29805"},{"taxonomy":"post_tag","embeddable":true,"href":"https:\/\/www.forum-soegel.de\/information\/wp-json\/wp\/v2\/tags?post=29805"}],"curies":[{"name":"wp","href":"https:\/\/api.w.org\/{rel}","templated":true}]}}