{"id":29802,"date":"2020-11-12T19:22:56","date_gmt":"2020-11-12T18:22:56","guid":{"rendered":"https:\/\/www.forum-soegel.de\/information\/?p=29802"},"modified":"2020-11-12T19:22:57","modified_gmt":"2020-11-12T18:22:57","slug":"spd-soegel-besucht-die-baustelle-der-neuen-rumaenisch-orthodoxen-kirche-in-soegel","status":"publish","type":"post","link":"https:\/\/www.forum-soegel.de\/information\/2020\/11\/spd-soegel-besucht-die-baustelle-der-neuen-rumaenisch-orthodoxen-kirche-in-soegel\/","title":{"rendered":"SPD S\u00f6gel besucht die Baustelle der neuen Rum\u00e4nisch-orthodoxen Kirche in S\u00f6gel"},"content":{"rendered":"\n<p>S\u00f6gel &#8211; Der SPD Ortsverein machte sich vor Ort ein Bild \u00fcber den Baufortschritt der neuen Holzkirche an der Sprakeler Stra\u00dfe.<\/p>\n\n\n\n<p>Pfarrer Marius-Gabriel Matei f\u00fchrte die Besucher \u00fcber die Baustelle und berichtete \u00fcber die umfangreichen Arbeiten auf dem Gel\u00e4nde an der Umgehungsstra\u00dfe. \u201eBereits das Weihnachtsfest soll schon in der noch nicht fertiggestellten Kirche gefeiert werden&#8220;, zeigt sich der rum\u00e4nische Pfarrer zuversichtlich. In circa sechs bis acht Monaten soll nach Aussagen Mateis die gr\u00f6\u00dfte rum\u00e4nisch-orthodoxe Holzkirche in Deutschland fertig gestellt sein. Knapp 200 Gl\u00e4ubiger finden dann auf gut 250 qm Platz im neuen Gotteshaus im westlichen Teil S\u00f6gels. Der Grundstein dieser Kirche wurde im Juni 2019 durch den Serafim (Erzbischof der Rum\u00e4nischen Orthodoxen Erzdi\u00f6zese von Deutschland, \u00d6sterreich und Luxemburg, Metropolit von Deutschland, Zentral- und Nordeuropa) gelegt.<\/p>\n\n\n\n<p>\u201eDas ist gro\u00dfe handwerkliche Kunst\u201c, bescheinigte Lars Bollmann, der SPD Ortsvereinsvorsitzende, den ausf\u00fchrenden Handwerkern an der Baustelle. Bollmann und die anwesenden Mitglieder zeigten sich sehr beeindruckt von den Arbeiten in und um der Kirche. \u201eSo etwas ist schon eine wirkliche Besonderheit in unserer Region\u201c, so Bollmann weiter.<\/p>\n\n\n\n<p>Stolz ist Marius-Gabriel Matei, dass die Kirche ausschlie\u00dflich aus Spenden errichtet wird. \u201eEs ist schon viel Geld eingesammelt worden, allerdings brauchen wir noch weitere Spenden&#8220;, machte der rum\u00e4nische Dekan und Pfarrer deutlich.<\/p>\n\n\n\n<p>Am Ende des Besuchs dankte Lars Bollmann dem Seelsorger und den beiden anwesenden Arbeitern f\u00fcr die interessante Baubesichtigung. Die Mitglieder des Ortsvereins stellten den Arbeiter an dem sonnigen Sp\u00e4tsommerabend ein paar gek\u00fchlte Getr\u00e4nke bereit. Die Besucher w\u00fcnschten weiterhin viel Erfolg bei dem Aufbau der Kirche.<\/p>\n\n\n\n<p>Geldspenden f\u00fcr den Bau der Kirche k\u00f6nnen auf das Kto.: DE49 2665 0001 1091 0596 81 (BIC: NOLADE21EMS) der Rum. Orthodoxe Kirche Papenburg und S\u00f6gel eingezahlt werden.<\/p>\n\n\n\n<p>Foto: C. Bollmann<\/p>\n\n\n\n<p>Text: Thomas Kla\u00df<\/p>\n\n\n\n<figure class=\"wp-block-gallery columns-1 is-cropped wp-block-gallery-1 is-layout-flex wp-block-gallery-is-layout-flex\"><ul class=\"blocks-gallery-grid\"><li class=\"blocks-gallery-item\"><figure><a href=\"https:\/\/www.forum-soegel.de\/information\/wp-content\/uploads\/2020\/11\/SPD-Soegel-besucht-die-Baustelle-der-neuen-Rumaenisch-orthodoxen-Kirche-in-Soegel-1.jpg\"><img loading=\"lazy\" decoding=\"async\" width=\"1023\" height=\"768\" src=\"https:\/\/www.forum-soegel.de\/information\/wp-content\/uploads\/2020\/11\/SPD-Soegel-besucht-die-Baustelle-der-neuen-Rumaenisch-orthodoxen-Kirche-in-Soegel-1.jpg\" alt=\"\" data-id=\"29803\" data-full-url=\"https:\/\/www.forum-soegel.de\/information\/wp-content\/uploads\/2020\/11\/SPD-Soegel-besucht-die-Baustelle-der-neuen-Rumaenisch-orthodoxen-Kirche-in-Soegel-1.jpg\" data-link=\"https:\/\/www.forum-soegel.de\/information\/?attachment_id=29803\" class=\"wp-image-29803\" srcset=\"https:\/\/www.forum-soegel.de\/information\/wp-content\/uploads\/2020\/11\/SPD-Soegel-besucht-die-Baustelle-der-neuen-Rumaenisch-orthodoxen-Kirche-in-Soegel-1.jpg 1023w, https:\/\/www.forum-soegel.de\/information\/wp-content\/uploads\/2020\/11\/SPD-Soegel-besucht-die-Baustelle-der-neuen-Rumaenisch-orthodoxen-Kirche-in-Soegel-1-300x225.jpg 300w, https:\/\/www.forum-soegel.de\/information\/wp-content\/uploads\/2020\/11\/SPD-Soegel-besucht-die-Baustelle-der-neuen-Rumaenisch-orthodoxen-Kirche-in-Soegel-1-768x577.jpg 768w\" sizes=\"auto, (max-width: 1023px) 100vw, 1023px\" \/><\/a><\/figure><\/li><\/ul><figcaption class=\"blocks-gallery-caption\">Mitglieder des SPD Ortsvereins besuchten die Baustelle der neuen rum\u00e4nischen Kirche und wurden von Pfarrer Marius-Gabriel Matei (lks.) begleitet.<\/figcaption><\/figure>\n","protected":false},"excerpt":{"rendered":"S\u00f6gel &#8211; Der SPD Ortsverein machte sich vor Ort ein Bild \u00fcber den Baufortschritt der neuen Holzkirche an der Sprakeler Stra\u00dfe. Pfarrer Marius-Gabriel Matei f\u00fchrte die Besucher \u00fcber die Baustelle und berichtete \u00fcber die umfangreichen Arbeiten auf dem Gel\u00e4nde an der Umgehungsstra\u00dfe. \u201eBereits das Weihnachtsfest soll schon in der noch nicht fertiggestellten Kirche gefeiert werden&#8220;, [&hellip;]\n","protected":false},"author":2,"featured_media":0,"comment_status":"closed","ping_status":"closed","sticky":false,"template":"","format":"standard","meta":{"ngg_post_thumbnail":0,"footnotes":""},"categories":[3],"tags":[],"class_list":["post-29802","post","type-post","status-publish","format-standard","hentry","category-aktuelles-aus-der-region"],"_links":{"self":[{"href":"https:\/\/www.forum-soegel.de\/information\/wp-json\/wp\/v2\/posts\/29802","targetHints":{"allow":["GET"]}}],"collection":[{"href":"https:\/\/www.forum-soegel.de\/information\/wp-json\/wp\/v2\/posts"}],"about":[{"href":"https:\/\/www.forum-soegel.de\/information\/wp-json\/wp\/v2\/types\/post"}],"author":[{"embeddable":true,"href":"https:\/\/www.forum-soegel.de\/information\/wp-json\/wp\/v2\/users\/2"}],"replies":[{"embeddable":true,"href":"https:\/\/www.forum-soegel.de\/information\/wp-json\/wp\/v2\/comments?post=29802"}],"version-history":[{"count":1,"href":"https:\/\/www.forum-soegel.de\/information\/wp-json\/wp\/v2\/posts\/29802\/revisions"}],"predecessor-version":[{"id":29804,"href":"https:\/\/www.forum-soegel.de\/information\/wp-json\/wp\/v2\/posts\/29802\/revisions\/29804"}],"wp:attachment":[{"href":"https:\/\/www.forum-soegel.de\/information\/wp-json\/wp\/v2\/media?parent=29802"}],"wp:term":[{"taxonomy":"category","embeddable":true,"href":"https:\/\/www.forum-soegel.de\/information\/wp-json\/wp\/v2\/categories?post=29802"},{"taxonomy":"post_tag","embeddable":true,"href":"https:\/\/www.forum-soegel.de\/information\/wp-json\/wp\/v2\/tags?post=29802"}],"curies":[{"name":"wp","href":"https:\/\/api.w.org\/{rel}","templated":true}]}}