{"id":29799,"date":"2020-11-12T19:21:33","date_gmt":"2020-11-12T18:21:33","guid":{"rendered":"https:\/\/www.forum-soegel.de\/information\/?p=29799"},"modified":"2020-11-12T19:21:34","modified_gmt":"2020-11-12T18:21:34","slug":"plattdeutsch-vom-sofa-aus-geniessen","status":"publish","type":"post","link":"https:\/\/www.forum-soegel.de\/information\/2020\/11\/plattdeutsch-vom-sofa-aus-geniessen\/","title":{"rendered":"Plattdeutsch vom Sofa aus genie\u00dfen"},"content":{"rendered":"\n<p><strong>Emsl\u00e4ndische Landschaft veranstaltete Kulturfestival \u201ePlattSatt\u201c in Internet und Radio<\/strong><\/p>\n\n\n\n<p>S\u00f6gel &#8211; Vom 10. bis zum 18. Oktober 2020 fand das Kulturfestival \u201ePlattSatt\u201c der Emsl\u00e4ndischen Landschaft e.V. statt. In Zeiten der Pandemie beschritt der Verein gemeinsam mit K\u00fcnstlern und Platt-Aktiven neue Wege. \u201eAnfang des Jahres stand das gesamte Konzept f\u00fcr PlattSatt 2020 bereits\u201c, so Linda Wilken von der Emsl\u00e4ndischen Landschaft. Auch das Forum S\u00f6gel e.V. war in die Planungen f\u00fcr ein Konzert mit dem Hamburger Musiker Jochen Wiegandt eingebunden. Doch dann kam Corona. Ein neues Programm musste kurzfristig auf die Beine gestellt werden, das sich mit den Hygienebestimmungen vereinbaren lie\u00df und keine Zuschauer gef\u00e4hrden konnte. Die Emsl\u00e4ndische Landschaft entschied: Alle neun neuen Veranstaltungen des Festivals werden nicht vor Live-Publikum gezeigt, sondern im Internet und im Radio gesendet. Die Filme und Tonaufnahmen wurden von einer Medienagentur vorproduziert.<\/p>\n\n\n\n<p>Auf dem Plan standen mehrere Lesungen und Konzerte, au\u00dferdem eine Kochsendung und eine Talkshow, die auf dem YouTube- und Facebook-Kanal der Emsl\u00e4ndischen Landschaft angesehen werden k\u00f6nnen. Highlights sind ein Schulhofkonzert mit Kindern der Grundschule Spahnharrenst\u00e4tte sowie eine Lesung des \u201eKleinen Prinzen\u201c auf Platt mit Hermann May und Maria M\u00f6nch-Tegeder. Das erste Video ging am Samstag, den 10. Oktober um 20:00 Uhr online, danach wurde bis zum 18. Oktober t\u00e4glich zur gleichen Zeit ein neues Video ver\u00f6ffentlicht. Doch auch jetzt sind die Videos weiterhin abrufbar. Dar\u00fcber hinaus sendete die Ems-Vechte-Welle am Samstag, den 24. Oktober alle Highlights des Festivals im Radio. Diese sind auch danach noch auf der Homepage des Senders zu finden.<\/p>\n\n\n\n<p>\u201eAlle K\u00fcnstler und Unterst\u00fctzer haben sich alle mit viel Freude und Einsatz auf das Experiment digitales Festival eingelassen.\u201c, so Linda Wilken von der Fachstelle Plattdeutsch. Sie k\u00f6nne sich vorstellen, digitale Angebote dauerhaft in die Plattdeutsch-Arbeit der Landschaft zu integrieren.&nbsp; Ein Ersatz f\u00fcr die pers\u00f6nliche Begegnung sei dies aber nicht, eher eine Erg\u00e4nzung. \u201eIch hoffe darauf, dass wir uns im n\u00e4chsten Jahr gesund wiedersehen, sehr gerne auch in S\u00f6gel\u201c, meint Linda Wilken.<\/p>\n\n\n\n<p>Die Programm\u00fcbersicht und der Link zum YouTube-Kanal der Emsl\u00e4ndischen Landschaft sind hier zu finden: <a href=\"https:\/\/www.emslaendische-landschaft.de\">www.emslaendische-landschaft.de<\/a><\/p>\n\n\n\n<p>Text\/Foto: Linda Wilken, Emsl\u00e4ndische Landschaft<\/p>\n\n\n\n<figure class=\"wp-block-gallery columns-1 is-cropped wp-block-gallery-1 is-layout-flex wp-block-gallery-is-layout-flex\"><ul class=\"blocks-gallery-grid\"><li class=\"blocks-gallery-item\"><figure><a href=\"https:\/\/www.forum-soegel.de\/information\/wp-content\/uploads\/2020\/11\/Plattdeutsch-vom-Sofa-aus-geniessen.jpg\"><img loading=\"lazy\" decoding=\"async\" width=\"1024\" height=\"768\" src=\"https:\/\/www.forum-soegel.de\/information\/wp-content\/uploads\/2020\/11\/Plattdeutsch-vom-Sofa-aus-geniessen.jpg\" alt=\"\" data-id=\"29800\" data-full-url=\"https:\/\/www.forum-soegel.de\/information\/wp-content\/uploads\/2020\/11\/Plattdeutsch-vom-Sofa-aus-geniessen.jpg\" data-link=\"https:\/\/www.forum-soegel.de\/information\/?attachment_id=29800\" class=\"wp-image-29800\" srcset=\"https:\/\/www.forum-soegel.de\/information\/wp-content\/uploads\/2020\/11\/Plattdeutsch-vom-Sofa-aus-geniessen.jpg 1024w, https:\/\/www.forum-soegel.de\/information\/wp-content\/uploads\/2020\/11\/Plattdeutsch-vom-Sofa-aus-geniessen-300x225.jpg 300w, https:\/\/www.forum-soegel.de\/information\/wp-content\/uploads\/2020\/11\/Plattdeutsch-vom-Sofa-aus-geniessen-768x576.jpg 768w\" sizes=\"auto, (max-width: 1024px) 100vw, 1024px\" \/><\/a><\/figure><\/li><\/ul><\/figure>\n","protected":false},"excerpt":{"rendered":"Emsl\u00e4ndische Landschaft veranstaltete Kulturfestival \u201ePlattSatt\u201c in Internet und Radio S\u00f6gel &#8211; Vom 10. bis zum 18. Oktober 2020 fand das Kulturfestival \u201ePlattSatt\u201c der Emsl\u00e4ndischen Landschaft e.V. statt. In Zeiten der Pandemie beschritt der Verein gemeinsam mit K\u00fcnstlern und Platt-Aktiven neue Wege. \u201eAnfang des Jahres stand das gesamte Konzept f\u00fcr PlattSatt 2020 bereits\u201c, so Linda Wilken [&hellip;]\n","protected":false},"author":2,"featured_media":0,"comment_status":"closed","ping_status":"closed","sticky":false,"template":"","format":"standard","meta":{"ngg_post_thumbnail":0,"footnotes":""},"categories":[3],"tags":[],"class_list":["post-29799","post","type-post","status-publish","format-standard","hentry","category-aktuelles-aus-der-region"],"_links":{"self":[{"href":"https:\/\/www.forum-soegel.de\/information\/wp-json\/wp\/v2\/posts\/29799","targetHints":{"allow":["GET"]}}],"collection":[{"href":"https:\/\/www.forum-soegel.de\/information\/wp-json\/wp\/v2\/posts"}],"about":[{"href":"https:\/\/www.forum-soegel.de\/information\/wp-json\/wp\/v2\/types\/post"}],"author":[{"embeddable":true,"href":"https:\/\/www.forum-soegel.de\/information\/wp-json\/wp\/v2\/users\/2"}],"replies":[{"embeddable":true,"href":"https:\/\/www.forum-soegel.de\/information\/wp-json\/wp\/v2\/comments?post=29799"}],"version-history":[{"count":1,"href":"https:\/\/www.forum-soegel.de\/information\/wp-json\/wp\/v2\/posts\/29799\/revisions"}],"predecessor-version":[{"id":29801,"href":"https:\/\/www.forum-soegel.de\/information\/wp-json\/wp\/v2\/posts\/29799\/revisions\/29801"}],"wp:attachment":[{"href":"https:\/\/www.forum-soegel.de\/information\/wp-json\/wp\/v2\/media?parent=29799"}],"wp:term":[{"taxonomy":"category","embeddable":true,"href":"https:\/\/www.forum-soegel.de\/information\/wp-json\/wp\/v2\/categories?post=29799"},{"taxonomy":"post_tag","embeddable":true,"href":"https:\/\/www.forum-soegel.de\/information\/wp-json\/wp\/v2\/tags?post=29799"}],"curies":[{"name":"wp","href":"https:\/\/api.w.org\/{rel}","templated":true}]}}