{"id":29794,"date":"2020-11-12T19:16:58","date_gmt":"2020-11-12T18:16:58","guid":{"rendered":"https:\/\/www.forum-soegel.de\/information\/?p=29794"},"modified":"2020-11-12T19:16:58","modified_gmt":"2020-11-12T18:16:58","slug":"musik-befluegelt-fluegel-gewuenscht","status":"publish","type":"post","link":"https:\/\/www.forum-soegel.de\/information\/2020\/11\/musik-befluegelt-fluegel-gewuenscht\/","title":{"rendered":"Musik befl\u00fcgelt \u2013 Fl\u00fcgel gew\u00fcnscht"},"content":{"rendered":"\n<p>S\u00f6gel &#8211; Das Foyer des Rathauses hat eine Akustik, die wie geschaffen ist f\u00fcr Musik. Viele Konzerte haben dies bereits bewiesen. Wir m\u00f6chten, dass dieser Raum einen Fl\u00fcgel bekommt.<\/p>\n\n\n\n<p>Wozu einen Fl\u00fcgel?<\/p>\n\n\n\n<ul class=\"wp-block-list\"><li>F\u00fcr Kinder verschiedenster Altersgruppen, die durch Vorspielen, Erz\u00e4hlen und Teilhaben auf lebendige Weise an klassische Musik herangef\u00fchrt werden k\u00f6nnen.<\/li><li>F\u00fcr Jugendliche, denen als gute KlavierspielerInnen f\u00fcr viele Gelegenheiten ein Podium zur Verf\u00fcgung gestellt werden kann.<\/li><li>F\u00fcr Senioren, die sich bei Mitmachkonzerten mit Singen von Liedern und H\u00f6ren von Klaviermusik erfreuen k\u00f6nnen.<\/li><li>F\u00fcr Klavier- und Liederabende, Jazzkonzerte u.v.m.<\/li><\/ul>\n\n\n\n<p>F\u00fcr die Verwirklichung dieser Idee setzen wir uns ein:<\/p>\n\n\n\n<p>Annika Horstmann, Klaus Sch\u00e4ffner, Lydia Benninger-Bredohl<\/p>\n\n\n\n<p>Bitte unterst\u00fctzen Sie uns mit Ihren Spenden:<\/p>\n\n\n\n<p>Empf\u00e4nger: Gemeinde S\u00f6gel<\/p>\n\n\n\n<p>Verwendungszweck: \u201eKulturelle Spende f\u00fcr die Anschaffung eines Konzertfl\u00fcgels\u201c<\/p>\n\n\n\n<p>Konto: Sparkasse Emsland, IBAN DE 39 2665 0001 0002 0008 00<\/p>\n\n\n\n<p>Der\/Die Spender erhalten von der Samtgemeinde S\u00f6gel eine steuerlich abzugsfreie Spendenquittung.<\/p>\n\n\n\n<p>Text: Ingrid Cloppenburg<\/p>\n","protected":false},"excerpt":{"rendered":"S\u00f6gel &#8211; Das Foyer des Rathauses hat eine Akustik, die wie geschaffen ist f\u00fcr Musik. Viele Konzerte haben dies bereits bewiesen. Wir m\u00f6chten, dass dieser Raum einen Fl\u00fcgel bekommt. Wozu einen Fl\u00fcgel? F\u00fcr Kinder verschiedenster Altersgruppen, die durch Vorspielen, Erz\u00e4hlen und Teilhaben auf lebendige Weise an klassische Musik herangef\u00fchrt werden k\u00f6nnen. F\u00fcr Jugendliche, denen als [&hellip;]\n","protected":false},"author":2,"featured_media":0,"comment_status":"closed","ping_status":"closed","sticky":false,"template":"","format":"standard","meta":{"ngg_post_thumbnail":0,"footnotes":""},"categories":[3],"tags":[],"class_list":["post-29794","post","type-post","status-publish","format-standard","hentry","category-aktuelles-aus-der-region"],"_links":{"self":[{"href":"https:\/\/www.forum-soegel.de\/information\/wp-json\/wp\/v2\/posts\/29794","targetHints":{"allow":["GET"]}}],"collection":[{"href":"https:\/\/www.forum-soegel.de\/information\/wp-json\/wp\/v2\/posts"}],"about":[{"href":"https:\/\/www.forum-soegel.de\/information\/wp-json\/wp\/v2\/types\/post"}],"author":[{"embeddable":true,"href":"https:\/\/www.forum-soegel.de\/information\/wp-json\/wp\/v2\/users\/2"}],"replies":[{"embeddable":true,"href":"https:\/\/www.forum-soegel.de\/information\/wp-json\/wp\/v2\/comments?post=29794"}],"version-history":[{"count":1,"href":"https:\/\/www.forum-soegel.de\/information\/wp-json\/wp\/v2\/posts\/29794\/revisions"}],"predecessor-version":[{"id":29795,"href":"https:\/\/www.forum-soegel.de\/information\/wp-json\/wp\/v2\/posts\/29794\/revisions\/29795"}],"wp:attachment":[{"href":"https:\/\/www.forum-soegel.de\/information\/wp-json\/wp\/v2\/media?parent=29794"}],"wp:term":[{"taxonomy":"category","embeddable":true,"href":"https:\/\/www.forum-soegel.de\/information\/wp-json\/wp\/v2\/categories?post=29794"},{"taxonomy":"post_tag","embeddable":true,"href":"https:\/\/www.forum-soegel.de\/information\/wp-json\/wp\/v2\/tags?post=29794"}],"curies":[{"name":"wp","href":"https:\/\/api.w.org\/{rel}","templated":true}]}}