{"id":29790,"date":"2020-11-12T19:15:02","date_gmt":"2020-11-12T18:15:02","guid":{"rendered":"https:\/\/www.forum-soegel.de\/information\/?p=29790"},"modified":"2020-11-12T19:15:03","modified_gmt":"2020-11-12T18:15:03","slug":"karin-knipper-und-heiner-meiners-uebernehmenvon-jutta-westermann-masbaum-und-wilhelm-masbaum","status":"publish","type":"post","link":"https:\/\/www.forum-soegel.de\/information\/2020\/11\/karin-knipper-und-heiner-meiners-uebernehmenvon-jutta-westermann-masbaum-und-wilhelm-masbaum\/","title":{"rendered":"Karin Knipper und Heiner Meiners \u00fcbernehmenvon Jutta Westermann-Masbaum und Wilhelm Masbaum"},"content":{"rendered":"\n<div class=\"wp-block-image\"><figure class=\"alignleft size-large is-resized\"><img loading=\"lazy\" decoding=\"async\" src=\"https:\/\/www.forum-soegel.de\/information\/wp-content\/uploads\/2020\/11\/IfS-Verteiler-Masbaum.jpg\" alt=\"\" class=\"wp-image-29791\" width=\"172\" height=\"215\" srcset=\"https:\/\/www.forum-soegel.de\/information\/wp-content\/uploads\/2020\/11\/IfS-Verteiler-Masbaum.jpg 611w, https:\/\/www.forum-soegel.de\/information\/wp-content\/uploads\/2020\/11\/IfS-Verteiler-Masbaum-239x300.jpg 239w\" sizes=\"auto, (max-width: 172px) 100vw, 172px\" \/><figcaption>Wilhelm Masbaum<\/figcaption><\/figure><\/div>\n\n\n\n<p>S\u00f6gel &#8211; Auch im Monat November pr\u00e4sentiert das Redaktionsteam der \u201eInformationen f\u00fcr S\u00f6gel und Umgebung\u201c (IfS) wieder eine interessante Brosch\u00fcre mit vielen informativen Berichten und Anzeigen unserer Werbepartner.<\/p>\n\n\n\n<p>Bis das fertige Heft unseren Lesern zur Verf\u00fcgung gestellt werden kann, ist einiges an Aufwand n\u00f6tig. Die eingereichten Texte und Bilder werden gesichtet, geordnet, korrigiert und druckfertig aufbereitet. Anzeigen werden akquiriert und wunschgem\u00e4\u00df pr\u00e4sentiert. Dann geht die druckfertige, digitale Datei zur Druckerei, wo dann das Heft in der bekannten Qualit\u00e4t gefertigt wird.<\/p>\n\n\n\n<p>Aber das ist noch nicht alles: wenn die Druckerei die mehr als 6 400 Hefte anliefert, muss die termingerechte und fl\u00e4chendeckende Verteilung in den Gemeinden S\u00f6gel, B\u00f6rger, Werpeloh, Spahnharrenst\u00e4tte, Stavern, H\u00fcven, Klein Ber\u00dfen und Gro\u00df Ber\u00dfen organisiert werden. Diese wichtige Aufgabe lag bislang seit Jahren in den H\u00e4nden von Jutta Westermann-Masbaum, Wilhelm Masbaum und Heiner Wellenbrock. Klaus Sch\u00e4ffner hatte in den Anfangsjahren diese Aufgabe \u00fcbernommen.<\/p>\n\n\n\n<p>Nach der Anlieferung der Palletten mit den druckfrischen Heften bei der Kanzlei Westermann sorgte das eingespielte Team daf\u00fcr, dass unsere 14 \u00f6rtlichen Verteiler ihre \u201ePakete\u201c rechtzeitig in Empfang nehmen konnten. Zur Aufgabe geh\u00f6rte auch, gen\u00fcgend zuverl\u00e4ssige Verteiler f\u00fcr die einzelnen Orte vorzuhalten und zu betreuen sowie die ausw\u00e4rtigen Abonnenten per Post zu versorgen.<\/p>\n\n\n\n<p>Heiner Wellenbrock, Vorstandsmitglied des Forums und verantwortlich f\u00fcr die S\u00e4ule \u201eIfS\u201c im Verein und Heftchen-Koordinatorin Sandra Strauch dankten den heutigen und fr\u00fcheren Teammitgliedern f\u00fcr ihre ehrenamtliche T\u00e4tigkeit und lobten ihre Zuverl\u00e4ssigkeit. Wilhelm Masbaum, der seit Jahren auch in der Redaktion mitarbeitet, konnte wegen eines Krankenhausaufenthalts nicht teilnehmen.<\/p>\n\n\n\n<p>\u201eWir sind froh, dass Karin und Heiner diese wichtige Aufgabe jetzt \u00fcbernehmen\u201c, sagte Wellenbrock, der auch weiterhin bei der Verteilung mitarbeiten wird. Die zuverl\u00e4ssige Auslieferung des Heftes sei dem Verein ein wichtiges Anliegen.<\/p>\n\n\n\n<p>Text\/Fotos: LB<\/p>\n\n\n\n<figure class=\"wp-block-gallery columns-1 is-cropped wp-block-gallery-1 is-layout-flex wp-block-gallery-is-layout-flex\"><ul class=\"blocks-gallery-grid\"><li class=\"blocks-gallery-item\"><figure><a href=\"https:\/\/www.forum-soegel.de\/information\/wp-content\/uploads\/2020\/11\/IfS-Verteiler-Neulinge.jpg\"><img loading=\"lazy\" decoding=\"async\" width=\"1024\" height=\"578\" src=\"https:\/\/www.forum-soegel.de\/information\/wp-content\/uploads\/2020\/11\/IfS-Verteiler-Neulinge.jpg\" alt=\"\" data-id=\"29792\" data-full-url=\"https:\/\/www.forum-soegel.de\/information\/wp-content\/uploads\/2020\/11\/IfS-Verteiler-Neulinge.jpg\" data-link=\"https:\/\/www.forum-soegel.de\/information\/?attachment_id=29792\" class=\"wp-image-29792\" srcset=\"https:\/\/www.forum-soegel.de\/information\/wp-content\/uploads\/2020\/11\/IfS-Verteiler-Neulinge.jpg 1024w, https:\/\/www.forum-soegel.de\/information\/wp-content\/uploads\/2020\/11\/IfS-Verteiler-Neulinge-300x169.jpg 300w, https:\/\/www.forum-soegel.de\/information\/wp-content\/uploads\/2020\/11\/IfS-Verteiler-Neulinge-768x434.jpg 768w\" sizes=\"auto, (max-width: 1024px) 100vw, 1024px\" \/><\/a><\/figure><\/li><\/ul><figcaption class=\"blocks-gallery-caption\">Die Verteilung der \u201eInformationen f\u00fcr S\u00f6gel und Umgebung\u201c \u00fcbernehmen neben Heiner Wellenbrock jetzt Karin Knipper und Heiner Meiners. Unser Foto zeigt von links: Heiner Meiners, Jutta Westermann-Masbaum, Karin Knipper, Heiner Wellenbrock und Sandra Strauch.<\/figcaption><\/figure>\n","protected":false},"excerpt":{"rendered":"S\u00f6gel &#8211; Auch im Monat November pr\u00e4sentiert das Redaktionsteam der \u201eInformationen f\u00fcr S\u00f6gel und Umgebung\u201c (IfS) wieder eine interessante Brosch\u00fcre mit vielen informativen Berichten und Anzeigen unserer Werbepartner. Bis das fertige Heft unseren Lesern zur Verf\u00fcgung gestellt werden kann, ist einiges an Aufwand n\u00f6tig. Die eingereichten Texte und Bilder werden gesichtet, geordnet, korrigiert und druckfertig [&hellip;]\n","protected":false},"author":2,"featured_media":0,"comment_status":"closed","ping_status":"closed","sticky":false,"template":"","format":"standard","meta":{"ngg_post_thumbnail":0,"footnotes":""},"categories":[3],"tags":[],"class_list":["post-29790","post","type-post","status-publish","format-standard","hentry","category-aktuelles-aus-der-region"],"_links":{"self":[{"href":"https:\/\/www.forum-soegel.de\/information\/wp-json\/wp\/v2\/posts\/29790","targetHints":{"allow":["GET"]}}],"collection":[{"href":"https:\/\/www.forum-soegel.de\/information\/wp-json\/wp\/v2\/posts"}],"about":[{"href":"https:\/\/www.forum-soegel.de\/information\/wp-json\/wp\/v2\/types\/post"}],"author":[{"embeddable":true,"href":"https:\/\/www.forum-soegel.de\/information\/wp-json\/wp\/v2\/users\/2"}],"replies":[{"embeddable":true,"href":"https:\/\/www.forum-soegel.de\/information\/wp-json\/wp\/v2\/comments?post=29790"}],"version-history":[{"count":1,"href":"https:\/\/www.forum-soegel.de\/information\/wp-json\/wp\/v2\/posts\/29790\/revisions"}],"predecessor-version":[{"id":29793,"href":"https:\/\/www.forum-soegel.de\/information\/wp-json\/wp\/v2\/posts\/29790\/revisions\/29793"}],"wp:attachment":[{"href":"https:\/\/www.forum-soegel.de\/information\/wp-json\/wp\/v2\/media?parent=29790"}],"wp:term":[{"taxonomy":"category","embeddable":true,"href":"https:\/\/www.forum-soegel.de\/information\/wp-json\/wp\/v2\/categories?post=29790"},{"taxonomy":"post_tag","embeddable":true,"href":"https:\/\/www.forum-soegel.de\/information\/wp-json\/wp\/v2\/tags?post=29790"}],"curies":[{"name":"wp","href":"https:\/\/api.w.org\/{rel}","templated":true}]}}