{"id":29787,"date":"2020-11-12T19:10:39","date_gmt":"2020-11-12T18:10:39","guid":{"rendered":"https:\/\/www.forum-soegel.de\/information\/?p=29787"},"modified":"2020-11-12T19:10:40","modified_gmt":"2020-11-12T18:10:40","slug":"gleichstand-fuer-frauen-in-der-politik","status":"publish","type":"post","link":"https:\/\/www.forum-soegel.de\/information\/2020\/11\/gleichstand-fuer-frauen-in-der-politik\/","title":{"rendered":"Gleichstand f\u00fcr Frauen in der Politik"},"content":{"rendered":"\n<p><em><strong>Gleichstellungsbeauftragte Annelene Abeln warb auf dem Wochenmarkt f\u00fcr diese Aktion<\/strong><\/em><\/p>\n\n\n\n<p>Meppen\/S\u00f6gel &#8211; \u201eGleichstand f\u00fcr Frauen in der Politik\u201c \u2013 mit diesem Ansinnen war die Gleichstellungsbeauftragte der Samtgemeinde S\u00f6gel Annelene Abeln auf dem S\u00f6geler Wochenmarkt am vergangenen Freitag pr\u00e4sent. An einem eigens daf\u00fcr vorgesehenen Sand suchte sie das Gespr\u00e4ch zu den Kunden des Wochenmarktes, um Informationen auszutauschen und um Frauen aktiv zu motivieren, sich st\u00e4rker am politischen Gestalten in der Samtgemeinde S\u00f6gel zu beteiligen. Anhand von St\u00fchlen in der Zahl der Mandatstr\u00e4ger des Samtgemeinderates S\u00f6gel wurde der Anteil von Frauen und M\u00e4nnern im Rat visualisiert. Jeder Sitz, den eine Frau innehat, ist magentafarben; jeder Sitz eines m\u00e4nnlichen Ratsmitglieds wird durch die Farbe Blau symbolisiert. Von 33 St\u00fchlen waren nur f\u00fcnf St\u00fchle mit einem magentafarbenen Tuch bedeckt. Unterst\u00fctzt wurde sie an diesem Tag von der Gleichstellungsbeauftragten des Landkreises Emsland Marlies Kohne, von Maren Daum (Projekt HASEA) von Mitgliedern des Samtgemeinderates und von der Samtgemeindeverwaltungsoberr\u00e4tin Cornelia Willigmann-Kassner.<\/p>\n\n\n\n<p>Abeln: \u201eAuch nach mehr als 100 Jahre, nachdem Frauen das Wahlrecht in Deutschland erlangt haben, sind sie \u00fcber alle politischen Ebenen hinweg noch immer in der Unterzahl. Besonders niedrig ist der Anteil der Frauen auf kommunaler Ebene; das gilt auch f\u00fcr die Samtgemeinde S\u00f6gel.\u201c Daher habe sie sich gemeinsam mit den Gleichstellungsbeauftragten des Landkreises Emsland, die diese Aktion emslandweit gestartet haben, dem B\u00fcndnis \u201eMehr Frauen in die Politik\u201c angeschlossen. Ziel dieses B\u00fcndnisses ist es, die Zahl der Frauen in den Gremien stark zu erh\u00f6hen und f\u00fcr eine \u00f6ffentliche Wahrnehmung dieses Themas zu sorgen. Auch die Vertreter der Parteien des S\u00f6geler Samtgemeinderates machten deutlich, dass sie bei der kommenden Kommunalwahl \u2013 wie in den Jahren zuvor \u2013 ein besonderes Augenmerk auf den Anteil an Frauen in den Kandidatenlisten legen werden. Nach ihren Angaben sei es aber nach wie vor schwierig, Frauen f\u00fcr die politischen Gremien in der Gemeinde zu gewinnen. \u201eDa m\u00fcssen wir am Ball bleiben\u201c, sind sich die Parteivertreter einig.<\/p>\n\n\n\n<p>Text\/Foto: Samtgemeinde S\u00f6gel<\/p>\n\n\n\n<figure class=\"wp-block-gallery columns-1 is-cropped wp-block-gallery-1 is-layout-flex wp-block-gallery-is-layout-flex\"><ul class=\"blocks-gallery-grid\"><li class=\"blocks-gallery-item\"><figure><a href=\"https:\/\/www.forum-soegel.de\/information\/wp-content\/uploads\/2020\/11\/Gleichstand-fuer-Frauen-in-der-Politik-1.jpg\"><img loading=\"lazy\" decoding=\"async\" width=\"1024\" height=\"768\" src=\"https:\/\/www.forum-soegel.de\/information\/wp-content\/uploads\/2020\/11\/Gleichstand-fuer-Frauen-in-der-Politik-1.jpg\" alt=\"\" data-id=\"29788\" data-full-url=\"https:\/\/www.forum-soegel.de\/information\/wp-content\/uploads\/2020\/11\/Gleichstand-fuer-Frauen-in-der-Politik-1.jpg\" data-link=\"https:\/\/www.forum-soegel.de\/information\/?attachment_id=29788\" class=\"wp-image-29788\" srcset=\"https:\/\/www.forum-soegel.de\/information\/wp-content\/uploads\/2020\/11\/Gleichstand-fuer-Frauen-in-der-Politik-1.jpg 1024w, https:\/\/www.forum-soegel.de\/information\/wp-content\/uploads\/2020\/11\/Gleichstand-fuer-Frauen-in-der-Politik-1-300x225.jpg 300w, https:\/\/www.forum-soegel.de\/information\/wp-content\/uploads\/2020\/11\/Gleichstand-fuer-Frauen-in-der-Politik-1-768x576.jpg 768w\" sizes=\"auto, (max-width: 1024px) 100vw, 1024px\" \/><\/a><\/figure><\/li><\/ul><\/figure>\n","protected":false},"excerpt":{"rendered":"Gleichstellungsbeauftragte Annelene Abeln warb auf dem Wochenmarkt f\u00fcr diese Aktion Meppen\/S\u00f6gel &#8211; \u201eGleichstand f\u00fcr Frauen in der Politik\u201c \u2013 mit diesem Ansinnen war die Gleichstellungsbeauftragte der Samtgemeinde S\u00f6gel Annelene Abeln auf dem S\u00f6geler Wochenmarkt am vergangenen Freitag pr\u00e4sent. An einem eigens daf\u00fcr vorgesehenen Sand suchte sie das Gespr\u00e4ch zu den Kunden des Wochenmarktes, um Informationen [&hellip;]\n","protected":false},"author":2,"featured_media":0,"comment_status":"closed","ping_status":"closed","sticky":false,"template":"","format":"standard","meta":{"ngg_post_thumbnail":0,"footnotes":""},"categories":[3],"tags":[],"class_list":["post-29787","post","type-post","status-publish","format-standard","hentry","category-aktuelles-aus-der-region"],"_links":{"self":[{"href":"https:\/\/www.forum-soegel.de\/information\/wp-json\/wp\/v2\/posts\/29787","targetHints":{"allow":["GET"]}}],"collection":[{"href":"https:\/\/www.forum-soegel.de\/information\/wp-json\/wp\/v2\/posts"}],"about":[{"href":"https:\/\/www.forum-soegel.de\/information\/wp-json\/wp\/v2\/types\/post"}],"author":[{"embeddable":true,"href":"https:\/\/www.forum-soegel.de\/information\/wp-json\/wp\/v2\/users\/2"}],"replies":[{"embeddable":true,"href":"https:\/\/www.forum-soegel.de\/information\/wp-json\/wp\/v2\/comments?post=29787"}],"version-history":[{"count":1,"href":"https:\/\/www.forum-soegel.de\/information\/wp-json\/wp\/v2\/posts\/29787\/revisions"}],"predecessor-version":[{"id":29789,"href":"https:\/\/www.forum-soegel.de\/information\/wp-json\/wp\/v2\/posts\/29787\/revisions\/29789"}],"wp:attachment":[{"href":"https:\/\/www.forum-soegel.de\/information\/wp-json\/wp\/v2\/media?parent=29787"}],"wp:term":[{"taxonomy":"category","embeddable":true,"href":"https:\/\/www.forum-soegel.de\/information\/wp-json\/wp\/v2\/categories?post=29787"},{"taxonomy":"post_tag","embeddable":true,"href":"https:\/\/www.forum-soegel.de\/information\/wp-json\/wp\/v2\/tags?post=29787"}],"curies":[{"name":"wp","href":"https:\/\/api.w.org\/{rel}","templated":true}]}}