{"id":29781,"date":"2020-11-12T19:04:52","date_gmt":"2020-11-12T18:04:52","guid":{"rendered":"https:\/\/www.forum-soegel.de\/information\/?p=29781"},"modified":"2020-11-12T19:09:00","modified_gmt":"2020-11-12T18:09:00","slug":"ein-baum-mit-geschichte-soegeler-eiche-wird-als-naturdenkmal-ausgezeichnet","status":"publish","type":"post","link":"https:\/\/www.forum-soegel.de\/information\/2020\/11\/ein-baum-mit-geschichte-soegeler-eiche-wird-als-naturdenkmal-ausgezeichnet\/","title":{"rendered":"Ein Baum mit Geschichte &#8211; S\u00f6geler Eiche wird als Naturdenkmal ausgezeichnet"},"content":{"rendered":"\n<p>S\u00f6gel &#8211; Die Eiche steht auf dem Gel\u00e4nde der evangelisch-lutherischen Markus-Kirchengemeinde am Loruper Weg. In einem Meter H\u00f6he betr\u00e4gt ihr Stammumpfang beachtliche vier Meter. Bei dem Baum handelt es sich um einen ehemaligen Hudebaum \u2013 er wurde demnach vor Jahrhunderten zur Gewinnung von Laubstreu oder Eicheln f\u00fcr die Tierern\u00e4hrung genutzt und vom Menschen beschnitten. Das sorgte f\u00fcr seine charakteristische Wuchsform. Die Kirchengemeinde hat nun beantragt, dass dieser wegen seiner \u201eSeltenheit, Eigenart und Sch\u00f6nheit\u201c als Naturdenkmal gesichert wird. Der Umweltausschuss des Landkreises Emsland hat dem Antrag bereits zugestimmt.<\/p>\n\n\n\n<p>Foto\/Text: Ingrid Cloppenburg<\/p>\n\n\n\n<figure class=\"wp-block-gallery columns-1 is-cropped wp-block-gallery-1 is-layout-flex wp-block-gallery-is-layout-flex\"><ul class=\"blocks-gallery-grid\"><li class=\"blocks-gallery-item\"><figure><img loading=\"lazy\" decoding=\"async\" width=\"768\" height=\"1024\" src=\"https:\/\/www.forum-soegel.de\/information\/wp-content\/uploads\/2020\/11\/Ein-Baum-mit-Geschichte-Soegeler-Eiche-wird-als-Naturdenkmal-ausgezeichnet-1-e1605204386588.jpg\" alt=\"\" data-id=\"29782\" data-full-url=\"https:\/\/www.forum-soegel.de\/information\/wp-content\/uploads\/2020\/11\/Ein-Baum-mit-Geschichte-Soegeler-Eiche-wird-als-Naturdenkmal-ausgezeichnet-1-e1605204386588.jpg\" data-link=\"https:\/\/www.forum-soegel.de\/information\/2020\/11\/ein-baum-mit-geschichte-soegeler-eiche-wird-als-naturdenkmal-ausgezeichnet\/ein-baum-mit-geschichte-soegeler-eiche-wird-als-naturdenkmal-ausgezeichnet-1\/\" class=\"wp-image-29782\" srcset=\"https:\/\/www.forum-soegel.de\/information\/wp-content\/uploads\/2020\/11\/Ein-Baum-mit-Geschichte-Soegeler-Eiche-wird-als-Naturdenkmal-ausgezeichnet-1-e1605204386588.jpg 768w, https:\/\/www.forum-soegel.de\/information\/wp-content\/uploads\/2020\/11\/Ein-Baum-mit-Geschichte-Soegeler-Eiche-wird-als-Naturdenkmal-ausgezeichnet-1-e1605204386588-225x300.jpg 225w\" sizes=\"auto, (max-width: 768px) 100vw, 768px\" \/><\/figure><\/li><\/ul><\/figure>\n","protected":false},"excerpt":{"rendered":"S\u00f6gel &#8211; Die Eiche steht auf dem Gel\u00e4nde der evangelisch-lutherischen Markus-Kirchengemeinde am Loruper Weg. In einem Meter H\u00f6he betr\u00e4gt ihr Stammumpfang beachtliche vier Meter. Bei dem Baum handelt es sich um einen ehemaligen Hudebaum \u2013 er wurde demnach vor Jahrhunderten zur Gewinnung von Laubstreu oder Eicheln f\u00fcr die Tierern\u00e4hrung genutzt und vom Menschen beschnitten. Das [&hellip;]\n","protected":false},"author":2,"featured_media":0,"comment_status":"closed","ping_status":"closed","sticky":false,"template":"","format":"standard","meta":{"ngg_post_thumbnail":0,"footnotes":""},"categories":[3],"tags":[],"class_list":["post-29781","post","type-post","status-publish","format-standard","hentry","category-aktuelles-aus-der-region"],"_links":{"self":[{"href":"https:\/\/www.forum-soegel.de\/information\/wp-json\/wp\/v2\/posts\/29781","targetHints":{"allow":["GET"]}}],"collection":[{"href":"https:\/\/www.forum-soegel.de\/information\/wp-json\/wp\/v2\/posts"}],"about":[{"href":"https:\/\/www.forum-soegel.de\/information\/wp-json\/wp\/v2\/types\/post"}],"author":[{"embeddable":true,"href":"https:\/\/www.forum-soegel.de\/information\/wp-json\/wp\/v2\/users\/2"}],"replies":[{"embeddable":true,"href":"https:\/\/www.forum-soegel.de\/information\/wp-json\/wp\/v2\/comments?post=29781"}],"version-history":[{"count":2,"href":"https:\/\/www.forum-soegel.de\/information\/wp-json\/wp\/v2\/posts\/29781\/revisions"}],"predecessor-version":[{"id":29786,"href":"https:\/\/www.forum-soegel.de\/information\/wp-json\/wp\/v2\/posts\/29781\/revisions\/29786"}],"wp:attachment":[{"href":"https:\/\/www.forum-soegel.de\/information\/wp-json\/wp\/v2\/media?parent=29781"}],"wp:term":[{"taxonomy":"category","embeddable":true,"href":"https:\/\/www.forum-soegel.de\/information\/wp-json\/wp\/v2\/categories?post=29781"},{"taxonomy":"post_tag","embeddable":true,"href":"https:\/\/www.forum-soegel.de\/information\/wp-json\/wp\/v2\/tags?post=29781"}],"curies":[{"name":"wp","href":"https:\/\/api.w.org\/{rel}","templated":true}]}}