{"id":29778,"date":"2020-11-12T19:03:14","date_gmt":"2020-11-12T18:03:14","guid":{"rendered":"https:\/\/www.forum-soegel.de\/information\/?p=29778"},"modified":"2020-11-12T19:03:15","modified_gmt":"2020-11-12T18:03:15","slug":"digitale-gaesteinformationen-ohne-grenzen-auf-soegeler-marktplatz-region-punktet-mit-vernetzten-daten","status":"publish","type":"post","link":"https:\/\/www.forum-soegel.de\/information\/2020\/11\/digitale-gaesteinformationen-ohne-grenzen-auf-soegeler-marktplatz-region-punktet-mit-vernetzten-daten\/","title":{"rendered":"Digitale G\u00e4steinformationen ohne Grenzen auf S\u00f6geler Marktplatz \/Region punktet mit vernetzten Daten"},"content":{"rendered":"\n<p>S\u00f6gel &#8211; An 33 touristisch relevanten Standorten in der Grafschaft Bentheim, im Emsland und im Osnabr\u00fccker Land k\u00f6nnen sich die G\u00e4ste ab sofort digital informieren und beraten lassen. In S\u00f6gel wurde in diesen Tagen eine solche digitale Informationsplattform auf dem zentralen Marktplatz aufgestellt. Ohne viel Papierkram gibt\u2019s den Restauranttipp, die \u00d6ffnungszeiten des Museums oder den Track zur Radroute aufs Handy. Wer sich noch orientiert, st\u00f6bert digital am Touchscreen eines Infoterminals oder l\u00e4sst sich von Fotos und Filmen inspirieren.<\/p>\n\n\n\n<p>Die hinterlegten, reich bebilderten Daten zu Gastronomie- und \u00dcbernachtungsbetrieben, zu Sehensw\u00fcrdigkeiten und Freizeiteinrichtungen, zu Routen und zum Wetter h\u00f6ren nicht an der Regionsgrenze auf, sondern decken das ganze Gebiet der drei Landkreise und der Stadt Osnabr\u00fcck ab. Zw\u00f6lf weitere Standorte im Emsland sind \u00fcber das F\u00f6rderprojekt mit den Infostelen ausgestattet worden. Das Projekt insgesamt wurde mit 85.000 \u20ac vom Nieders\u00e4chsischen Wirtschaftsministerium gef\u00f6rdert.<\/p>\n\n\n\n<p>Dazu Christian L\u00f6gering, der neue Gesch\u00e4ftsf\u00fchrer der S\u00f6gel Marketing GmbH: \u201eDen Regionen gelingt es mit dem Projekt, den G\u00e4sten stetig aktualisierte Daten auf interaktiven Ger\u00e4ten zur Verf\u00fcgung zu stellen. So wird die G\u00e4steinformation, gerade auch au\u00dferhalb der \u00d6ffnungszeiten der Tourist-Informationen, verbessert. Das ist nicht nur ein wichtiger Beitrag f\u00fcr die Digitalisierung im Tourismus, sondern auch f\u00fcr eine moderne G\u00e4steinformation der Zukunft. Die G\u00e4ste erhalten so rund um die Uhr, an 365 Tagen im Jahr regions\u00fcbergreifend aktuelle Informationen zu Veranstaltungen, Sehensw\u00fcrdigkeiten, Gastronomie, \u00dcbernachtungsm\u00f6glichkeiten, Freizeitm\u00f6glichkeiten und zu Rad- und Wanderwegen mit GPS-Tracking \u00fcber S\u00f6gel, dem H\u00fcmmling und das Emsland informativ und ansprechend aufbereitet.\u201c<\/p>\n\n\n\n<p>Zudem gibt es einen Indoor-Info-Terminal in der Tourist-Information mit gleichem digitalem Inhalt. Dieser l\u00e4dt zum St\u00f6bern im \u201ewetterfesten Raum\u201c ein.<\/p>\n\n\n\n<p>Text: Ingrid Cloppenburg<\/p>\n\n\n\n<p>Foto: Gemeinde S\u00f6gel<\/p>\n\n\n\n<figure class=\"wp-block-gallery columns-1 is-cropped wp-block-gallery-1 is-layout-flex wp-block-gallery-is-layout-flex\"><ul class=\"blocks-gallery-grid\"><li class=\"blocks-gallery-item\"><figure><a href=\"https:\/\/www.forum-soegel.de\/information\/wp-content\/uploads\/2020\/11\/Digitale-Gaesteinformationen-ohne-Grenzen-auf-Soegeler-Marktplatz-1.jpg\"><img loading=\"lazy\" decoding=\"async\" width=\"1024\" height=\"768\" src=\"https:\/\/www.forum-soegel.de\/information\/wp-content\/uploads\/2020\/11\/Digitale-Gaesteinformationen-ohne-Grenzen-auf-Soegeler-Marktplatz-1.jpg\" alt=\"\" data-id=\"29779\" data-full-url=\"https:\/\/www.forum-soegel.de\/information\/wp-content\/uploads\/2020\/11\/Digitale-Gaesteinformationen-ohne-Grenzen-auf-Soegeler-Marktplatz-1.jpg\" data-link=\"https:\/\/www.forum-soegel.de\/information\/?attachment_id=29779\" class=\"wp-image-29779\" srcset=\"https:\/\/www.forum-soegel.de\/information\/wp-content\/uploads\/2020\/11\/Digitale-Gaesteinformationen-ohne-Grenzen-auf-Soegeler-Marktplatz-1.jpg 1024w, https:\/\/www.forum-soegel.de\/information\/wp-content\/uploads\/2020\/11\/Digitale-Gaesteinformationen-ohne-Grenzen-auf-Soegeler-Marktplatz-1-300x225.jpg 300w, https:\/\/www.forum-soegel.de\/information\/wp-content\/uploads\/2020\/11\/Digitale-Gaesteinformationen-ohne-Grenzen-auf-Soegeler-Marktplatz-1-768x576.jpg 768w\" sizes=\"auto, (max-width: 1024px) 100vw, 1024px\" \/><\/a><\/figure><\/li><\/ul><\/figure>\n","protected":false},"excerpt":{"rendered":"S\u00f6gel &#8211; An 33 touristisch relevanten Standorten in der Grafschaft Bentheim, im Emsland und im Osnabr\u00fccker Land k\u00f6nnen sich die G\u00e4ste ab sofort digital informieren und beraten lassen. In S\u00f6gel wurde in diesen Tagen eine solche digitale Informationsplattform auf dem zentralen Marktplatz aufgestellt. Ohne viel Papierkram gibt\u2019s den Restauranttipp, die \u00d6ffnungszeiten des Museums oder den [&hellip;]\n","protected":false},"author":2,"featured_media":0,"comment_status":"closed","ping_status":"closed","sticky":false,"template":"","format":"standard","meta":{"ngg_post_thumbnail":0,"footnotes":""},"categories":[3],"tags":[],"class_list":["post-29778","post","type-post","status-publish","format-standard","hentry","category-aktuelles-aus-der-region"],"_links":{"self":[{"href":"https:\/\/www.forum-soegel.de\/information\/wp-json\/wp\/v2\/posts\/29778","targetHints":{"allow":["GET"]}}],"collection":[{"href":"https:\/\/www.forum-soegel.de\/information\/wp-json\/wp\/v2\/posts"}],"about":[{"href":"https:\/\/www.forum-soegel.de\/information\/wp-json\/wp\/v2\/types\/post"}],"author":[{"embeddable":true,"href":"https:\/\/www.forum-soegel.de\/information\/wp-json\/wp\/v2\/users\/2"}],"replies":[{"embeddable":true,"href":"https:\/\/www.forum-soegel.de\/information\/wp-json\/wp\/v2\/comments?post=29778"}],"version-history":[{"count":1,"href":"https:\/\/www.forum-soegel.de\/information\/wp-json\/wp\/v2\/posts\/29778\/revisions"}],"predecessor-version":[{"id":29780,"href":"https:\/\/www.forum-soegel.de\/information\/wp-json\/wp\/v2\/posts\/29778\/revisions\/29780"}],"wp:attachment":[{"href":"https:\/\/www.forum-soegel.de\/information\/wp-json\/wp\/v2\/media?parent=29778"}],"wp:term":[{"taxonomy":"category","embeddable":true,"href":"https:\/\/www.forum-soegel.de\/information\/wp-json\/wp\/v2\/categories?post=29778"},{"taxonomy":"post_tag","embeddable":true,"href":"https:\/\/www.forum-soegel.de\/information\/wp-json\/wp\/v2\/tags?post=29778"}],"curies":[{"name":"wp","href":"https:\/\/api.w.org\/{rel}","templated":true}]}}