{"id":29775,"date":"2020-11-12T19:01:47","date_gmt":"2020-11-12T18:01:47","guid":{"rendered":"https:\/\/www.forum-soegel.de\/information\/?p=29775"},"modified":"2020-11-12T19:01:49","modified_gmt":"2020-11-12T18:01:49","slug":"die-hellwachen-bernd-quappen-veroeffentlicht-ersten-krimi","status":"publish","type":"post","link":"https:\/\/www.forum-soegel.de\/information\/2020\/11\/die-hellwachen-bernd-quappen-veroeffentlicht-ersten-krimi\/","title":{"rendered":"\u201eDie Hellwachen\u201c &#8211; Bernd Quappen ver\u00f6ffentlicht ersten Krimi"},"content":{"rendered":"\n<p>S\u00f6gel. Bernd Quappen ist als Emsl\u00e4nder 1947 in S\u00f6gel geboren und dort auch aufgewachsen. Als heimatverwurzelter S\u00f6geler kennt er viele \u00d6rtlichkeiten und Gebr\u00e4uche dieser Region. Mit dem Eintritt in den Ruhestand reifte in ihm der Gedanke, es selbst einmal mit dem Schreiben zu probieren. Bereits in seiner Jugend las er gerne Kriminalromane. Da liegt es nicht fern, dass die Handlung in seinem ersten Krimi \u201eDie Hellwachen\u201c auf Schaupl\u00e4tzen in seiner Heimat, dem Emsland, stattfindet. Seine handschriftlichen Manuskripte tippte Gisela Arling ab und so entstand das erste druckreife Manuskript, welches bei der Druckerei Thyen vor Ort in S\u00f6gel in Auftrag gegeben wurde. \u201eIch konnte fl\u00fcssig durchschreiben\u201c, berichtet Bernd Quappen von seiner neuen Leidenschaft. \u201eSeite f\u00fcr Seite hat sich gef\u00fcllt und die Figuren in meinem Krimi wuchsen mir ans Herz.\u201c<\/p>\n\n\n\n<p>Zur Handlung: Zwanzig junge Leute aus dem Emsland freunden sin in einem Fitnessstudio an und treffen sich bald regelm\u00e4\u00dfig f\u00fcr gemeinsame Unternehmungen. Mit der Zeit entwickeln sich zwischen einigen jungen M\u00e4nnern und Frauen aus der Fitnessgruppe ernste Beziehungen. Gemeinsame Zukunftspl\u00e4ne werden gemacht und alles scheint bestens zu laufen. Bis pl\u00f6tzlich ihre Freundin Aggi spurlos verschwindet und die Polizei vor einem R\u00e4tsel steht&#8230; Die Geschichte nimmt ihren Lauf und am Ende kommt es zu einem \u00fcberraschenden Gest\u00e4ndnis. Doch mehr wird hier nicht verraten.&nbsp;<\/p>\n\n\n\n<p>Text\/Foto: Ingrid Cloppenburg<\/p>\n\n\n\n<figure class=\"wp-block-gallery columns-1 is-cropped wp-block-gallery-1 is-layout-flex wp-block-gallery-is-layout-flex\"><ul class=\"blocks-gallery-grid\"><li class=\"blocks-gallery-item\"><figure><a href=\"https:\/\/www.forum-soegel.de\/information\/wp-content\/uploads\/2020\/11\/Die-Hellwachwen-Buchneuerscheinung-Quappen.jpg\"><img loading=\"lazy\" decoding=\"async\" width=\"576\" height=\"768\" src=\"https:\/\/www.forum-soegel.de\/information\/wp-content\/uploads\/2020\/11\/Die-Hellwachwen-Buchneuerscheinung-Quappen.jpg\" alt=\"\" data-id=\"29776\" data-full-url=\"https:\/\/www.forum-soegel.de\/information\/wp-content\/uploads\/2020\/11\/Die-Hellwachwen-Buchneuerscheinung-Quappen.jpg\" data-link=\"https:\/\/www.forum-soegel.de\/information\/?attachment_id=29776\" class=\"wp-image-29776\" srcset=\"https:\/\/www.forum-soegel.de\/information\/wp-content\/uploads\/2020\/11\/Die-Hellwachwen-Buchneuerscheinung-Quappen.jpg 576w, https:\/\/www.forum-soegel.de\/information\/wp-content\/uploads\/2020\/11\/Die-Hellwachwen-Buchneuerscheinung-Quappen-225x300.jpg 225w\" sizes=\"auto, (max-width: 576px) 100vw, 576px\" \/><\/a><\/figure><\/li><\/ul><\/figure>\n","protected":false},"excerpt":{"rendered":"S\u00f6gel. Bernd Quappen ist als Emsl\u00e4nder 1947 in S\u00f6gel geboren und dort auch aufgewachsen. Als heimatverwurzelter S\u00f6geler kennt er viele \u00d6rtlichkeiten und Gebr\u00e4uche dieser Region. Mit dem Eintritt in den Ruhestand reifte in ihm der Gedanke, es selbst einmal mit dem Schreiben zu probieren. Bereits in seiner Jugend las er gerne Kriminalromane. Da liegt es [&hellip;]\n","protected":false},"author":2,"featured_media":0,"comment_status":"closed","ping_status":"closed","sticky":false,"template":"","format":"standard","meta":{"ngg_post_thumbnail":0,"footnotes":""},"categories":[3],"tags":[],"class_list":["post-29775","post","type-post","status-publish","format-standard","hentry","category-aktuelles-aus-der-region"],"_links":{"self":[{"href":"https:\/\/www.forum-soegel.de\/information\/wp-json\/wp\/v2\/posts\/29775","targetHints":{"allow":["GET"]}}],"collection":[{"href":"https:\/\/www.forum-soegel.de\/information\/wp-json\/wp\/v2\/posts"}],"about":[{"href":"https:\/\/www.forum-soegel.de\/information\/wp-json\/wp\/v2\/types\/post"}],"author":[{"embeddable":true,"href":"https:\/\/www.forum-soegel.de\/information\/wp-json\/wp\/v2\/users\/2"}],"replies":[{"embeddable":true,"href":"https:\/\/www.forum-soegel.de\/information\/wp-json\/wp\/v2\/comments?post=29775"}],"version-history":[{"count":1,"href":"https:\/\/www.forum-soegel.de\/information\/wp-json\/wp\/v2\/posts\/29775\/revisions"}],"predecessor-version":[{"id":29777,"href":"https:\/\/www.forum-soegel.de\/information\/wp-json\/wp\/v2\/posts\/29775\/revisions\/29777"}],"wp:attachment":[{"href":"https:\/\/www.forum-soegel.de\/information\/wp-json\/wp\/v2\/media?parent=29775"}],"wp:term":[{"taxonomy":"category","embeddable":true,"href":"https:\/\/www.forum-soegel.de\/information\/wp-json\/wp\/v2\/categories?post=29775"},{"taxonomy":"post_tag","embeddable":true,"href":"https:\/\/www.forum-soegel.de\/information\/wp-json\/wp\/v2\/tags?post=29775"}],"curies":[{"name":"wp","href":"https:\/\/api.w.org\/{rel}","templated":true}]}}