{"id":29767,"date":"2020-11-12T19:00:15","date_gmt":"2020-11-12T18:00:15","guid":{"rendered":"https:\/\/www.forum-soegel.de\/information\/?p=29767"},"modified":"2020-11-12T19:00:16","modified_gmt":"2020-11-12T18:00:16","slug":"die-corona-pandemie-schraenkt-die-arbeit-in-der-jugendfeuerwehr-soegel-ein","status":"publish","type":"post","link":"https:\/\/www.forum-soegel.de\/information\/2020\/11\/die-corona-pandemie-schraenkt-die-arbeit-in-der-jugendfeuerwehr-soegel-ein\/","title":{"rendered":"Die Corona-Pandemie schr\u00e4nkt die Arbeit in der Jugendfeuerwehr S\u00f6gel ein!"},"content":{"rendered":"\n<p>S\u00f6gel &#8211; Wie sich die Corona-Pandemie auf die Jugendarbeit auswirkt, erkl\u00e4rt uns die Leitung der Jugendfeuerwehr S\u00f6gel.<\/p>\n\n\n\n<p>Die Jugendfeuerwehr (JF) S\u00f6gel startete mit gro\u00dfer Motivation in das Jahr 2020. Jugendwart Gerit Ahrens und sein Betreuerteam hatten einen mit vielen Terminen ausgestatteten Jahresplan ausgearbeitet, der f\u00fcr die 22 Jungen und 4 M\u00e4dchen der Jugendfeuerwehr S\u00f6gel viele tolle Veranstaltungen vorsah.<\/p>\n\n\n\n<p>Leider kam es anders. Bis zum 9. M\u00e4rz lief alles normal, dann kam das Corona-Virus und der damit verbundene \u201eLockdown\u201c. Um das Infektionsrisiko unter den Feuerwehrkameraden\/ -innen so gering wie m\u00f6glich zu halten und die Einsatzbereitschaft der Feuerwehren im Emsland m\u00f6glichst sicherzustellen, wurde auf Weisung des Kreisbrandmeisters Holger Dyckhoff der Dienstbetrieb in den Freiwilligen Feuerwehren des Emslandes und somit auch in den Jugendfeuerwehren, die von aktiven Feuerwehrkameraden\/-innen betreut werden, bis auf weiteres eingestellt.<\/p>\n\n\n\n<p>Die Hoffnung im Betreuerteam, dass es nur von kurzer Dauer sei, bewahrheitete sich leider nicht. Neben den Dienstabenden wurden auch alle Veranstaltungen auf Kreisebene abgesagt. Darunter waren unter anderem das j\u00e4hrliche V\u00f6lkerballturnier und der Bezirkswettbewerb, zu dem sich die Wettbewerbsgruppe der JF S\u00f6gel im Jahr 2019 qualifiziert hatte. Auch das f\u00fcr das erste Juli-Wochenende geplante Treffen mit der Partnerjugendfeuerwehr Unna Massen in Unna musste man absagen. Trotz der bis zum Sommer eingetretenen Lockerungen konnte die beliebte Ferienpassaktion in den Sommerferien nicht durchgef\u00fchrt werden. Die f\u00fcr den Dezember geplante Jahresabschlussveranstaltung im Linus Hallenbad in Lingen findet auch nicht statt.<\/p>\n\n\n\n<p>Um den Kontakt zu den JF-Kindern nicht abrei\u00dfen zu lassen, wurden Online-Angebote wie Quiz oder Feuerwehrr\u00e4tsel erarbeitet. Hiermit konnte dann das Feuerwehrwissen unter Beweis gestellt werden. Am 14. September war es dann soweit, der Dienstbetrieb konnte unter Einhaltung von strengen Hygieneregeln wieder aufgenommen werden. Gerit und sein Betreuerteam freuten sich, dass alle 26 JF-Mitglieder zum Dienstabend gekommen waren und niemand die Lust an der Feuerwehr verloren hatte. Man hofft nun, zumindest die geplanten Dienstabende bis zum Jahresende durchf\u00fchren zu k\u00f6nnen und die Kids hier trotz der Hygienevorgaben (u.a. Mund-Nase-Maske) wieder viel Spa\u00df haben werden. Die Jugendfeuerwehr mit ihrem Betreuerteam bittet alle, die strengen Regeln zur Bek\u00e4mpfung der Corona-Pandemie einzuhalten, damit das Team m\u00f6glichst schnell wieder zu den Bedingungen vor Corona zur\u00fcckkehren kann. F\u00fcr die Jugendfeuerwehr S\u00f6gel w\u00e4re es besonders wichtig, da sie im Jahr 2021 gerne ihr 20-j\u00e4hriges Bestehen feiern w\u00fcrden.<\/p>\n\n\n\n<p>Text: Jugendfeuerwehr mit LB<\/p>\n\n\n\n<p>Fotos: Jugendfeuerwehr<\/p>\n\n\n\n<figure class=\"wp-block-gallery columns-3 is-cropped wp-block-gallery-1 is-layout-flex wp-block-gallery-is-layout-flex\"><ul class=\"blocks-gallery-grid\"><li class=\"blocks-gallery-item\"><figure><a href=\"https:\/\/www.forum-soegel.de\/information\/wp-content\/uploads\/2020\/11\/Die-Corona-Pandemie-schraenkt-die-Arbeit-in-der-Jugendfeuerwehr-Soegel-ein-1.jpg\"><img loading=\"lazy\" decoding=\"async\" width=\"1024\" height=\"768\" src=\"https:\/\/www.forum-soegel.de\/information\/wp-content\/uploads\/2020\/11\/Die-Corona-Pandemie-schraenkt-die-Arbeit-in-der-Jugendfeuerwehr-Soegel-ein-1.jpg\" alt=\"\" data-id=\"29768\" data-full-url=\"https:\/\/www.forum-soegel.de\/information\/wp-content\/uploads\/2020\/11\/Die-Corona-Pandemie-schraenkt-die-Arbeit-in-der-Jugendfeuerwehr-Soegel-ein-1.jpg\" data-link=\"https:\/\/www.forum-soegel.de\/information\/?attachment_id=29768\" class=\"wp-image-29768\" srcset=\"https:\/\/www.forum-soegel.de\/information\/wp-content\/uploads\/2020\/11\/Die-Corona-Pandemie-schraenkt-die-Arbeit-in-der-Jugendfeuerwehr-Soegel-ein-1.jpg 1024w, https:\/\/www.forum-soegel.de\/information\/wp-content\/uploads\/2020\/11\/Die-Corona-Pandemie-schraenkt-die-Arbeit-in-der-Jugendfeuerwehr-Soegel-ein-1-300x225.jpg 300w, https:\/\/www.forum-soegel.de\/information\/wp-content\/uploads\/2020\/11\/Die-Corona-Pandemie-schraenkt-die-Arbeit-in-der-Jugendfeuerwehr-Soegel-ein-1-768x576.jpg 768w\" sizes=\"auto, (max-width: 1024px) 100vw, 1024px\" \/><\/a><\/figure><\/li><li class=\"blocks-gallery-item\"><figure><a href=\"https:\/\/www.forum-soegel.de\/information\/wp-content\/uploads\/2020\/11\/Die-Corona-Pandemie-schraenkt-die-Arbeit-in-der-Jugendfeuerwehr-Soegel-ein-2.jpg\"><img loading=\"lazy\" decoding=\"async\" width=\"576\" height=\"768\" src=\"https:\/\/www.forum-soegel.de\/information\/wp-content\/uploads\/2020\/11\/Die-Corona-Pandemie-schraenkt-die-Arbeit-in-der-Jugendfeuerwehr-Soegel-ein-2.jpg\" alt=\"\" data-id=\"29769\" data-full-url=\"https:\/\/www.forum-soegel.de\/information\/wp-content\/uploads\/2020\/11\/Die-Corona-Pandemie-schraenkt-die-Arbeit-in-der-Jugendfeuerwehr-Soegel-ein-2.jpg\" data-link=\"https:\/\/www.forum-soegel.de\/information\/?attachment_id=29769\" class=\"wp-image-29769\" srcset=\"https:\/\/www.forum-soegel.de\/information\/wp-content\/uploads\/2020\/11\/Die-Corona-Pandemie-schraenkt-die-Arbeit-in-der-Jugendfeuerwehr-Soegel-ein-2.jpg 576w, https:\/\/www.forum-soegel.de\/information\/wp-content\/uploads\/2020\/11\/Die-Corona-Pandemie-schraenkt-die-Arbeit-in-der-Jugendfeuerwehr-Soegel-ein-2-225x300.jpg 225w\" sizes=\"auto, (max-width: 576px) 100vw, 576px\" \/><\/a><\/figure><\/li><li class=\"blocks-gallery-item\"><figure><a href=\"https:\/\/www.forum-soegel.de\/information\/wp-content\/uploads\/2020\/11\/Die-Corona-Pandemie-schraenkt-die-Arbeit-in-der-Jugendfeuerwehr-Soegel-ein-3.jpg\"><img loading=\"lazy\" decoding=\"async\" width=\"576\" height=\"768\" src=\"https:\/\/www.forum-soegel.de\/information\/wp-content\/uploads\/2020\/11\/Die-Corona-Pandemie-schraenkt-die-Arbeit-in-der-Jugendfeuerwehr-Soegel-ein-3.jpg\" alt=\"\" data-id=\"29770\" data-full-url=\"https:\/\/www.forum-soegel.de\/information\/wp-content\/uploads\/2020\/11\/Die-Corona-Pandemie-schraenkt-die-Arbeit-in-der-Jugendfeuerwehr-Soegel-ein-3.jpg\" data-link=\"https:\/\/www.forum-soegel.de\/information\/?attachment_id=29770\" class=\"wp-image-29770\" srcset=\"https:\/\/www.forum-soegel.de\/information\/wp-content\/uploads\/2020\/11\/Die-Corona-Pandemie-schraenkt-die-Arbeit-in-der-Jugendfeuerwehr-Soegel-ein-3.jpg 576w, https:\/\/www.forum-soegel.de\/information\/wp-content\/uploads\/2020\/11\/Die-Corona-Pandemie-schraenkt-die-Arbeit-in-der-Jugendfeuerwehr-Soegel-ein-3-225x300.jpg 225w\" sizes=\"auto, (max-width: 576px) 100vw, 576px\" \/><\/a><\/figure><\/li><li class=\"blocks-gallery-item\"><figure><a href=\"https:\/\/www.forum-soegel.de\/information\/wp-content\/uploads\/2020\/11\/Die-Corona-Pandemie-schraenkt-die-Arbeit-in-der-Jugendfeuerwehr-Soegel-ein-4.jpg\"><img loading=\"lazy\" decoding=\"async\" width=\"1024\" height=\"768\" src=\"https:\/\/www.forum-soegel.de\/information\/wp-content\/uploads\/2020\/11\/Die-Corona-Pandemie-schraenkt-die-Arbeit-in-der-Jugendfeuerwehr-Soegel-ein-4.jpg\" alt=\"\" data-id=\"29771\" data-full-url=\"https:\/\/www.forum-soegel.de\/information\/wp-content\/uploads\/2020\/11\/Die-Corona-Pandemie-schraenkt-die-Arbeit-in-der-Jugendfeuerwehr-Soegel-ein-4.jpg\" data-link=\"https:\/\/www.forum-soegel.de\/information\/?attachment_id=29771\" class=\"wp-image-29771\" srcset=\"https:\/\/www.forum-soegel.de\/information\/wp-content\/uploads\/2020\/11\/Die-Corona-Pandemie-schraenkt-die-Arbeit-in-der-Jugendfeuerwehr-Soegel-ein-4.jpg 1024w, https:\/\/www.forum-soegel.de\/information\/wp-content\/uploads\/2020\/11\/Die-Corona-Pandemie-schraenkt-die-Arbeit-in-der-Jugendfeuerwehr-Soegel-ein-4-300x225.jpg 300w, https:\/\/www.forum-soegel.de\/information\/wp-content\/uploads\/2020\/11\/Die-Corona-Pandemie-schraenkt-die-Arbeit-in-der-Jugendfeuerwehr-Soegel-ein-4-768x576.jpg 768w\" sizes=\"auto, (max-width: 1024px) 100vw, 1024px\" \/><\/a><\/figure><\/li><\/ul><figcaption class=\"blocks-gallery-caption\">Strenge Hygienevorschriften herrschen nicht nur bei der aktiven Feuerwehr, sondern auch bei der Jugendfeuerwehr.<br>Ein Appell an alle Kameraden.<\/figcaption><\/figure>\n","protected":false},"excerpt":{"rendered":"S\u00f6gel &#8211; Wie sich die Corona-Pandemie auf die Jugendarbeit auswirkt, erkl\u00e4rt uns die Leitung der Jugendfeuerwehr S\u00f6gel. Die Jugendfeuerwehr (JF) S\u00f6gel startete mit gro\u00dfer Motivation in das Jahr 2020. Jugendwart Gerit Ahrens und sein Betreuerteam hatten einen mit vielen Terminen ausgestatteten Jahresplan ausgearbeitet, der f\u00fcr die 22 Jungen und 4 M\u00e4dchen der Jugendfeuerwehr S\u00f6gel viele [&hellip;]\n","protected":false},"author":2,"featured_media":0,"comment_status":"closed","ping_status":"closed","sticky":false,"template":"","format":"standard","meta":{"ngg_post_thumbnail":0,"footnotes":""},"categories":[3],"tags":[],"class_list":["post-29767","post","type-post","status-publish","format-standard","hentry","category-aktuelles-aus-der-region"],"_links":{"self":[{"href":"https:\/\/www.forum-soegel.de\/information\/wp-json\/wp\/v2\/posts\/29767","targetHints":{"allow":["GET"]}}],"collection":[{"href":"https:\/\/www.forum-soegel.de\/information\/wp-json\/wp\/v2\/posts"}],"about":[{"href":"https:\/\/www.forum-soegel.de\/information\/wp-json\/wp\/v2\/types\/post"}],"author":[{"embeddable":true,"href":"https:\/\/www.forum-soegel.de\/information\/wp-json\/wp\/v2\/users\/2"}],"replies":[{"embeddable":true,"href":"https:\/\/www.forum-soegel.de\/information\/wp-json\/wp\/v2\/comments?post=29767"}],"version-history":[{"count":1,"href":"https:\/\/www.forum-soegel.de\/information\/wp-json\/wp\/v2\/posts\/29767\/revisions"}],"predecessor-version":[{"id":29774,"href":"https:\/\/www.forum-soegel.de\/information\/wp-json\/wp\/v2\/posts\/29767\/revisions\/29774"}],"wp:attachment":[{"href":"https:\/\/www.forum-soegel.de\/information\/wp-json\/wp\/v2\/media?parent=29767"}],"wp:term":[{"taxonomy":"category","embeddable":true,"href":"https:\/\/www.forum-soegel.de\/information\/wp-json\/wp\/v2\/categories?post=29767"},{"taxonomy":"post_tag","embeddable":true,"href":"https:\/\/www.forum-soegel.de\/information\/wp-json\/wp\/v2\/tags?post=29767"}],"curies":[{"name":"wp","href":"https:\/\/api.w.org\/{rel}","templated":true}]}}