{"id":29764,"date":"2020-11-12T18:57:52","date_gmt":"2020-11-12T17:57:52","guid":{"rendered":"https:\/\/www.forum-soegel.de\/information\/?p=29764"},"modified":"2020-11-12T18:57:53","modified_gmt":"2020-11-12T17:57:53","slug":"der-mobile-einkaufswagen-startet-wieder-am-1-oktober-2020","status":"publish","type":"post","link":"https:\/\/www.forum-soegel.de\/information\/2020\/11\/der-mobile-einkaufswagen-startet-wieder-am-1-oktober-2020\/","title":{"rendered":"Der \u201eMobile Einkaufswagen\u201c startet wieder am 1. Oktober 2020"},"content":{"rendered":"\n<p>S\u00f6gel \u2013 Lange war Pause, Zwangspause wegen Corona. Doch ab Donnerstag, den 1. Oktober startet der Mobile Einkaufswagen der Malteser wieder in S\u00f6gel und begleitet ab 14.00 Uhr Seniorinnen und Senioren zum Einkauf. Die Person wird vor der Haust\u00fcr abgeholt und zum Einkaufsmarkt gefahren. Dort darf dann in Ruhe eingekauft werden, wenn n\u00f6tig mit Begleitung.<\/p>\n\n\n\n<p>Die Kaffeepause in der B\u00e4ckerei und ein kleiner gesellschaftlicher Austausch findet statt, nat\u00fcrlich aber alles mit Abstand.<\/p>\n\n\n\n<p>Wer mitfahren m\u00f6chte, muss sich vorab telefonisch unbedingt bei der Dienststelle<\/p>\n\n\n\n<p>anmelden. Hier wird nicht nur die Abholzeit besprochen, sondern auch ein schriftliches Dokument \u00fcber die Hygienebedingungen nebst Erkl\u00e4rung vor der ersten Fahrt wird zugesandt.<\/p>\n\n\n\n<p>Auch das Team wurde in alle Abl\u00e4ufe, die bez\u00fcglich Corona vor und w\u00e4hrend der Fahrt zu beachten sind, eingewiesen. Alle ehrenamtlichen Mitarbeiterinnen und Mitarbeiter sind sich einig: Sie m\u00f6chte wieder starten und freuen sich auf ihre bisherige Kundschaft, aber auch auf neue Gesichter, die diesen kostenlosen Dienst in Anspruch nehmen m\u00f6chten.<\/p>\n\n\n\n<p>Auskunft erteilt die Malteser Gesch\u00e4ftsstelle H\u00fcmmling von Mo-Fr. in der Zeit von 8.00 bis 16.30 Uhr unter Telefon 05952-9120.<\/p>\n\n\n\n<p>Text\/Foto: Rita Hagenhoff<\/p>\n\n\n\n<figure class=\"wp-block-gallery columns-1 is-cropped wp-block-gallery-1 is-layout-flex wp-block-gallery-is-layout-flex\"><ul class=\"blocks-gallery-grid\"><li class=\"blocks-gallery-item\"><figure><a href=\"https:\/\/www.forum-soegel.de\/information\/wp-content\/uploads\/2020\/11\/Der-\u201eMobile-Einkaufswagen-startet-am-1.-Oktober-2020-wieder-1.jpg\"><img loading=\"lazy\" decoding=\"async\" width=\"1024\" height=\"768\" src=\"https:\/\/www.forum-soegel.de\/information\/wp-content\/uploads\/2020\/11\/Der-\u201eMobile-Einkaufswagen-startet-am-1.-Oktober-2020-wieder-1.jpg\" alt=\"\" data-id=\"29765\" data-full-url=\"https:\/\/www.forum-soegel.de\/information\/wp-content\/uploads\/2020\/11\/Der-\u201eMobile-Einkaufswagen-startet-am-1.-Oktober-2020-wieder-1.jpg\" data-link=\"https:\/\/www.forum-soegel.de\/information\/?attachment_id=29765\" class=\"wp-image-29765\" srcset=\"https:\/\/www.forum-soegel.de\/information\/wp-content\/uploads\/2020\/11\/Der-\u201eMobile-Einkaufswagen-startet-am-1.-Oktober-2020-wieder-1.jpg 1024w, https:\/\/www.forum-soegel.de\/information\/wp-content\/uploads\/2020\/11\/Der-\u201eMobile-Einkaufswagen-startet-am-1.-Oktober-2020-wieder-1-300x225.jpg 300w, https:\/\/www.forum-soegel.de\/information\/wp-content\/uploads\/2020\/11\/Der-\u201eMobile-Einkaufswagen-startet-am-1.-Oktober-2020-wieder-1-768x576.jpg 768w\" sizes=\"auto, (max-width: 1024px) 100vw, 1024px\" \/><\/a><\/figure><\/li><\/ul><\/figure>\n","protected":false},"excerpt":{"rendered":"S\u00f6gel \u2013 Lange war Pause, Zwangspause wegen Corona. Doch ab Donnerstag, den 1. Oktober startet der Mobile Einkaufswagen der Malteser wieder in S\u00f6gel und begleitet ab 14.00 Uhr Seniorinnen und Senioren zum Einkauf. Die Person wird vor der Haust\u00fcr abgeholt und zum Einkaufsmarkt gefahren. Dort darf dann in Ruhe eingekauft werden, wenn n\u00f6tig mit Begleitung. [&hellip;]\n","protected":false},"author":2,"featured_media":0,"comment_status":"closed","ping_status":"closed","sticky":false,"template":"","format":"standard","meta":{"ngg_post_thumbnail":0,"footnotes":""},"categories":[3],"tags":[],"class_list":["post-29764","post","type-post","status-publish","format-standard","hentry","category-aktuelles-aus-der-region"],"_links":{"self":[{"href":"https:\/\/www.forum-soegel.de\/information\/wp-json\/wp\/v2\/posts\/29764","targetHints":{"allow":["GET"]}}],"collection":[{"href":"https:\/\/www.forum-soegel.de\/information\/wp-json\/wp\/v2\/posts"}],"about":[{"href":"https:\/\/www.forum-soegel.de\/information\/wp-json\/wp\/v2\/types\/post"}],"author":[{"embeddable":true,"href":"https:\/\/www.forum-soegel.de\/information\/wp-json\/wp\/v2\/users\/2"}],"replies":[{"embeddable":true,"href":"https:\/\/www.forum-soegel.de\/information\/wp-json\/wp\/v2\/comments?post=29764"}],"version-history":[{"count":1,"href":"https:\/\/www.forum-soegel.de\/information\/wp-json\/wp\/v2\/posts\/29764\/revisions"}],"predecessor-version":[{"id":29766,"href":"https:\/\/www.forum-soegel.de\/information\/wp-json\/wp\/v2\/posts\/29764\/revisions\/29766"}],"wp:attachment":[{"href":"https:\/\/www.forum-soegel.de\/information\/wp-json\/wp\/v2\/media?parent=29764"}],"wp:term":[{"taxonomy":"category","embeddable":true,"href":"https:\/\/www.forum-soegel.de\/information\/wp-json\/wp\/v2\/categories?post=29764"},{"taxonomy":"post_tag","embeddable":true,"href":"https:\/\/www.forum-soegel.de\/information\/wp-json\/wp\/v2\/tags?post=29764"}],"curies":[{"name":"wp","href":"https:\/\/api.w.org\/{rel}","templated":true}]}}