{"id":29761,"date":"2020-11-12T18:56:40","date_gmt":"2020-11-12T17:56:40","guid":{"rendered":"https:\/\/www.forum-soegel.de\/information\/?p=29761"},"modified":"2020-11-12T18:56:41","modified_gmt":"2020-11-12T17:56:41","slug":"clemenswerth-erhaelt-weitere-bundesfoerderung","status":"publish","type":"post","link":"https:\/\/www.forum-soegel.de\/information\/2020\/11\/clemenswerth-erhaelt-weitere-bundesfoerderung\/","title":{"rendered":"Clemenswerth erh\u00e4lt weitere Bundesf\u00f6rderung"},"content":{"rendered":"\n<p><em><strong>Informationsvermittlung zuk\u00fcnftig digital &#8211; Connemann k\u00fcmmert sich um Finanzspritze aus Berlin<\/strong><\/em><\/p>\n\n\n\n<p>S\u00f6gel &#8211; Museumsleiter Oliver Fok und sein Team d\u00fcrfen sich wieder freuen. Denn der warme Geldregen f\u00fcr das Schloss Clemenswerth h\u00e4lt an. Vor wenigen Wochen hatte das Museum eine Finanzspritze des Bundes von \u00fcber 20.000 Euro erhalten. Jetzt wird ein weiteres Projekt der Emsl\u00e4nder gef\u00f6rdert. Es soll eine digitale Informationseinheit angeschafft werden. Daf\u00fcr gibt es eine Finanzspritze aus Berlin in H\u00f6he von 11.500 Euro. Diese gute Nachricht \u00fcberbrachte die CDU-Bundestagsabgeordnete Gitta Connemann jetzt Museumsdirektor Oliver Fok und dem Vorsitzenden des Emsl\u00e4ndischen Heimatbundes Hermann Br\u00f6ring.<\/p>\n\n\n\n<p>Die Investition wird zum Schutz vor Corona n\u00f6tig. Denn Besucherinformation und Kasse m\u00fcssen nachger\u00fcstet werden. Seit Gr\u00fcndung des Museums sind diese in einem kleinen Eckraum untergebracht. Der Kontakt zum Besucher erfolgt durch ein kleines Fenster. Alle Informationen m\u00fcssen m\u00fcndlich gegeben werden. Mehrere Besucher k\u00f6nnen nicht gleichzeitig beraten werden. Abstandregeln sind kaum einzuhalten. Weitere Informationsangebote stehen Besuchern aus Platzgr\u00fcnden nicht zur Verf\u00fcgung. Zwangsl\u00e4ufig entsteht regelm\u00e4\u00dfig ein Engpass. Um diesen Knotenpunkt zu entzerren, soll eine digitale Informationseinheit installiert werden. Die \u201eMedienstele\u201c soll einige Meter vom Kassenfenster entfernt errichtet werden. Diese kann per PC mit aktuellen Informationen gespeist werden. Oliver Fok erkl\u00e4rt: \u201eDamit werden<\/p>\n\n\n\n<p>Schlangen verhindert und der ersehnte Strom an Besuchern entzerrt.\u201c<\/p>\n\n\n\n<p>Gitta Connemann ist von dem Projekt \u00fcberzeugt. Deshalb hatte sie Fok auf das Programm \u201eNeustart\u201c des Bundes aufmerksam gemacht. Dabei handelt es sich um ein Sofortprogramm f\u00fcr coronabedingte Investitionen in Kultureinrichtungen. \u201eDas war f\u00fcr Clemenswerth wie gemacht.\u201c Mit dieser \u00dcberzeugung klopfte die Christdemokratin an der T\u00fcr ihrer Kollegin und Kulturstaatsministerin Monika Gr\u00fctters. Sie warb f\u00fcr Clemenswerth. Mit Erfolg. Deshalb hatte<\/p>\n\n\n\n<p>sie gute Nachrichten im Gep\u00e4ck. Anschaffung und Installation der Stele kosten rund 12.800 Euro. Der Bund \u00fcbernimmt davon 11.500 Euro der Kosten: \u201eSchloss Clemenswerth ist ein Denkmal. Daran zeigt sich die Kultur und Geschichte unserer Region. Der Landkreis Emsland erh\u00e4lt dieses kulturelle Erbe. Und<\/p>\n\n\n\n<p>Museumsleiter Oliver Fok und sein Team erf\u00fcllen es mit Leben. Das bew\u00e4hrt sich &#8211; selbst in so schwierigen Zeiten. Die G\u00e4ste stehen Schlange. Und in Zukunft k\u00f6nnen sie dies auch tun, ohne sich oder andere zu gef\u00e4hrden. Das ist eine Investition in die Zukunft.\u201c<\/p>\n\n\n\n<p>Text\/Foto: Pressemitteilung Gitta Connemann<\/p>\n\n\n\n<figure class=\"wp-block-gallery columns-1 is-cropped wp-block-gallery-1 is-layout-flex wp-block-gallery-is-layout-flex\"><ul class=\"blocks-gallery-grid\"><li class=\"blocks-gallery-item\"><figure><a href=\"https:\/\/www.forum-soegel.de\/information\/wp-content\/uploads\/2020\/11\/Clemenswerth-erhaelt-weitere-Bundesfoerderung-1.jpg\"><img loading=\"lazy\" decoding=\"async\" width=\"1024\" height=\"768\" src=\"https:\/\/www.forum-soegel.de\/information\/wp-content\/uploads\/2020\/11\/Clemenswerth-erhaelt-weitere-Bundesfoerderung-1.jpg\" alt=\"\" data-id=\"29762\" data-full-url=\"https:\/\/www.forum-soegel.de\/information\/wp-content\/uploads\/2020\/11\/Clemenswerth-erhaelt-weitere-Bundesfoerderung-1.jpg\" data-link=\"https:\/\/www.forum-soegel.de\/information\/?attachment_id=29762\" class=\"wp-image-29762\" srcset=\"https:\/\/www.forum-soegel.de\/information\/wp-content\/uploads\/2020\/11\/Clemenswerth-erhaelt-weitere-Bundesfoerderung-1.jpg 1024w, https:\/\/www.forum-soegel.de\/information\/wp-content\/uploads\/2020\/11\/Clemenswerth-erhaelt-weitere-Bundesfoerderung-1-300x225.jpg 300w, https:\/\/www.forum-soegel.de\/information\/wp-content\/uploads\/2020\/11\/Clemenswerth-erhaelt-weitere-Bundesfoerderung-1-768x576.jpg 768w\" sizes=\"auto, (max-width: 1024px) 100vw, 1024px\" \/><\/a><\/figure><\/li><\/ul><\/figure>\n","protected":false},"excerpt":{"rendered":"Informationsvermittlung zuk\u00fcnftig digital &#8211; Connemann k\u00fcmmert sich um Finanzspritze aus Berlin S\u00f6gel &#8211; Museumsleiter Oliver Fok und sein Team d\u00fcrfen sich wieder freuen. Denn der warme Geldregen f\u00fcr das Schloss Clemenswerth h\u00e4lt an. Vor wenigen Wochen hatte das Museum eine Finanzspritze des Bundes von \u00fcber 20.000 Euro erhalten. Jetzt wird ein weiteres Projekt der Emsl\u00e4nder [&hellip;]\n","protected":false},"author":2,"featured_media":0,"comment_status":"closed","ping_status":"closed","sticky":false,"template":"","format":"standard","meta":{"ngg_post_thumbnail":0,"footnotes":""},"categories":[3],"tags":[],"class_list":["post-29761","post","type-post","status-publish","format-standard","hentry","category-aktuelles-aus-der-region"],"_links":{"self":[{"href":"https:\/\/www.forum-soegel.de\/information\/wp-json\/wp\/v2\/posts\/29761","targetHints":{"allow":["GET"]}}],"collection":[{"href":"https:\/\/www.forum-soegel.de\/information\/wp-json\/wp\/v2\/posts"}],"about":[{"href":"https:\/\/www.forum-soegel.de\/information\/wp-json\/wp\/v2\/types\/post"}],"author":[{"embeddable":true,"href":"https:\/\/www.forum-soegel.de\/information\/wp-json\/wp\/v2\/users\/2"}],"replies":[{"embeddable":true,"href":"https:\/\/www.forum-soegel.de\/information\/wp-json\/wp\/v2\/comments?post=29761"}],"version-history":[{"count":1,"href":"https:\/\/www.forum-soegel.de\/information\/wp-json\/wp\/v2\/posts\/29761\/revisions"}],"predecessor-version":[{"id":29763,"href":"https:\/\/www.forum-soegel.de\/information\/wp-json\/wp\/v2\/posts\/29761\/revisions\/29763"}],"wp:attachment":[{"href":"https:\/\/www.forum-soegel.de\/information\/wp-json\/wp\/v2\/media?parent=29761"}],"wp:term":[{"taxonomy":"category","embeddable":true,"href":"https:\/\/www.forum-soegel.de\/information\/wp-json\/wp\/v2\/categories?post=29761"},{"taxonomy":"post_tag","embeddable":true,"href":"https:\/\/www.forum-soegel.de\/information\/wp-json\/wp\/v2\/tags?post=29761"}],"curies":[{"name":"wp","href":"https:\/\/api.w.org\/{rel}","templated":true}]}}