{"id":29758,"date":"2020-11-12T18:55:05","date_gmt":"2020-11-12T17:55:05","guid":{"rendered":"https:\/\/www.forum-soegel.de\/information\/?p=29758"},"modified":"2020-11-12T18:55:06","modified_gmt":"2020-11-12T17:55:06","slug":"beirat-der-stiftung-kulturkreis-clemenswerth-neu-aufgestellt","status":"publish","type":"post","link":"https:\/\/www.forum-soegel.de\/information\/2020\/11\/beirat-der-stiftung-kulturkreis-clemenswerth-neu-aufgestellt\/","title":{"rendered":"Beirat der Stiftung Kulturkreis Clemenswerth neu aufgestellt"},"content":{"rendered":"\n<p><strong><em>Der Kulturkreis Clemenswerth trotzt der Corona-Krise<\/em><\/strong><\/p>\n\n\n\n<p>S\u00f6gel &#8211; Seine langj\u00e4hrige Aufgabe als Vorsitzender des Beirates der Stiftung Kulturkreis Clemenswerth hat Gerd Gepp jetzt an Walter Deitermann \u00fcbergeben. In der j\u00fcngsten Sitzung des Beirates wurde Gerd Gepp f\u00fcr seinen ehrenamtlichen Einsatz zum Wohl der Stiftung und des Kulturkreises Clemenswerth w\u00fcrdig verabschiedet. Zugleich sind drei neue Mitglieder dem Beirat beigetreten. Anja Deeken-Rickermann (S\u00f6gel), Annette Schneckenberger (Lathen) und Georg Schr\u00f6er (S\u00f6gel) wurden einstimmig als neue Beiratsmitglieder gew\u00e4hlt. Vorstandsvorsitzender G\u00fcnter Wigbers dankte allen f\u00fcr ihre Bereitschaft mitzugestalten und verabschiedete Gerd Gepp mit einem Blumenstrau\u00df.<\/p>\n\n\n\n<p>Als langj\u00e4hriger Wegbegleiter danke Vorstandsmitglied Michael Hevicke dem scheidenden Vorsitzenden Gepp. \u201eSeitdem ich Dich kenne, bin ich immer wieder erstaunt, welcher Sch\u00f6ngeist in diesem Naturwissenschaftler Gerd Gepp steckt. Da ist eine gro\u00dfe, offene Seelenverwandtschaft zu allem, was die Muse uns bereith\u00e4lt: Theater, Malerei, Musik. Es ist die Sch\u00f6nheit, die Dich fasziniert und erfreut. Diese Sch\u00f6nheit ist auch Deine Br\u00fccke zur Natur, deren Vielfalt und Zusammenspiel Dich begeistert.\u201c Die Mitglieder der Stiftung w\u00fcrden sp\u00fcren, dass sie einen Vorsitzenden ziehen lassen m\u00fcssen, der mit seiner Lebensausrichtung und seinem Engagement f\u00fcr die Kultur und in der Stiftung am richtigen Platz war. Gepp dankte f\u00fcr die freundlichen Worte und sagte, dass er seine Zeit gerne f\u00fcr die Belange des Kulturkreises hergegeben habe und bedankte sich zudem f\u00fcr die gute Zusammenarbeit.<\/p>\n\n\n\n<p>Manfred Rojahn als Vorsitzender des Kulturkreises Clemenswerth berichtet von verschiedenen, auch Corona bedingten Entwicklungen, die seinen Kulturkreisvorsitz aktuell zu einem Vollzeitjob machten: \u201eDie Vergangenheit hat bisher durch Corona zu keinen nennenswerten finanziellen Verlusten gef\u00fchrt, aber die Zukunft wird sehr schwierig und ohne erheblichem finanziellen Aufwand nicht zu bestehen sein.\u201c Globales Ziel sei es, den Kulturkreis pr\u00e4sent zu halten und \u00fcber die augenblickliche Krise zu retten. Der Start in die Saison erfolge mit dem Theaterst\u00fcck \u201eSchillers R\u00e4uber\u201c am 26. September, wo nach dem vorliegenden Hygienekonzept 120 Zuschauer in die Aula gelassen werden d\u00fcrfen.<\/p>\n\n\n\n<p>Sowohl der ausscheidende Kassenf\u00fchrer Georg Schmidt als auch der neue Kassenf\u00fchrer Lambert Brand wiesen auf eine bis jetzt solide Finanzlage hin. Nach wie vor k\u00f6nne die Stiftung dem Kulturkreis als sicherer Partner finanziell und ideell zur Seite stehen.<\/p>\n\n\n\n<p>Gesch\u00e4ftsf\u00fchrerin Ingrid Cloppenburg berichtet \u00fcber ihre bisherigen Kontakte zu K\u00fcnstlern aus dem S\u00f6geler Umfeld f\u00fcr ein m\u00f6gliches Stiftungskonzert. Grunds\u00e4tzlich zugesagt hatten Wolfgang Czeranka, Filmemacher Sandro Giampietro und die Br\u00fcder Schmidt. Corona bedingte Auflagen machen ein Konzert in diesem Jahr jedoch unm\u00f6glich. Auch die geplante Fahrt zur Elbphilharmonie musste abgesagt werden. Hier konnte allerdings f\u00fcr den kommenden Sommer wieder ein Kartenkontingent erworben werden, so dass die Fahrt nachgeholt werden kann, sofern coronabedingt m\u00f6glich.<\/p>\n\n\n\n<p>Foto\/Text: Stiftung Kulturkreis Clemenswerth<\/p>\n\n\n\n<figure class=\"wp-block-gallery columns-1 is-cropped wp-block-gallery-1 is-layout-flex wp-block-gallery-is-layout-flex\"><ul class=\"blocks-gallery-grid\"><li class=\"blocks-gallery-item\"><figure><a href=\"https:\/\/www.forum-soegel.de\/information\/wp-content\/uploads\/2020\/11\/Beirat-der-Stiftung-Kulturkreis-Clemenswerth-neu-aufgestellt-1-scaled.jpeg\"><img loading=\"lazy\" decoding=\"async\" width=\"1024\" height=\"719\" src=\"https:\/\/www.forum-soegel.de\/information\/wp-content\/uploads\/2020\/11\/Beirat-der-Stiftung-Kulturkreis-Clemenswerth-neu-aufgestellt-1-1024x719.jpeg\" alt=\"\" data-id=\"29759\" data-full-url=\"https:\/\/www.forum-soegel.de\/information\/wp-content\/uploads\/2020\/11\/Beirat-der-Stiftung-Kulturkreis-Clemenswerth-neu-aufgestellt-1-scaled.jpeg\" data-link=\"https:\/\/www.forum-soegel.de\/information\/?attachment_id=29759\" class=\"wp-image-29759\" srcset=\"https:\/\/www.forum-soegel.de\/information\/wp-content\/uploads\/2020\/11\/Beirat-der-Stiftung-Kulturkreis-Clemenswerth-neu-aufgestellt-1-1024x719.jpeg 1024w, https:\/\/www.forum-soegel.de\/information\/wp-content\/uploads\/2020\/11\/Beirat-der-Stiftung-Kulturkreis-Clemenswerth-neu-aufgestellt-1-300x211.jpeg 300w, https:\/\/www.forum-soegel.de\/information\/wp-content\/uploads\/2020\/11\/Beirat-der-Stiftung-Kulturkreis-Clemenswerth-neu-aufgestellt-1-768x539.jpeg 768w, https:\/\/www.forum-soegel.de\/information\/wp-content\/uploads\/2020\/11\/Beirat-der-Stiftung-Kulturkreis-Clemenswerth-neu-aufgestellt-1-1536x1079.jpeg 1536w, https:\/\/www.forum-soegel.de\/information\/wp-content\/uploads\/2020\/11\/Beirat-der-Stiftung-Kulturkreis-Clemenswerth-neu-aufgestellt-1-2048x1439.jpeg 2048w\" sizes=\"auto, (max-width: 1024px) 100vw, 1024px\" \/><\/a><\/figure><\/li><\/ul><\/figure>\n","protected":false},"excerpt":{"rendered":"Der Kulturkreis Clemenswerth trotzt der Corona-Krise S\u00f6gel &#8211; Seine langj\u00e4hrige Aufgabe als Vorsitzender des Beirates der Stiftung Kulturkreis Clemenswerth hat Gerd Gepp jetzt an Walter Deitermann \u00fcbergeben. In der j\u00fcngsten Sitzung des Beirates wurde Gerd Gepp f\u00fcr seinen ehrenamtlichen Einsatz zum Wohl der Stiftung und des Kulturkreises Clemenswerth w\u00fcrdig verabschiedet. Zugleich sind drei neue Mitglieder [&hellip;]\n","protected":false},"author":2,"featured_media":0,"comment_status":"closed","ping_status":"closed","sticky":false,"template":"","format":"standard","meta":{"ngg_post_thumbnail":0,"footnotes":""},"categories":[3],"tags":[],"class_list":["post-29758","post","type-post","status-publish","format-standard","hentry","category-aktuelles-aus-der-region"],"_links":{"self":[{"href":"https:\/\/www.forum-soegel.de\/information\/wp-json\/wp\/v2\/posts\/29758","targetHints":{"allow":["GET"]}}],"collection":[{"href":"https:\/\/www.forum-soegel.de\/information\/wp-json\/wp\/v2\/posts"}],"about":[{"href":"https:\/\/www.forum-soegel.de\/information\/wp-json\/wp\/v2\/types\/post"}],"author":[{"embeddable":true,"href":"https:\/\/www.forum-soegel.de\/information\/wp-json\/wp\/v2\/users\/2"}],"replies":[{"embeddable":true,"href":"https:\/\/www.forum-soegel.de\/information\/wp-json\/wp\/v2\/comments?post=29758"}],"version-history":[{"count":1,"href":"https:\/\/www.forum-soegel.de\/information\/wp-json\/wp\/v2\/posts\/29758\/revisions"}],"predecessor-version":[{"id":29760,"href":"https:\/\/www.forum-soegel.de\/information\/wp-json\/wp\/v2\/posts\/29758\/revisions\/29760"}],"wp:attachment":[{"href":"https:\/\/www.forum-soegel.de\/information\/wp-json\/wp\/v2\/media?parent=29758"}],"wp:term":[{"taxonomy":"category","embeddable":true,"href":"https:\/\/www.forum-soegel.de\/information\/wp-json\/wp\/v2\/categories?post=29758"},{"taxonomy":"post_tag","embeddable":true,"href":"https:\/\/www.forum-soegel.de\/information\/wp-json\/wp\/v2\/tags?post=29758"}],"curies":[{"name":"wp","href":"https:\/\/api.w.org\/{rel}","templated":true}]}}