{"id":29663,"date":"2020-10-01T09:41:00","date_gmt":"2020-10-01T07:41:00","guid":{"rendered":"https:\/\/www.forum-soegel.de\/information\/?p=29663"},"modified":"2020-10-12T09:42:48","modified_gmt":"2020-10-12T07:42:48","slug":"soegel-summt-saat-fuer-blumenwiesen","status":"publish","type":"post","link":"https:\/\/www.forum-soegel.de\/information\/2020\/10\/soegel-summt-saat-fuer-blumenwiesen\/","title":{"rendered":"S\u00f6gel summt \u2013 Saat f\u00fcr Blumenwiesen"},"content":{"rendered":"\n<p>S\u00f6gel &#8211; Im Garten der Familie Jansen-Meiners aus S\u00f6gel wird im kommenden Jahr eine farbenfrohe und insektenfreundliche Blumenwiese bl\u00fchen. Die Einsaat dazu erfolgt jetzt im Herbst.<\/p>\n\n\n\n<p>Antonius und Freya Jansen-Meiners hatten sich beim B\u00fcrgerinformationsabend im Februar dieses Jahrs zum Projekt \u201eS\u00f6gel summt\u201c \u00fcber M\u00f6glichkeiten zur naturfreundlichen Gestaltung erkundigt. Nun konnten sie als einer der ersten aus S\u00f6gel Regiosaatgut aus den H\u00e4nden der Projektleiterin Maria Dierkes (Dipl.-Ing. f\u00fcr Gartenbau, FH) entgegennehmen; zugleich lieferte Dierkes n\u00fctzliche Informationen \u00fcber die Einsaat und Pflege der Bl\u00fchwiese.<\/p>\n\n\n\n<p>Sie erkl\u00e4rte, dass zun\u00e4chst die Fl\u00e4che f\u00fcr die k\u00fcnftige Blumenwiese ger\u00e4umt werden m\u00fcsse. Dieses k\u00f6nne durch Pfl\u00fcgen, Fr\u00e4sen oder durch Nutzung der Umkehrfr\u00e4se geschehen. Sie empfahl, den Kontakt zu den Oldtimerfreunden S\u00f6gel aufzunehmen, die erfahrungsgem\u00e4\u00df diese Aktionen tatkr\u00e4ftig mit ihren historischen Fahrzeugen unterst\u00fctzen w\u00fcrden. Unkrautvernichter d\u00fcrfe nat\u00fcrlich nicht zum Einsatz kommen. Das Saatgut solle auf eine ebene und feinkr\u00fcmelige Erde, dem Saatbett, aufgetragen werden. Da es sich bei dem Saatgut um Lichtkeimer handele, d\u00fcrfe es nur obenauf ges\u00e4t und nicht eingearbeitet, sondern nur angewalzt werden.&nbsp; Nach dem Auflaufen von Unkraut erfolge ein sogenannter \u201eSchr\u00f6pfschnitt\u201c mit Entfernung des Mahdgutes, um das Ausbreiten von Unkr\u00e4utern zu verhindern.<\/p>\n\n\n\n<p>Sp\u00e4ter m\u00fcsse die Wiese mindestens einmal im Jahr gem\u00e4ht werden. Auch hier sei das Mahdgut einzuholen, um einer Vergreisung, einer Artenverarmung, einer ungewollten N\u00e4hrstoffanreicherung und \u201eErstickung\u201c der Wiese vorzubeugen.&nbsp; Auch k\u00f6nne man f\u00fcr einen gepflegteren Eindruck einen Streifen im Randbereich oder zum Begehen der Fl\u00e4che einen Bereich als Wegfl\u00e4che m\u00e4hen.<\/p>\n\n\n\n<p>Neben Firmen k\u00f6nnen nun auch Privatpersonen bei der naturfreundlichen Gestaltung von Freifl\u00e4chen von der Gemeinde S\u00f6gel Unterst\u00fctzung erfahren. Dieses erfolgt mit der Bereitstellung von Saatgut und mit einer Beratung zur Umsetzung. Antr\u00e4ge zu dieser Aktion sind in der Gemeindeverwaltung erh\u00e4ltlich.<\/p>\n\n\n\n<p>Text\/Foto: Ingrid Cloppenburg<\/p>\n\n\n\n<figure class=\"wp-block-gallery columns-1 is-cropped wp-block-gallery-1 is-layout-flex wp-block-gallery-is-layout-flex\"><ul class=\"blocks-gallery-grid\"><li class=\"blocks-gallery-item\"><figure><a href=\"https:\/\/www.forum-soegel.de\/information\/wp-content\/uploads\/2020\/10\/Soegel-summt-\u2013-Saat-fuer-Blumenwiesen-1.jpg\"><img loading=\"lazy\" decoding=\"async\" width=\"1024\" height=\"768\" src=\"https:\/\/www.forum-soegel.de\/information\/wp-content\/uploads\/2020\/10\/Soegel-summt-\u2013-Saat-fuer-Blumenwiesen-1.jpg\" alt=\"\" data-id=\"29664\" data-full-url=\"https:\/\/www.forum-soegel.de\/information\/wp-content\/uploads\/2020\/10\/Soegel-summt-\u2013-Saat-fuer-Blumenwiesen-1.jpg\" data-link=\"https:\/\/www.forum-soegel.de\/information\/?attachment_id=29664\" class=\"wp-image-29664\" srcset=\"https:\/\/www.forum-soegel.de\/information\/wp-content\/uploads\/2020\/10\/Soegel-summt-\u2013-Saat-fuer-Blumenwiesen-1.jpg 1024w, https:\/\/www.forum-soegel.de\/information\/wp-content\/uploads\/2020\/10\/Soegel-summt-\u2013-Saat-fuer-Blumenwiesen-1-300x225.jpg 300w, https:\/\/www.forum-soegel.de\/information\/wp-content\/uploads\/2020\/10\/Soegel-summt-\u2013-Saat-fuer-Blumenwiesen-1-768x576.jpg 768w\" sizes=\"auto, (max-width: 1024px) 100vw, 1024px\" \/><\/a><\/figure><\/li><\/ul><\/figure>\n","protected":false},"excerpt":{"rendered":"S\u00f6gel &#8211; Im Garten der Familie Jansen-Meiners aus S\u00f6gel wird im kommenden Jahr eine farbenfrohe und insektenfreundliche Blumenwiese bl\u00fchen. Die Einsaat dazu erfolgt jetzt im Herbst. Antonius und Freya Jansen-Meiners hatten sich beim B\u00fcrgerinformationsabend im Februar dieses Jahrs zum Projekt \u201eS\u00f6gel summt\u201c \u00fcber M\u00f6glichkeiten zur naturfreundlichen Gestaltung erkundigt. Nun konnten sie als einer der ersten [&hellip;]\n","protected":false},"author":2,"featured_media":0,"comment_status":"closed","ping_status":"closed","sticky":false,"template":"","format":"standard","meta":{"ngg_post_thumbnail":0,"footnotes":""},"categories":[3],"tags":[],"class_list":["post-29663","post","type-post","status-publish","format-standard","hentry","category-aktuelles-aus-der-region"],"_links":{"self":[{"href":"https:\/\/www.forum-soegel.de\/information\/wp-json\/wp\/v2\/posts\/29663","targetHints":{"allow":["GET"]}}],"collection":[{"href":"https:\/\/www.forum-soegel.de\/information\/wp-json\/wp\/v2\/posts"}],"about":[{"href":"https:\/\/www.forum-soegel.de\/information\/wp-json\/wp\/v2\/types\/post"}],"author":[{"embeddable":true,"href":"https:\/\/www.forum-soegel.de\/information\/wp-json\/wp\/v2\/users\/2"}],"replies":[{"embeddable":true,"href":"https:\/\/www.forum-soegel.de\/information\/wp-json\/wp\/v2\/comments?post=29663"}],"version-history":[{"count":1,"href":"https:\/\/www.forum-soegel.de\/information\/wp-json\/wp\/v2\/posts\/29663\/revisions"}],"predecessor-version":[{"id":29665,"href":"https:\/\/www.forum-soegel.de\/information\/wp-json\/wp\/v2\/posts\/29663\/revisions\/29665"}],"wp:attachment":[{"href":"https:\/\/www.forum-soegel.de\/information\/wp-json\/wp\/v2\/media?parent=29663"}],"wp:term":[{"taxonomy":"category","embeddable":true,"href":"https:\/\/www.forum-soegel.de\/information\/wp-json\/wp\/v2\/categories?post=29663"},{"taxonomy":"post_tag","embeddable":true,"href":"https:\/\/www.forum-soegel.de\/information\/wp-json\/wp\/v2\/tags?post=29663"}],"curies":[{"name":"wp","href":"https:\/\/api.w.org\/{rel}","templated":true}]}}