{"id":29661,"date":"2020-10-01T09:38:00","date_gmt":"2020-10-01T07:38:00","guid":{"rendered":"https:\/\/www.forum-soegel.de\/information\/?p=29661"},"modified":"2020-10-12T09:41:31","modified_gmt":"2020-10-12T07:41:31","slug":"soegel-summt-gartentipps-fuer-oktober","status":"publish","type":"post","link":"https:\/\/www.forum-soegel.de\/information\/2020\/10\/soegel-summt-gartentipps-fuer-oktober\/","title":{"rendered":"S\u00f6gel summt &#8211; Gartentipps f\u00fcr Oktober"},"content":{"rendered":"\n<p>S\u00f6gel &#8211; Im Herbst setzt prachtvoll verf\u00e4rbtes Laub Akzente im Garten. Im Oktober haben Geh\u00f6lze ihr Wachstum abgeschlossen und bleiben bis zum Fr\u00fchjahr in der Ruhephase. Die Bl\u00e4tter vieler Pflanzen verf\u00e4rben sich leuchtend gelb oder rot und sorgen f\u00fcr eine eindrucksvolle Indian-Summer-F\u00e4rbung. Viele betrachten Laub als l\u00e4stigen Abfall, dabei dient es unter Hecken, Str\u00e4uchern und im Beet als wirkungsvoller Frostschutz. Au\u00dferdem sind solche Laubansammlungen ideale Winterquartiere f\u00fcr Igel. Allerdings m\u00fcssen Rasenfl\u00e4chen laubfrei gehalten werden, weil die Gr\u00e4ser sonst unter dem Laub verfaulen. Jetzt k\u00f6nnen alle unempfindlichen Geh\u00f6lze gepflanzt werden &#8211; also alle Wildgeh\u00f6lze sowie Rosen und Obstb\u00e4ume. Nur frostempfindliche Exemplare \u2013 wie z.B. Hibiscus, Hortensie, Schmetterlingsstrauch und alle Immergr\u00fcnen (mit Ausnahme des Ligusters) &#8211; sollten im Fr\u00fchjahr gesetzt werden. Die Herbstpflanzung hat den Vorteil, dass die Geh\u00f6lze im Fr\u00fchjahr schon Wurzeln gebildet haben. Dadurch haben sie einen deutlichen Wachstumsvorsprung. Alle Pflanzen m\u00fcssen gut angegossen werden. Zwanzig Liter Wasser, das entspricht zwei gro\u00dfen Gie\u00dfkannen, sind das Mindeste. Ein Gie\u00dfrand verhindert, dass das Wasser wegl\u00e4uft. Die Wurzelscheibe sollte durch Laub oder Kompost abgedeckt werden, damit der Boden vor Frost gesch\u00fctzt ist.<\/p>\n\n\n\n<p>Text: Ingrid Cloppenburg<\/p>\n\n\n\n<figure class=\"wp-block-gallery columns-0 is-cropped wp-block-gallery-1 is-layout-flex wp-block-gallery-is-layout-flex\"><ul class=\"blocks-gallery-grid\"><\/ul><\/figure>\n","protected":false},"excerpt":{"rendered":"S\u00f6gel &#8211; Im Herbst setzt prachtvoll verf\u00e4rbtes Laub Akzente im Garten. Im Oktober haben Geh\u00f6lze ihr Wachstum abgeschlossen und bleiben bis zum Fr\u00fchjahr in der Ruhephase. Die Bl\u00e4tter vieler Pflanzen verf\u00e4rben sich leuchtend gelb oder rot und sorgen f\u00fcr eine eindrucksvolle Indian-Summer-F\u00e4rbung. Viele betrachten Laub als l\u00e4stigen Abfall, dabei dient es unter Hecken, Str\u00e4uchern und [&hellip;]\n","protected":false},"author":2,"featured_media":0,"comment_status":"closed","ping_status":"closed","sticky":false,"template":"","format":"standard","meta":{"ngg_post_thumbnail":0,"footnotes":""},"categories":[3],"tags":[],"class_list":["post-29661","post","type-post","status-publish","format-standard","hentry","category-aktuelles-aus-der-region"],"_links":{"self":[{"href":"https:\/\/www.forum-soegel.de\/information\/wp-json\/wp\/v2\/posts\/29661","targetHints":{"allow":["GET"]}}],"collection":[{"href":"https:\/\/www.forum-soegel.de\/information\/wp-json\/wp\/v2\/posts"}],"about":[{"href":"https:\/\/www.forum-soegel.de\/information\/wp-json\/wp\/v2\/types\/post"}],"author":[{"embeddable":true,"href":"https:\/\/www.forum-soegel.de\/information\/wp-json\/wp\/v2\/users\/2"}],"replies":[{"embeddable":true,"href":"https:\/\/www.forum-soegel.de\/information\/wp-json\/wp\/v2\/comments?post=29661"}],"version-history":[{"count":1,"href":"https:\/\/www.forum-soegel.de\/information\/wp-json\/wp\/v2\/posts\/29661\/revisions"}],"predecessor-version":[{"id":29662,"href":"https:\/\/www.forum-soegel.de\/information\/wp-json\/wp\/v2\/posts\/29661\/revisions\/29662"}],"wp:attachment":[{"href":"https:\/\/www.forum-soegel.de\/information\/wp-json\/wp\/v2\/media?parent=29661"}],"wp:term":[{"taxonomy":"category","embeddable":true,"href":"https:\/\/www.forum-soegel.de\/information\/wp-json\/wp\/v2\/categories?post=29661"},{"taxonomy":"post_tag","embeddable":true,"href":"https:\/\/www.forum-soegel.de\/information\/wp-json\/wp\/v2\/tags?post=29661"}],"curies":[{"name":"wp","href":"https:\/\/api.w.org\/{rel}","templated":true}]}}