{"id":29654,"date":"2020-10-01T09:33:00","date_gmt":"2020-10-01T07:33:00","guid":{"rendered":"https:\/\/www.forum-soegel.de\/information\/?p=29654"},"modified":"2020-10-12T09:36:18","modified_gmt":"2020-10-12T07:36:18","slug":"neubau-der-agronstrasse-im-industriegebiet-angelaufen","status":"publish","type":"post","link":"https:\/\/www.forum-soegel.de\/information\/2020\/10\/neubau-der-agronstrasse-im-industriegebiet-angelaufen\/","title":{"rendered":"Neubau der Agronstra\u00dfe im Industriegebiet angelaufen"},"content":{"rendered":"\n<p><strong>Linksabbiegespur f\u00fcr Landesstra\u00dfe \u2013 Landkreis gew\u00e4hrt Zuschuss \u00fcber eine halbe Million Euro<\/strong><\/p>\n\n\n\n<p>S\u00f6gel &#8211; Auf einer L\u00e4nge von etwa einem Kilometer wurde eine neue Stra\u00dfe im Industriegebiet P\u00fcttkesberge in S\u00f6gel mit einer Anbindung an die Landesstra\u00dfe 54 gebaut. Die Asphaltdecke ist bereits aufgezogen. Mit dem derzeitigen Neubau einer Abbiegespur in der Landesstra\u00dfe 54 erhalten das Unternehmen Agron, welches sich dort k\u00fcnftig ansiedeln wird, und weitere Unternehmen am Standort eine neue Anbindung in Richtung Europastra\u00dfe 233.<\/p>\n\n\n\n<p>Der Landkreis Emsland unterst\u00fctzt dabei die Gemeinde S\u00f6gel beim Gewerbefl\u00e4chenankauf sowie beim Bau der neuen Erschlie\u00dfungsstra\u00dfe mit mehr als einer halben Million Euro.<\/p>\n\n\n\n<p>Ausf\u00fchrendes Unternehmen ist die Firma Peters aus Vrees mit einem Auftragsvolumen von rund 650.000 Euro. Planung und Bauleitung liegen in den H\u00e4nden des Ingenieurb\u00fcros Honnigfort und Br\u00fcmmer aus Haren und S\u00f6gel.<\/p>\n\n\n\n<p>Text\/Foto: Ingrid Cloppenburg<\/p>\n\n\n\n<figure class=\"wp-block-gallery columns-2 is-cropped wp-block-gallery-1 is-layout-flex wp-block-gallery-is-layout-flex\"><ul class=\"blocks-gallery-grid\"><li class=\"blocks-gallery-item\"><figure><a href=\"https:\/\/www.forum-soegel.de\/information\/wp-content\/uploads\/2020\/10\/Neubau-der-Agronstrasse-im-Industriegebiet-angelaufen-2.jpg\"><img loading=\"lazy\" decoding=\"async\" width=\"1024\" height=\"768\" src=\"https:\/\/www.forum-soegel.de\/information\/wp-content\/uploads\/2020\/10\/Neubau-der-Agronstrasse-im-Industriegebiet-angelaufen-2-1024x768.jpg\" alt=\"\" data-id=\"29655\" data-full-url=\"https:\/\/www.forum-soegel.de\/information\/wp-content\/uploads\/2020\/10\/Neubau-der-Agronstrasse-im-Industriegebiet-angelaufen-2.jpg\" data-link=\"https:\/\/www.forum-soegel.de\/information\/?attachment_id=29655\" class=\"wp-image-29655\" srcset=\"https:\/\/www.forum-soegel.de\/information\/wp-content\/uploads\/2020\/10\/Neubau-der-Agronstrasse-im-Industriegebiet-angelaufen-2-1024x768.jpg 1024w, https:\/\/www.forum-soegel.de\/information\/wp-content\/uploads\/2020\/10\/Neubau-der-Agronstrasse-im-Industriegebiet-angelaufen-2-300x225.jpg 300w, https:\/\/www.forum-soegel.de\/information\/wp-content\/uploads\/2020\/10\/Neubau-der-Agronstrasse-im-Industriegebiet-angelaufen-2-768x576.jpg 768w, https:\/\/www.forum-soegel.de\/information\/wp-content\/uploads\/2020\/10\/Neubau-der-Agronstrasse-im-Industriegebiet-angelaufen-2-1536x1152.jpg 1536w, https:\/\/www.forum-soegel.de\/information\/wp-content\/uploads\/2020\/10\/Neubau-der-Agronstrasse-im-Industriegebiet-angelaufen-2.jpg 2016w\" sizes=\"auto, (max-width: 1024px) 100vw, 1024px\" \/><\/a><\/figure><\/li><li class=\"blocks-gallery-item\"><figure><a href=\"https:\/\/www.forum-soegel.de\/information\/wp-content\/uploads\/2020\/10\/Neubau-der-Agronstrasse-im-Industriegebiet-angelaufen-1.jpg\"><img loading=\"lazy\" decoding=\"async\" width=\"1024\" height=\"768\" src=\"https:\/\/www.forum-soegel.de\/information\/wp-content\/uploads\/2020\/10\/Neubau-der-Agronstrasse-im-Industriegebiet-angelaufen-1-1024x768.jpg\" alt=\"\" data-id=\"29656\" data-full-url=\"https:\/\/www.forum-soegel.de\/information\/wp-content\/uploads\/2020\/10\/Neubau-der-Agronstrasse-im-Industriegebiet-angelaufen-1.jpg\" data-link=\"https:\/\/www.forum-soegel.de\/information\/?attachment_id=29656\" class=\"wp-image-29656\" srcset=\"https:\/\/www.forum-soegel.de\/information\/wp-content\/uploads\/2020\/10\/Neubau-der-Agronstrasse-im-Industriegebiet-angelaufen-1-1024x768.jpg 1024w, https:\/\/www.forum-soegel.de\/information\/wp-content\/uploads\/2020\/10\/Neubau-der-Agronstrasse-im-Industriegebiet-angelaufen-1-300x225.jpg 300w, https:\/\/www.forum-soegel.de\/information\/wp-content\/uploads\/2020\/10\/Neubau-der-Agronstrasse-im-Industriegebiet-angelaufen-1-768x576.jpg 768w, https:\/\/www.forum-soegel.de\/information\/wp-content\/uploads\/2020\/10\/Neubau-der-Agronstrasse-im-Industriegebiet-angelaufen-1-1536x1152.jpg 1536w, https:\/\/www.forum-soegel.de\/information\/wp-content\/uploads\/2020\/10\/Neubau-der-Agronstrasse-im-Industriegebiet-angelaufen-1.jpg 2016w\" sizes=\"auto, (max-width: 1024px) 100vw, 1024px\" \/><\/a><\/figure><\/li><\/ul><\/figure>\n","protected":false},"excerpt":{"rendered":"Linksabbiegespur f\u00fcr Landesstra\u00dfe \u2013 Landkreis gew\u00e4hrt Zuschuss \u00fcber eine halbe Million Euro S\u00f6gel &#8211; Auf einer L\u00e4nge von etwa einem Kilometer wurde eine neue Stra\u00dfe im Industriegebiet P\u00fcttkesberge in S\u00f6gel mit einer Anbindung an die Landesstra\u00dfe 54 gebaut. Die Asphaltdecke ist bereits aufgezogen. Mit dem derzeitigen Neubau einer Abbiegespur in der Landesstra\u00dfe 54 erhalten das [&hellip;]\n","protected":false},"author":2,"featured_media":0,"comment_status":"closed","ping_status":"closed","sticky":false,"template":"","format":"standard","meta":{"ngg_post_thumbnail":0,"footnotes":""},"categories":[3],"tags":[],"class_list":["post-29654","post","type-post","status-publish","format-standard","hentry","category-aktuelles-aus-der-region"],"_links":{"self":[{"href":"https:\/\/www.forum-soegel.de\/information\/wp-json\/wp\/v2\/posts\/29654","targetHints":{"allow":["GET"]}}],"collection":[{"href":"https:\/\/www.forum-soegel.de\/information\/wp-json\/wp\/v2\/posts"}],"about":[{"href":"https:\/\/www.forum-soegel.de\/information\/wp-json\/wp\/v2\/types\/post"}],"author":[{"embeddable":true,"href":"https:\/\/www.forum-soegel.de\/information\/wp-json\/wp\/v2\/users\/2"}],"replies":[{"embeddable":true,"href":"https:\/\/www.forum-soegel.de\/information\/wp-json\/wp\/v2\/comments?post=29654"}],"version-history":[{"count":1,"href":"https:\/\/www.forum-soegel.de\/information\/wp-json\/wp\/v2\/posts\/29654\/revisions"}],"predecessor-version":[{"id":29657,"href":"https:\/\/www.forum-soegel.de\/information\/wp-json\/wp\/v2\/posts\/29654\/revisions\/29657"}],"wp:attachment":[{"href":"https:\/\/www.forum-soegel.de\/information\/wp-json\/wp\/v2\/media?parent=29654"}],"wp:term":[{"taxonomy":"category","embeddable":true,"href":"https:\/\/www.forum-soegel.de\/information\/wp-json\/wp\/v2\/categories?post=29654"},{"taxonomy":"post_tag","embeddable":true,"href":"https:\/\/www.forum-soegel.de\/information\/wp-json\/wp\/v2\/tags?post=29654"}],"curies":[{"name":"wp","href":"https:\/\/api.w.org\/{rel}","templated":true}]}}