{"id":29651,"date":"2020-10-01T09:32:00","date_gmt":"2020-10-01T07:32:00","guid":{"rendered":"https:\/\/www.forum-soegel.de\/information\/?p=29651"},"modified":"2020-10-12T09:33:54","modified_gmt":"2020-10-12T07:33:54","slug":"fotoaktion","status":"publish","type":"post","link":"https:\/\/www.forum-soegel.de\/information\/2020\/10\/fotoaktion\/","title":{"rendered":"Fotoaktion"},"content":{"rendered":"\n<p>S\u00f6gel &#8211; Der SPD Ortsverein ruft die Bev\u00f6lkerung der Samtgemeinde zu einem Fotowettbewerb unter dem Motto \u201eDas ist unsere Samtgemeinde!\u201c auf.<\/p>\n\n\n\n<p>\u201eJede unserer Gemeinden hat ihre Sehensw\u00fcrdigkeiten und wir wollen sie mit Hilfe der B\u00fcrgerinnen und B\u00fcrger unserer Samtgemeinde zeigen\u201c, erkl\u00e4rt Lars Bollmann, der Vorsitzende des SPD Ortsvereins S\u00f6gel, den Hintergrund der neuen Aktion.<\/p>\n\n\n\n<p>Vom Gro\u00df Ber\u00dfener K\u00f6nigsgrab bis zum historischen Schafstall in B\u00f6rger gibt es nach Aussage von Bollmann viele lohnenswerte Fotomotive. Wir m\u00f6chten die Menschen in und um der Samtgemeinde S\u00f6gel dazu aufrufen, ihre Lieblingsorte zu fotografieren. \u201eWarum in die Ferne schweifen, wenn das Gute so nah liegt\u201c, stellt Bollmann fest. Es gibt viele besondere Orte wie die Mansenberge, Volbers H\u00fcnensteine, die Polden H\u00fcnensteine oder die Weidenkirche. Der SPD Ortsverein S\u00f6gel m\u00f6chte mit seiner Aktion erfahren, was die Samtgemeinde ausmacht.<\/p>\n\n\n\n<p>\u201eGibt es eine Sache oder einen Ort, bei der wir B\u00fcrgerinnen und B\u00fcrger der Samtgemeinde S\u00f6gel direkt an unsere Samtgemeinde denken? Etwas, was uns verbindet?&#8220; Daher sucht nach Angaben von Lars Bollmann der Ortsverein S\u00f6gel das sch\u00f6nste Foto\/Logo. Die Fotos k\u00f6nnen auf der Homepage \u201ewww.spd-Soegel.de\u201c im Bereich \u201eAktion\u201c hochgeladen werden. Bis Ende Oktober findet online eine Abstimmung \u00fcber die Homepage des Ortsvereins statt. Das Foto\/Logo mit der gr\u00f6\u00dften Zustimmung wird mit einem Gutschein in H\u00f6he von 100\u20ac pr\u00e4miert.<\/p>\n\n\n\n<p>Text: Frank Kla\u00df<\/p>\n\n\n\n<figure class=\"wp-block-gallery columns-1 is-cropped wp-block-gallery-1 is-layout-flex wp-block-gallery-is-layout-flex\"><ul class=\"blocks-gallery-grid\"><li class=\"blocks-gallery-item\"><figure><a href=\"https:\/\/www.forum-soegel.de\/information\/wp-content\/uploads\/2020\/10\/Fotoaktion-1.jpg\"><img loading=\"lazy\" decoding=\"async\" width=\"1024\" height=\"848\" src=\"https:\/\/www.forum-soegel.de\/information\/wp-content\/uploads\/2020\/10\/Fotoaktion-1-1024x848.jpg\" alt=\"\" data-id=\"29652\" data-full-url=\"https:\/\/www.forum-soegel.de\/information\/wp-content\/uploads\/2020\/10\/Fotoaktion-1.jpg\" data-link=\"https:\/\/www.forum-soegel.de\/information\/?attachment_id=29652\" class=\"wp-image-29652\" srcset=\"https:\/\/www.forum-soegel.de\/information\/wp-content\/uploads\/2020\/10\/Fotoaktion-1-1024x848.jpg 1024w, https:\/\/www.forum-soegel.de\/information\/wp-content\/uploads\/2020\/10\/Fotoaktion-1-300x248.jpg 300w, https:\/\/www.forum-soegel.de\/information\/wp-content\/uploads\/2020\/10\/Fotoaktion-1-768x636.jpg 768w, https:\/\/www.forum-soegel.de\/information\/wp-content\/uploads\/2020\/10\/Fotoaktion-1.jpg 1047w\" sizes=\"auto, (max-width: 1024px) 100vw, 1024px\" \/><\/a><\/figure><\/li><\/ul><figcaption class=\"blocks-gallery-caption\">Dieses Foto wurde von Kerstin Esser als Wettbewerbsbeitrag eingereicht<\/figcaption><\/figure>\n","protected":false},"excerpt":{"rendered":"S\u00f6gel &#8211; Der SPD Ortsverein ruft die Bev\u00f6lkerung der Samtgemeinde zu einem Fotowettbewerb unter dem Motto \u201eDas ist unsere Samtgemeinde!\u201c auf. \u201eJede unserer Gemeinden hat ihre Sehensw\u00fcrdigkeiten und wir wollen sie mit Hilfe der B\u00fcrgerinnen und B\u00fcrger unserer Samtgemeinde zeigen\u201c, erkl\u00e4rt Lars Bollmann, der Vorsitzende des SPD Ortsvereins S\u00f6gel, den Hintergrund der neuen Aktion. Vom [&hellip;]\n","protected":false},"author":2,"featured_media":0,"comment_status":"closed","ping_status":"closed","sticky":false,"template":"","format":"standard","meta":{"ngg_post_thumbnail":0,"footnotes":""},"categories":[3],"tags":[],"class_list":["post-29651","post","type-post","status-publish","format-standard","hentry","category-aktuelles-aus-der-region"],"_links":{"self":[{"href":"https:\/\/www.forum-soegel.de\/information\/wp-json\/wp\/v2\/posts\/29651","targetHints":{"allow":["GET"]}}],"collection":[{"href":"https:\/\/www.forum-soegel.de\/information\/wp-json\/wp\/v2\/posts"}],"about":[{"href":"https:\/\/www.forum-soegel.de\/information\/wp-json\/wp\/v2\/types\/post"}],"author":[{"embeddable":true,"href":"https:\/\/www.forum-soegel.de\/information\/wp-json\/wp\/v2\/users\/2"}],"replies":[{"embeddable":true,"href":"https:\/\/www.forum-soegel.de\/information\/wp-json\/wp\/v2\/comments?post=29651"}],"version-history":[{"count":1,"href":"https:\/\/www.forum-soegel.de\/information\/wp-json\/wp\/v2\/posts\/29651\/revisions"}],"predecessor-version":[{"id":29653,"href":"https:\/\/www.forum-soegel.de\/information\/wp-json\/wp\/v2\/posts\/29651\/revisions\/29653"}],"wp:attachment":[{"href":"https:\/\/www.forum-soegel.de\/information\/wp-json\/wp\/v2\/media?parent=29651"}],"wp:term":[{"taxonomy":"category","embeddable":true,"href":"https:\/\/www.forum-soegel.de\/information\/wp-json\/wp\/v2\/categories?post=29651"},{"taxonomy":"post_tag","embeddable":true,"href":"https:\/\/www.forum-soegel.de\/information\/wp-json\/wp\/v2\/tags?post=29651"}],"curies":[{"name":"wp","href":"https:\/\/api.w.org\/{rel}","templated":true}]}}