{"id":2964,"date":"2010-08-08T18:26:52","date_gmt":"2010-08-08T16:26:52","guid":{"rendered":"https:\/\/www.forum-soegel.de\/information\/?p=2964"},"modified":"2010-08-08T18:26:52","modified_gmt":"2010-08-08T16:26:52","slug":"abschied-vom-kindergarten-st-johannes","status":"publish","type":"post","link":"https:\/\/www.forum-soegel.de\/information\/2010\/08\/abschied-vom-kindergarten-st-johannes\/","title":{"rendered":"Abschied vom Kindergarten St. Johannes"},"content":{"rendered":"<p>20 Vorschulkinder hatten sich bei herrlichem Wetter zur Verabschiedung mit ihren Eltern im Kindergarten getroffen.<\/p>\n<p>Zun\u00e4chst wurde ein Gottesdienst zur bilblischen Geschichte von Zach\u00e4us mit der Gemeindereferentn Petra Macke gefeiert.<\/p>\n<p>Anschlie\u00dfend gab es Spiel und Spa\u00df und Grillen auf dem Gel\u00e4nde des Kindergartens.<\/p>\n<p>Durch die hervorragende Unterst\u00fctzung der Elternvertreter und vieler Eltern, die sich an der Planung und Drurchf\u00fchrung eingebracht und alles bestens vorbereitet hatten, waren sich alle einig: Es war ein tolles Abschiedsfest.<\/p>\n<p>Text\/Fotos: Kindergartenteam Spahnharrenst\u00e4tte, Vereine Spahnharrenst\u00e4tte<\/p>\n<p><a href=\"https:\/\/www.forum-soegel.de\/information\/wp-content\/uploads\/2010\/08\/AK1.jpg\"><img loading=\"lazy\" decoding=\"async\" class=\"alignnone size-thumbnail wp-image-2965\" title=\"AK1\" src=\"https:\/\/www.forum-soegel.de\/information\/wp-content\/uploads\/2010\/08\/AK1-150x150.jpg\" alt=\"\" width=\"150\" height=\"150\" \/><\/a>\u00a0 <a href=\"https:\/\/www.forum-soegel.de\/information\/wp-content\/uploads\/2010\/08\/AK2.jpg\"><img loading=\"lazy\" decoding=\"async\" class=\"alignnone size-thumbnail wp-image-2966\" title=\"AK2\" src=\"https:\/\/www.forum-soegel.de\/information\/wp-content\/uploads\/2010\/08\/AK2-150x150.jpg\" alt=\"\" width=\"150\" height=\"150\" \/><\/a>\u00a0 <a href=\"https:\/\/www.forum-soegel.de\/information\/wp-content\/uploads\/2010\/08\/AK3.jpg\"><img loading=\"lazy\" decoding=\"async\" class=\"alignnone size-thumbnail wp-image-2967\" title=\"AK3\" src=\"https:\/\/www.forum-soegel.de\/information\/wp-content\/uploads\/2010\/08\/AK3-150x150.jpg\" alt=\"\" width=\"150\" height=\"150\" \/><\/a><\/p>\n<p><a href=\"https:\/\/www.forum-soegel.de\/information\/wp-content\/uploads\/2010\/08\/AK4.jpg\"><img loading=\"lazy\" decoding=\"async\" class=\"alignnone size-thumbnail wp-image-2968\" title=\"AK4\" src=\"https:\/\/www.forum-soegel.de\/information\/wp-content\/uploads\/2010\/08\/AK4-150x150.jpg\" alt=\"\" width=\"150\" height=\"150\" \/><\/a>\u00a0 <a href=\"https:\/\/www.forum-soegel.de\/information\/wp-content\/uploads\/2010\/08\/AK5.jpg\"><img loading=\"lazy\" decoding=\"async\" class=\"alignnone size-thumbnail wp-image-2969\" title=\"AK5\" src=\"https:\/\/www.forum-soegel.de\/information\/wp-content\/uploads\/2010\/08\/AK5-150x150.jpg\" alt=\"\" width=\"150\" height=\"150\" \/><\/a>\u00a0 <a href=\"https:\/\/www.forum-soegel.de\/information\/wp-content\/uploads\/2010\/08\/AK6.jpg\"><img loading=\"lazy\" decoding=\"async\" class=\"alignnone size-thumbnail wp-image-2970\" title=\"AK6\" src=\"https:\/\/www.forum-soegel.de\/information\/wp-content\/uploads\/2010\/08\/AK6-150x150.jpg\" alt=\"\" width=\"150\" height=\"150\" \/><\/a><\/p>\n<p><a href=\"https:\/\/www.forum-soegel.de\/information\/wp-content\/uploads\/2010\/08\/AK7.jpg\"><img loading=\"lazy\" decoding=\"async\" class=\"alignnone size-thumbnail wp-image-2971\" title=\"AK7\" src=\"https:\/\/www.forum-soegel.de\/information\/wp-content\/uploads\/2010\/08\/AK7-150x150.jpg\" alt=\"\" width=\"150\" height=\"150\" \/><\/a>\u00a0 <a href=\"https:\/\/www.forum-soegel.de\/information\/wp-content\/uploads\/2010\/08\/AK8.jpg\"><img loading=\"lazy\" decoding=\"async\" class=\"alignnone size-thumbnail wp-image-2972\" title=\"AK8\" src=\"https:\/\/www.forum-soegel.de\/information\/wp-content\/uploads\/2010\/08\/AK8-150x150.jpg\" alt=\"\" width=\"150\" height=\"150\" \/><\/a>\u00a0 <a href=\"https:\/\/www.forum-soegel.de\/information\/wp-content\/uploads\/2010\/08\/AK9.jpg\"><img loading=\"lazy\" decoding=\"async\" class=\"alignnone size-thumbnail wp-image-2973\" title=\"AK9\" src=\"https:\/\/www.forum-soegel.de\/information\/wp-content\/uploads\/2010\/08\/AK9-150x150.jpg\" alt=\"\" width=\"150\" height=\"150\" \/><\/a><\/p>\n","protected":false},"excerpt":{"rendered":"20 Vorschulkinder hatten sich bei herrlichem Wetter zur Verabschiedung mit ihren Eltern im Kindergarten getroffen. Zun\u00e4chst wurde ein Gottesdienst zur bilblischen Geschichte von Zach\u00e4us mit der Gemeindereferentn Petra Macke gefeiert. Anschlie\u00dfend gab es Spiel und Spa\u00df und Grillen auf dem Gel\u00e4nde des Kindergartens. Durch die hervorragende Unterst\u00fctzung der Elternvertreter und vieler Eltern, die sich an [&hellip;]\n","protected":false},"author":2,"featured_media":0,"comment_status":"closed","ping_status":"closed","sticky":false,"template":"","format":"standard","meta":{"ngg_post_thumbnail":0,"footnotes":""},"categories":[6],"tags":[165,410],"class_list":["post-2964","post","type-post","status-publish","format-standard","hentry","category-aus-der-schule-geplaudert","tag-kindergarten","tag-kindergarten-st-johannes"],"_links":{"self":[{"href":"https:\/\/www.forum-soegel.de\/information\/wp-json\/wp\/v2\/posts\/2964","targetHints":{"allow":["GET"]}}],"collection":[{"href":"https:\/\/www.forum-soegel.de\/information\/wp-json\/wp\/v2\/posts"}],"about":[{"href":"https:\/\/www.forum-soegel.de\/information\/wp-json\/wp\/v2\/types\/post"}],"author":[{"embeddable":true,"href":"https:\/\/www.forum-soegel.de\/information\/wp-json\/wp\/v2\/users\/2"}],"replies":[{"embeddable":true,"href":"https:\/\/www.forum-soegel.de\/information\/wp-json\/wp\/v2\/comments?post=2964"}],"version-history":[{"count":1,"href":"https:\/\/www.forum-soegel.de\/information\/wp-json\/wp\/v2\/posts\/2964\/revisions"}],"predecessor-version":[{"id":2974,"href":"https:\/\/www.forum-soegel.de\/information\/wp-json\/wp\/v2\/posts\/2964\/revisions\/2974"}],"wp:attachment":[{"href":"https:\/\/www.forum-soegel.de\/information\/wp-json\/wp\/v2\/media?parent=2964"}],"wp:term":[{"taxonomy":"category","embeddable":true,"href":"https:\/\/www.forum-soegel.de\/information\/wp-json\/wp\/v2\/categories?post=2964"},{"taxonomy":"post_tag","embeddable":true,"href":"https:\/\/www.forum-soegel.de\/information\/wp-json\/wp\/v2\/tags?post=2964"}],"curies":[{"name":"wp","href":"https:\/\/api.w.org\/{rel}","templated":true}]}}