{"id":29639,"date":"2020-10-01T09:25:00","date_gmt":"2020-10-01T07:25:00","guid":{"rendered":"https:\/\/www.forum-soegel.de\/information\/?p=29639"},"modified":"2020-10-12T09:31:47","modified_gmt":"2020-10-12T07:31:47","slug":"feuerwehr-soegel-mit-neuem-hilfeleistungsloeschfahrzeug","status":"publish","type":"post","link":"https:\/\/www.forum-soegel.de\/information\/2020\/10\/feuerwehr-soegel-mit-neuem-hilfeleistungsloeschfahrzeug\/","title":{"rendered":"Feuerwehr S\u00f6gel mit neuem Hilfeleistungsl\u00f6schfahrzeug"},"content":{"rendered":"\n<p>S\u00f6gel &#8211; Als die Kameraden der Feuerwehr S\u00f6gel vor etwas mehr als 33 Jahren ihr neues L\u00f6schfahrzeug LF 16 vom Hersteller Ziegler in Giengen an der Brenz abholten, handelte es sich um eines der modernsten Feuerwehrfahrzeuge, das nicht nur zur Brandbek\u00e4mpfung diente, sondern auch mit leistungsf\u00e4higen hydraulischen Ger\u00e4ten f\u00fcr die technische Hilfeleistung bei Verkehrsunf\u00e4llen ausgestattet war.&nbsp;<\/p>\n\n\n\n<p>Seit dieser Zeit haben sich die Anforderungen an die Feuerwehren und damit auch an die technische Ausstattung und die Fahrzeuge stark ge\u00e4ndert. In dem mehr als drei Jahrzehnte alten Fahrzeug konnten die notwendigen Ger\u00e4te nicht mehr ordentlich und vor allem nicht mehr sicher verstaut werden.<\/p>\n\n\n\n<p>Die Samtgemeinde S\u00f6gel beschloss die Beschaffung eines neuen HLF 20 (Hilfeleistungsl\u00f6schfahrzeug). Nach einer rund zweij\u00e4hrigen Planungs-, Ausschreibungs- und Herstellungsphase konnten die Feuerwehrkameraden wiederum bei Ziegler in Giengen ein modernes und leistungsf\u00e4higes Fahrzeug in Empfang nehmen.<\/p>\n\n\n\n<p>Es ist auf einem 290 PS starken 16-Tonnen-MAN-Fahrgestell mit Allradantrieb und Automatikgetriebe aufgebaut und mit einem 1600 Liter fassenden L\u00f6schwassertank ausgestattet. Die Feuerl\u00f6schkreiselpumpe leistet mindestens 2000 Liter in der Minute. An das Fahrzeug angeh\u00e4ngt sind jeweils eine Haspel mit Schl\u00e4uchen und eine zur Verkehrssicherung. In der Mannschaftskabine k\u00f6nnen vier Atemschutzger\u00e4te angelegt werden.<\/p>\n\n\n\n<p>Zur Ausstattung geh\u00f6ren die akkubetriebene Rettungsschere &#8211; und Spreizer, Rettungszylinder, eine Rettungsplattform und weitere Ger\u00e4te zur technischen Hilfeleistung bei Unf\u00e4llen sowie eine starke Seilwinde. Die Ausleuchtung von Einsatzstellen erfolgt mit einem pneumatischen Lichtmast.&nbsp;<\/p>\n\n\n\n<p>Die Feuerwehr S\u00f6gel ist der Samtgemeinde und dankbar f\u00fcr die Beschaffung des universal nutzbaren HLF. Der Landkreis hatte einen Zuschuss gew\u00e4hrt.<\/p>\n\n\n\n<p>Text\/Foto:LB<\/p>\n\n\n\n<figure class=\"wp-block-gallery columns-2 is-cropped wp-block-gallery-1 is-layout-flex wp-block-gallery-is-layout-flex\"><ul class=\"blocks-gallery-grid\"><li class=\"blocks-gallery-item\"><figure><a href=\"https:\/\/www.forum-soegel.de\/information\/wp-content\/uploads\/2020\/10\/Feuerwehr-Soegel-mit-neuem-Hilfeleistungsloeschfahrzeug3.jpg\"><img loading=\"lazy\" decoding=\"async\" width=\"1024\" height=\"768\" src=\"https:\/\/www.forum-soegel.de\/information\/wp-content\/uploads\/2020\/10\/Feuerwehr-Soegel-mit-neuem-Hilfeleistungsloeschfahrzeug3-1024x768.jpg\" alt=\"\" data-id=\"29640\" data-full-url=\"https:\/\/www.forum-soegel.de\/information\/wp-content\/uploads\/2020\/10\/Feuerwehr-Soegel-mit-neuem-Hilfeleistungsloeschfahrzeug3.jpg\" data-link=\"https:\/\/www.forum-soegel.de\/information\/?attachment_id=29640\" class=\"wp-image-29640\" srcset=\"https:\/\/www.forum-soegel.de\/information\/wp-content\/uploads\/2020\/10\/Feuerwehr-Soegel-mit-neuem-Hilfeleistungsloeschfahrzeug3-1024x768.jpg 1024w, https:\/\/www.forum-soegel.de\/information\/wp-content\/uploads\/2020\/10\/Feuerwehr-Soegel-mit-neuem-Hilfeleistungsloeschfahrzeug3-300x225.jpg 300w, https:\/\/www.forum-soegel.de\/information\/wp-content\/uploads\/2020\/10\/Feuerwehr-Soegel-mit-neuem-Hilfeleistungsloeschfahrzeug3-768x576.jpg 768w, https:\/\/www.forum-soegel.de\/information\/wp-content\/uploads\/2020\/10\/Feuerwehr-Soegel-mit-neuem-Hilfeleistungsloeschfahrzeug3-1536x1152.jpg 1536w, https:\/\/www.forum-soegel.de\/information\/wp-content\/uploads\/2020\/10\/Feuerwehr-Soegel-mit-neuem-Hilfeleistungsloeschfahrzeug3.jpg 2016w\" sizes=\"auto, (max-width: 1024px) 100vw, 1024px\" \/><\/a><\/figure><\/li><li class=\"blocks-gallery-item\"><figure><a href=\"https:\/\/www.forum-soegel.de\/information\/wp-content\/uploads\/2020\/10\/Feuerwehr-Soegel-mit-neuem-Hilfeleistungsloeschfahrzeug1.jpg\"><img loading=\"lazy\" decoding=\"async\" width=\"1024\" height=\"610\" src=\"https:\/\/www.forum-soegel.de\/information\/wp-content\/uploads\/2020\/10\/Feuerwehr-Soegel-mit-neuem-Hilfeleistungsloeschfahrzeug1-1024x610.jpg\" alt=\"\" data-id=\"29641\" data-full-url=\"https:\/\/www.forum-soegel.de\/information\/wp-content\/uploads\/2020\/10\/Feuerwehr-Soegel-mit-neuem-Hilfeleistungsloeschfahrzeug1.jpg\" data-link=\"https:\/\/www.forum-soegel.de\/information\/?attachment_id=29641\" class=\"wp-image-29641\" srcset=\"https:\/\/www.forum-soegel.de\/information\/wp-content\/uploads\/2020\/10\/Feuerwehr-Soegel-mit-neuem-Hilfeleistungsloeschfahrzeug1-1024x610.jpg 1024w, https:\/\/www.forum-soegel.de\/information\/wp-content\/uploads\/2020\/10\/Feuerwehr-Soegel-mit-neuem-Hilfeleistungsloeschfahrzeug1-300x179.jpg 300w, https:\/\/www.forum-soegel.de\/information\/wp-content\/uploads\/2020\/10\/Feuerwehr-Soegel-mit-neuem-Hilfeleistungsloeschfahrzeug1-768x457.jpg 768w, https:\/\/www.forum-soegel.de\/information\/wp-content\/uploads\/2020\/10\/Feuerwehr-Soegel-mit-neuem-Hilfeleistungsloeschfahrzeug1-1536x915.jpg 1536w, https:\/\/www.forum-soegel.de\/information\/wp-content\/uploads\/2020\/10\/Feuerwehr-Soegel-mit-neuem-Hilfeleistungsloeschfahrzeug1-2048x1220.jpg 2048w\" sizes=\"auto, (max-width: 1024px) 100vw, 1024px\" \/><\/a><\/figure><\/li><li class=\"blocks-gallery-item\"><figure><a href=\"https:\/\/www.forum-soegel.de\/information\/wp-content\/uploads\/2020\/10\/Feuerwehr-Soegel-mit-neuem-Hilfeleistungsloeschfahrzeug2.jpg\"><img loading=\"lazy\" decoding=\"async\" width=\"1024\" height=\"364\" src=\"https:\/\/www.forum-soegel.de\/information\/wp-content\/uploads\/2020\/10\/Feuerwehr-Soegel-mit-neuem-Hilfeleistungsloeschfahrzeug2-1024x364.jpg\" alt=\"\" data-id=\"29642\" data-full-url=\"https:\/\/www.forum-soegel.de\/information\/wp-content\/uploads\/2020\/10\/Feuerwehr-Soegel-mit-neuem-Hilfeleistungsloeschfahrzeug2.jpg\" data-link=\"https:\/\/www.forum-soegel.de\/information\/?attachment_id=29642\" class=\"wp-image-29642\" srcset=\"https:\/\/www.forum-soegel.de\/information\/wp-content\/uploads\/2020\/10\/Feuerwehr-Soegel-mit-neuem-Hilfeleistungsloeschfahrzeug2-1024x364.jpg 1024w, https:\/\/www.forum-soegel.de\/information\/wp-content\/uploads\/2020\/10\/Feuerwehr-Soegel-mit-neuem-Hilfeleistungsloeschfahrzeug2-300x107.jpg 300w, https:\/\/www.forum-soegel.de\/information\/wp-content\/uploads\/2020\/10\/Feuerwehr-Soegel-mit-neuem-Hilfeleistungsloeschfahrzeug2-768x273.jpg 768w, https:\/\/www.forum-soegel.de\/information\/wp-content\/uploads\/2020\/10\/Feuerwehr-Soegel-mit-neuem-Hilfeleistungsloeschfahrzeug2-1536x546.jpg 1536w, https:\/\/www.forum-soegel.de\/information\/wp-content\/uploads\/2020\/10\/Feuerwehr-Soegel-mit-neuem-Hilfeleistungsloeschfahrzeug2.jpg 1962w\" sizes=\"auto, (max-width: 1024px) 100vw, 1024px\" \/><\/a><\/figure><\/li><\/ul><figcaption class=\"blocks-gallery-caption\">Das neue HLF 20 (rechts) l\u00f6st das 33 Jahre alte Vorg\u00e4ngerfahrzeug ab.<\/figcaption><\/figure>\n","protected":false},"excerpt":{"rendered":"S\u00f6gel &#8211; Als die Kameraden der Feuerwehr S\u00f6gel vor etwas mehr als 33 Jahren ihr neues L\u00f6schfahrzeug LF 16 vom Hersteller Ziegler in Giengen an der Brenz abholten, handelte es sich um eines der modernsten Feuerwehrfahrzeuge, das nicht nur zur Brandbek\u00e4mpfung diente, sondern auch mit leistungsf\u00e4higen hydraulischen Ger\u00e4ten f\u00fcr die technische Hilfeleistung bei Verkehrsunf\u00e4llen ausgestattet [&hellip;]\n","protected":false},"author":2,"featured_media":0,"comment_status":"closed","ping_status":"closed","sticky":false,"template":"","format":"standard","meta":{"ngg_post_thumbnail":0,"footnotes":""},"categories":[3],"tags":[],"class_list":["post-29639","post","type-post","status-publish","format-standard","hentry","category-aktuelles-aus-der-region"],"_links":{"self":[{"href":"https:\/\/www.forum-soegel.de\/information\/wp-json\/wp\/v2\/posts\/29639","targetHints":{"allow":["GET"]}}],"collection":[{"href":"https:\/\/www.forum-soegel.de\/information\/wp-json\/wp\/v2\/posts"}],"about":[{"href":"https:\/\/www.forum-soegel.de\/information\/wp-json\/wp\/v2\/types\/post"}],"author":[{"embeddable":true,"href":"https:\/\/www.forum-soegel.de\/information\/wp-json\/wp\/v2\/users\/2"}],"replies":[{"embeddable":true,"href":"https:\/\/www.forum-soegel.de\/information\/wp-json\/wp\/v2\/comments?post=29639"}],"version-history":[{"count":3,"href":"https:\/\/www.forum-soegel.de\/information\/wp-json\/wp\/v2\/posts\/29639\/revisions"}],"predecessor-version":[{"id":29650,"href":"https:\/\/www.forum-soegel.de\/information\/wp-json\/wp\/v2\/posts\/29639\/revisions\/29650"}],"wp:attachment":[{"href":"https:\/\/www.forum-soegel.de\/information\/wp-json\/wp\/v2\/media?parent=29639"}],"wp:term":[{"taxonomy":"category","embeddable":true,"href":"https:\/\/www.forum-soegel.de\/information\/wp-json\/wp\/v2\/categories?post=29639"},{"taxonomy":"post_tag","embeddable":true,"href":"https:\/\/www.forum-soegel.de\/information\/wp-json\/wp\/v2\/tags?post=29639"}],"curies":[{"name":"wp","href":"https:\/\/api.w.org\/{rel}","templated":true}]}}