{"id":29636,"date":"2020-10-01T09:23:00","date_gmt":"2020-10-01T07:23:00","guid":{"rendered":"https:\/\/www.forum-soegel.de\/information\/?p=29636"},"modified":"2020-10-12T09:31:02","modified_gmt":"2020-10-12T07:31:02","slug":"dieter-steenken-und-achim-will-uebernehmen-feuerwehr-spahnharrenstaette-mit-neuer-leitung","status":"publish","type":"post","link":"https:\/\/www.forum-soegel.de\/information\/2020\/10\/dieter-steenken-und-achim-will-uebernehmen-feuerwehr-spahnharrenstaette-mit-neuer-leitung\/","title":{"rendered":"Dieter Steenken und Achim Will \u00fcbernehmen Feuerwehr Spahnharrenst\u00e4tte mit neuer Leitung"},"content":{"rendered":"\n<p>Spahnharrenst\u00e4tte &#8211; Die Freiwillige Feuerwehr Spahnharrenst\u00e4tte wird seit kurzem von dem neuen Ortsbrandmeister Dieter Steenken und seinem Vertreter Achim Will geleitet. Der Samtgemeinderat hatte dem Vorschlag der Mitgliederversammlung zugestimmt. Im kleinen Rahmen fand die offizielle Ernennung statt.<\/p>\n\n\n\n<p>Wegen der Corona-Krise verzichteten die Samtgemeinde und die Feuerwehr auf die Amts\u00fcbergabe im gro\u00dfen Rahmen. Die Verabschiedung des bisherigen Ortsbrandmeisters Alfons Bahlmann und seines Vertreters Arno Will soll nachgeholt werden. Sowohl SG-B\u00fcrgermeister G\u00fcnter Wigbers als auch Spahnharrenst\u00e4ttes Ratsvorsitzender Reinhard Timpker wiesen auf die langj\u00e4hrigen Verdienste der scheidenden F\u00fchrungskr\u00e4fte hin. In deren langj\u00e4hrigen Amtszeit sei die Feuerwehr erfolgreich weiterentwickelt worden.<\/p>\n\n\n\n<p>Dass die Anspr\u00fcche an die Feuerwehrarbeit st\u00e4ndig zunehmen, machte Samtgemeindeb\u00fcrgermeister Wigbers deutlich. Daher sei man dankbar, zwei erfahrene Feuerwehrleute f\u00fcr die \u00dcbernahme der anspruchsvollen \u00c4mter gefunden zu haben. \u201eUnsere neuen F\u00fchrungskr\u00e4fte stammen aus bekannten Spahnharrenst\u00e4tter Familien, in denen Feuerwehrarbeit Tradition hat\u201c, sagte B\u00fcrgermeister Timpker und wies darauf hin, dass schon die V\u00e4ter von Steenken und Will langj\u00e4hrig Aktivposten der Wehr waren. Die Gemeinde Spahnharrenst\u00e4tte sei dankbar, eine starke Feuerwehr in ihren Reihen zu haben.<\/p>\n\n\n\n<p>Dieter Steenken und Achim Will sind seit 1999 Mitglieder der Feuerwehr.&nbsp; W\u00e4hrend Steenken als stellvertretender Gruppenf\u00fchrer Erfahrungen sammelte, blickt Will auf eine mehrj\u00e4hrige T\u00e4tigkeit als Schriftf\u00fchrer und Pressewart im Ortskommando zur\u00fcck und bekleidet neben weiteren Aufgaben in der technischen Einsatzleitung seit diesem Jahr das Amt des Schriftf\u00fchrers im Kreisfeuerwehrverbands Aschendorf-H\u00fcmmling. Zurzeit geh\u00f6ren 41 Feuerwehrleute im aktiven Dienst und sieben Kameraden der Altersabteilung der Wehr an.<\/p>\n\n\n\n<p>Text\/Foto: Lambert Brand<\/p>\n\n\n\n<figure class=\"wp-block-gallery columns-1 is-cropped wp-block-gallery-1 is-layout-flex wp-block-gallery-is-layout-flex\"><ul class=\"blocks-gallery-grid\"><li class=\"blocks-gallery-item\"><figure><a href=\"https:\/\/www.forum-soegel.de\/information\/wp-content\/uploads\/2020\/10\/Dieter-Steenken-und-Achim-Will-uebernehmen-Feuerwehr-Spahnharrenstaette-mit-neuer-Leitung-1-scaled.jpeg\"><img loading=\"lazy\" decoding=\"async\" width=\"1024\" height=\"768\" src=\"https:\/\/www.forum-soegel.de\/information\/wp-content\/uploads\/2020\/10\/Dieter-Steenken-und-Achim-Will-uebernehmen-Feuerwehr-Spahnharrenstaette-mit-neuer-Leitung-1-1024x768.jpeg\" alt=\"\" data-id=\"29637\" data-full-url=\"https:\/\/www.forum-soegel.de\/information\/wp-content\/uploads\/2020\/10\/Dieter-Steenken-und-Achim-Will-uebernehmen-Feuerwehr-Spahnharrenstaette-mit-neuer-Leitung-1-scaled.jpeg\" data-link=\"https:\/\/www.forum-soegel.de\/information\/?attachment_id=29637\" class=\"wp-image-29637\" srcset=\"https:\/\/www.forum-soegel.de\/information\/wp-content\/uploads\/2020\/10\/Dieter-Steenken-und-Achim-Will-uebernehmen-Feuerwehr-Spahnharrenstaette-mit-neuer-Leitung-1-1024x768.jpeg 1024w, https:\/\/www.forum-soegel.de\/information\/wp-content\/uploads\/2020\/10\/Dieter-Steenken-und-Achim-Will-uebernehmen-Feuerwehr-Spahnharrenstaette-mit-neuer-Leitung-1-300x225.jpeg 300w, https:\/\/www.forum-soegel.de\/information\/wp-content\/uploads\/2020\/10\/Dieter-Steenken-und-Achim-Will-uebernehmen-Feuerwehr-Spahnharrenstaette-mit-neuer-Leitung-1-768x576.jpeg 768w, https:\/\/www.forum-soegel.de\/information\/wp-content\/uploads\/2020\/10\/Dieter-Steenken-und-Achim-Will-uebernehmen-Feuerwehr-Spahnharrenstaette-mit-neuer-Leitung-1-1536x1152.jpeg 1536w, https:\/\/www.forum-soegel.de\/information\/wp-content\/uploads\/2020\/10\/Dieter-Steenken-und-Achim-Will-uebernehmen-Feuerwehr-Spahnharrenstaette-mit-neuer-Leitung-1-2048x1536.jpeg 2048w\" sizes=\"auto, (max-width: 1024px) 100vw, 1024px\" \/><\/a><\/figure><\/li><\/ul><figcaption class=\"blocks-gallery-caption\">Dieter Steenken und Achim Will (vorne links und rechts) leiten neuerdings die Feuerwehr Spahnharrenst\u00e4tte. Zur Ernennung gratulierten im Corona bedingten kleinen Rahmen (hinten von links) Samtgemeindeb\u00fcrgermeister G\u00fcnter Wigbers, Gemeindebrandmeister Heinz L\u00fcckenjans, SG- Feuerwehrsachbearbeiter Ludwig Schmitz und B\u00fcrgermeister Reinhard Timpker.<\/figcaption><\/figure>\n","protected":false},"excerpt":{"rendered":"Spahnharrenst\u00e4tte &#8211; Die Freiwillige Feuerwehr Spahnharrenst\u00e4tte wird seit kurzem von dem neuen Ortsbrandmeister Dieter Steenken und seinem Vertreter Achim Will geleitet. Der Samtgemeinderat hatte dem Vorschlag der Mitgliederversammlung zugestimmt. Im kleinen Rahmen fand die offizielle Ernennung statt. Wegen der Corona-Krise verzichteten die Samtgemeinde und die Feuerwehr auf die Amts\u00fcbergabe im gro\u00dfen Rahmen. Die Verabschiedung des [&hellip;]\n","protected":false},"author":2,"featured_media":0,"comment_status":"closed","ping_status":"closed","sticky":false,"template":"","format":"standard","meta":{"ngg_post_thumbnail":0,"footnotes":""},"categories":[3],"tags":[],"class_list":["post-29636","post","type-post","status-publish","format-standard","hentry","category-aktuelles-aus-der-region"],"_links":{"self":[{"href":"https:\/\/www.forum-soegel.de\/information\/wp-json\/wp\/v2\/posts\/29636","targetHints":{"allow":["GET"]}}],"collection":[{"href":"https:\/\/www.forum-soegel.de\/information\/wp-json\/wp\/v2\/posts"}],"about":[{"href":"https:\/\/www.forum-soegel.de\/information\/wp-json\/wp\/v2\/types\/post"}],"author":[{"embeddable":true,"href":"https:\/\/www.forum-soegel.de\/information\/wp-json\/wp\/v2\/users\/2"}],"replies":[{"embeddable":true,"href":"https:\/\/www.forum-soegel.de\/information\/wp-json\/wp\/v2\/comments?post=29636"}],"version-history":[{"count":2,"href":"https:\/\/www.forum-soegel.de\/information\/wp-json\/wp\/v2\/posts\/29636\/revisions"}],"predecessor-version":[{"id":29648,"href":"https:\/\/www.forum-soegel.de\/information\/wp-json\/wp\/v2\/posts\/29636\/revisions\/29648"}],"wp:attachment":[{"href":"https:\/\/www.forum-soegel.de\/information\/wp-json\/wp\/v2\/media?parent=29636"}],"wp:term":[{"taxonomy":"category","embeddable":true,"href":"https:\/\/www.forum-soegel.de\/information\/wp-json\/wp\/v2\/categories?post=29636"},{"taxonomy":"post_tag","embeddable":true,"href":"https:\/\/www.forum-soegel.de\/information\/wp-json\/wp\/v2\/tags?post=29636"}],"curies":[{"name":"wp","href":"https:\/\/api.w.org\/{rel}","templated":true}]}}