{"id":29629,"date":"2020-10-01T09:18:00","date_gmt":"2020-10-01T07:18:00","guid":{"rendered":"https:\/\/www.forum-soegel.de\/information\/?p=29629"},"modified":"2020-10-12T09:30:30","modified_gmt":"2020-10-12T07:30:30","slug":"chef-der-stasi-unterlagenbehoerde-im-klostergarten","status":"publish","type":"post","link":"https:\/\/www.forum-soegel.de\/information\/2020\/10\/chef-der-stasi-unterlagenbehoerde-im-klostergarten\/","title":{"rendered":"Chef der Stasi-Unterlagenbeh\u00f6rde im Klostergarten"},"content":{"rendered":"\n<p><strong>Roland Jahn zu Gast bei \u201eDie Bibel und der Wein\u201c mit Gitta Connemann und Pater Edmund<\/strong><\/p>\n\n\n\n<p>S\u00f6gel &#8211; Petrus meinte es gut. P\u00fcnktlich zu Beginn von \u201eDie Bibel und der Wein\u201c konnten die Regenschirme im Klostergarten S\u00f6gel eingeklappt werden \u2013 sogar die Sonne wollte zu sehen. So konnten Gastgeber Pater Edmund, die CDU-Bundestagsabgeordnete Gitta Connemann und der Chef der Stasi-Unterlagenbeh\u00f6rde Roland Jahn entspannt \u00fcber Gott und die Welt sprechen. 150 Zuh\u00f6rerinnen und Zuh\u00f6rer erfuhren vieles \u00fcber das Leben in der DDR, Willk\u00fcr, Widerstand und Freiheit &#8211; aber auch \u00fcber Verzeihung. Roland Jahn ist der Bundesbeauftragte f\u00fcr die Unterlagen des Staatssicherheitsdienstes der ehemaligen Deutschen Demokratischen Republik (BStU). Er hatte den Mut zum Widerstand im DDR-Unrechtsstaat, war SED-Gegner und B\u00fcrgerrechtler. Pater Edmund zollte dem 67-J\u00e4hrigen schon zu Beginn der Veranstaltung Respekt, f\u00fcr \u201ealles, was er in seinem Leben bewirkt\u201c habe. In Jena erlebte Jahn Kindheit und Jugend in der DDR. Er erz\u00e4hlte vom Bau der Berliner Mauer und den Fragen, die er sich als Kind stellte: \u201eWieso darf man da nicht hin? Wieso schie\u00dft man auf Menschen?\u201c Als der S\u00e4nger Wolf Biermann aus der DDR ausgeb\u00fcrgert wurde, war Jahn Student. Er protestierte und stellte Fragen. Daraufhin wurde er exmatrikuliert. Jahn war zu diesem Zeitpunkt 24 Jahre alt: \u201eDas Schlimmste war, dass meine Kommilitonen \u00fcber diese Entscheidung abstimmen mussten. Fast alle haben gegen mich gestimmt, weil sie Angst hatten.\u201c Viele Jahre sp\u00e4ter entschuldigten sich einige daf\u00fcr. Jahn gab zu, dass er nicht wisse, wie er selbst in dieser Situation gehandelt h\u00e4tte. Gleichzeitig machte er deutlich, wie viel ihm die Eingest\u00e4ndnisse bedeutet haben. Er habe in dieser Zeit gelernt, Menschen zu verzeihen. Im weiteren Verlauf des Gespr\u00e4chs sprachen Connemann, Pater Edmund und Jahn \u00fcber Inhaftierung, Anwerbeversuche der Stasi, die Ausb\u00fcrgerung aus der DDR und die Bedeutung der Stasi-Unterlagen bis heute. Seit 1990 sind mehr als 7,3 Millionen Antr\u00e4ge bei der Beh\u00f6rde eingegangen. Das Interesse ist nach wie vor gro\u00df, gerade von Zwangsadoptierten oder den Nachfahren von Verfolgten in der DDR. Alleine im ersten Halbjahr 2020 waren es noch immer 20.743 Antr\u00e4ge. Connemann und Jahn werben aus diesem Grund daf\u00fcr, die Stasiakten weiter zug\u00e4nglich zu halten. Beide haben daf\u00fcr lange gek\u00e4mpft. Connemann machte deutlich: \u201eDie Stasiakten geh\u00f6ren zum nationalen Ged\u00e4chtnis. Sie sind das Fundament f\u00fcr die Aufarbeitung der SED-Diktatur. \u201eAufkl\u00e4rung ist die Grundlage der Demokratie.\u201c Mittlerweile steht fest: Die Stasiunterlagen werden ins Bundesarchiv \u00fcberf\u00fchrt. Und es wird einen Opferbeauftragten geben. Ein entsprechender Gesetzentwurf liegt vor. Jahn selbst wird dann seinen Ruhestand genie\u00dfen. Gitta Connemann dankte ihm f\u00fcr seinen steten Einsatz: \u201eRoland Jahn ist beeindruckend. Als er von seinem Leben erz\u00e4hlte, h\u00e4tte man eine Stecknadel fallen h\u00f6ren k\u00f6nnen. Er ist einer der Wegbereiter der Freiheit. Und damit ist er f\u00fcr mich ein Held.\u201c<\/p>\n\n\n\n<p>Text\/Foto: Gitta Connemann (Pressemitteilung)<\/p>\n\n\n\n<figure class=\"wp-block-gallery columns-2 is-cropped wp-block-gallery-1 is-layout-flex wp-block-gallery-is-layout-flex\"><ul class=\"blocks-gallery-grid\"><li class=\"blocks-gallery-item\"><figure><a href=\"https:\/\/www.forum-soegel.de\/information\/wp-content\/uploads\/2020\/10\/Chef-der-Stasi-Unterlagenbehoerde-im-Klostergarten-2.jpg\"><img loading=\"lazy\" decoding=\"async\" width=\"1024\" height=\"683\" src=\"https:\/\/www.forum-soegel.de\/information\/wp-content\/uploads\/2020\/10\/Chef-der-Stasi-Unterlagenbehoerde-im-Klostergarten-2.jpg\" alt=\"\" data-id=\"29630\" data-full-url=\"https:\/\/www.forum-soegel.de\/information\/wp-content\/uploads\/2020\/10\/Chef-der-Stasi-Unterlagenbehoerde-im-Klostergarten-2.jpg\" data-link=\"https:\/\/www.forum-soegel.de\/information\/?attachment_id=29630\" class=\"wp-image-29630\" srcset=\"https:\/\/www.forum-soegel.de\/information\/wp-content\/uploads\/2020\/10\/Chef-der-Stasi-Unterlagenbehoerde-im-Klostergarten-2.jpg 1024w, https:\/\/www.forum-soegel.de\/information\/wp-content\/uploads\/2020\/10\/Chef-der-Stasi-Unterlagenbehoerde-im-Klostergarten-2-300x200.jpg 300w, https:\/\/www.forum-soegel.de\/information\/wp-content\/uploads\/2020\/10\/Chef-der-Stasi-Unterlagenbehoerde-im-Klostergarten-2-768x512.jpg 768w\" sizes=\"auto, (max-width: 1024px) 100vw, 1024px\" \/><\/a><\/figure><\/li><li class=\"blocks-gallery-item\"><figure><a href=\"https:\/\/www.forum-soegel.de\/information\/wp-content\/uploads\/2020\/10\/Chef-der-Stasi-Unterlagenbehoerde-im-Klostergarten-1.jpg\"><img loading=\"lazy\" decoding=\"async\" width=\"1024\" height=\"683\" src=\"https:\/\/www.forum-soegel.de\/information\/wp-content\/uploads\/2020\/10\/Chef-der-Stasi-Unterlagenbehoerde-im-Klostergarten-1.jpg\" alt=\"\" data-id=\"29631\" data-full-url=\"https:\/\/www.forum-soegel.de\/information\/wp-content\/uploads\/2020\/10\/Chef-der-Stasi-Unterlagenbehoerde-im-Klostergarten-1.jpg\" data-link=\"https:\/\/www.forum-soegel.de\/information\/?attachment_id=29631\" class=\"wp-image-29631\" srcset=\"https:\/\/www.forum-soegel.de\/information\/wp-content\/uploads\/2020\/10\/Chef-der-Stasi-Unterlagenbehoerde-im-Klostergarten-1.jpg 1024w, https:\/\/www.forum-soegel.de\/information\/wp-content\/uploads\/2020\/10\/Chef-der-Stasi-Unterlagenbehoerde-im-Klostergarten-1-300x200.jpg 300w, https:\/\/www.forum-soegel.de\/information\/wp-content\/uploads\/2020\/10\/Chef-der-Stasi-Unterlagenbehoerde-im-Klostergarten-1-768x512.jpg 768w\" sizes=\"auto, (max-width: 1024px) 100vw, 1024px\" \/><\/a><\/figure><\/li><\/ul><\/figure>\n","protected":false},"excerpt":{"rendered":"Roland Jahn zu Gast bei \u201eDie Bibel und der Wein\u201c mit Gitta Connemann und Pater Edmund S\u00f6gel &#8211; Petrus meinte es gut. P\u00fcnktlich zu Beginn von \u201eDie Bibel und der Wein\u201c konnten die Regenschirme im Klostergarten S\u00f6gel eingeklappt werden \u2013 sogar die Sonne wollte zu sehen. So konnten Gastgeber Pater Edmund, die CDU-Bundestagsabgeordnete Gitta Connemann [&hellip;]\n","protected":false},"author":2,"featured_media":0,"comment_status":"closed","ping_status":"closed","sticky":false,"template":"","format":"standard","meta":{"ngg_post_thumbnail":0,"footnotes":""},"categories":[3],"tags":[],"class_list":["post-29629","post","type-post","status-publish","format-standard","hentry","category-aktuelles-aus-der-region"],"_links":{"self":[{"href":"https:\/\/www.forum-soegel.de\/information\/wp-json\/wp\/v2\/posts\/29629","targetHints":{"allow":["GET"]}}],"collection":[{"href":"https:\/\/www.forum-soegel.de\/information\/wp-json\/wp\/v2\/posts"}],"about":[{"href":"https:\/\/www.forum-soegel.de\/information\/wp-json\/wp\/v2\/types\/post"}],"author":[{"embeddable":true,"href":"https:\/\/www.forum-soegel.de\/information\/wp-json\/wp\/v2\/users\/2"}],"replies":[{"embeddable":true,"href":"https:\/\/www.forum-soegel.de\/information\/wp-json\/wp\/v2\/comments?post=29629"}],"version-history":[{"count":2,"href":"https:\/\/www.forum-soegel.de\/information\/wp-json\/wp\/v2\/posts\/29629\/revisions"}],"predecessor-version":[{"id":29647,"href":"https:\/\/www.forum-soegel.de\/information\/wp-json\/wp\/v2\/posts\/29629\/revisions\/29647"}],"wp:attachment":[{"href":"https:\/\/www.forum-soegel.de\/information\/wp-json\/wp\/v2\/media?parent=29629"}],"wp:term":[{"taxonomy":"category","embeddable":true,"href":"https:\/\/www.forum-soegel.de\/information\/wp-json\/wp\/v2\/categories?post=29629"},{"taxonomy":"post_tag","embeddable":true,"href":"https:\/\/www.forum-soegel.de\/information\/wp-json\/wp\/v2\/tags?post=29629"}],"curies":[{"name":"wp","href":"https:\/\/api.w.org\/{rel}","templated":true}]}}