{"id":29623,"date":"2020-10-01T09:15:00","date_gmt":"2020-10-01T07:15:00","guid":{"rendered":"https:\/\/www.forum-soegel.de\/information\/?p=29623"},"modified":"2020-10-12T09:29:30","modified_gmt":"2020-10-12T07:29:30","slug":"acht-neue-wohnungen-fuer-menschen-mit-behinderungen-im-herzen-von-soegel","status":"publish","type":"post","link":"https:\/\/www.forum-soegel.de\/information\/2020\/10\/acht-neue-wohnungen-fuer-menschen-mit-behinderungen-im-herzen-von-soegel\/","title":{"rendered":"Acht neue Wohnungen f\u00fcr Menschen mit Behinderungen im Herzen von S\u00f6gel"},"content":{"rendered":"\n<p>S\u00f6gel &#8211; \u201eHier k\u00f6nnen Menschen trotz einer Beeintr\u00e4chtigung m\u00f6glichst selbst\u00e4ndig und sozialraumnah leben\u201c, freute sich der Gesch\u00e4ftsf\u00fchrer vom St. Lukas-Heim Heinz-Bernhard M\u00e4sker \u00fcber ein privat errichtetes Mehrparteienhaus im S\u00f6geler Zentrum. Wie bei der Baustellenbegehung deutlich wurde, k\u00f6nnen dort ab Oktober insgesamt acht Menschen mit Beeintr\u00e4chtigungen eigene Wohnungen beziehen. Betreut werden sie von der Wohnassistenz des St. Lukas-Heims. Das neue Wohnhaus verf\u00fcgt \u00fcber acht Wohnungen, die mit barrierefreien B\u00e4dern ausgestattet werden. Diese k\u00f6nnen optional nach ihren individuellen Bed\u00fcrfnissen unterschiedliche Assistenzleistungen vom St. Lukas-Heim in Anspruch nehmen. Entsprechend der pers\u00f6nlichen Anspr\u00fcche der einzelnen Bewohner wird durch Fachkr\u00e4fte der Wohnassistenz vom St. Lukas-Heim daher eine differenzierte Betreuung und F\u00f6rderung \u00fcber Fachleistungsstunden sichergestellt. Zus\u00e4tzliche Unterst\u00fctzung kann bei Bedarf durch einen ambulanten Pflegedienst sichergestellt werden. \u201eMit dem Einzug ins \u201eBetreute Wohnen plus\u201c wurde mehr Sozialraumn\u00e4he geschaffen, denn viele der Bewohner arbeiten in der Caritas-Werkstatt oder einem Au\u00dfenarbeitsplatz und haben soziale Bindungen in der Samtgemeinde S\u00f6gel\u201c, sagt Karsten Schomaker. Er ist Leiter der Wohnassistenz und wei\u00df um den gro\u00dfen Bedarf von Wohnraum von Menschen mit Beeintr\u00e4chtigungen. Als Kinder leben sie wie andere auch bei ihren Eltern. Doch mit dem Erwachsenwerden und der Situation, dass auch ihre Eltern \u00e4lter werden, stellt sich auch f\u00fcr sie die Zukunftsfrage nach Wohnraum, Betreuung, F\u00f6rderung und Besch\u00e4ftigung. Bauherr ist Frank Br\u00fcning aus Meppen, der bereits mehrere \u00e4hnliche Objekte in der Kreisstadt, sowie in Papenburg, Lingen und Nordhorn realisierte. Nach seinen Worten sind bereits sieben der insgesamt acht Wohnungen vermietet. Die Wohnungsgr\u00f6\u00dfen liegen zwischen 45 und 56 Quadratmeter und verf\u00fcgen \u00fcber eine Terrasse oder einen Balkon. Die Bewohner des Hauses sind Mieter und beantragen in der Regel entsprechendes Wohngeld bei der Kommune. Das St. Lukas-Heim bietet mit diesem neuen Wohnkonzept Menschen mit den unterschiedlichsten Behinderungen ein m\u00f6glichst selbst\u00e4ndiges und barrierefreies Wohnen in einem bezahlbaren Wohnraum.<\/p>\n\n\n\n<p>Text\/Foto: St. Lukas Heim<\/p>\n\n\n\n<figure class=\"wp-block-gallery columns-1 is-cropped wp-block-gallery-1 is-layout-flex wp-block-gallery-is-layout-flex\"><ul class=\"blocks-gallery-grid\"><li class=\"blocks-gallery-item\"><figure><a href=\"https:\/\/www.forum-soegel.de\/information\/wp-content\/uploads\/2020\/10\/Acht-neue-Wohnungen-fuer-Menschen-mit-Behinderungen-im-Herzen-von-Soegel-1.jpg\"><img loading=\"lazy\" decoding=\"async\" width=\"1024\" height=\"575\" src=\"https:\/\/www.forum-soegel.de\/information\/wp-content\/uploads\/2020\/10\/Acht-neue-Wohnungen-fuer-Menschen-mit-Behinderungen-im-Herzen-von-Soegel-1.jpg\" alt=\"\" data-id=\"29624\" data-full-url=\"https:\/\/www.forum-soegel.de\/information\/wp-content\/uploads\/2020\/10\/Acht-neue-Wohnungen-fuer-Menschen-mit-Behinderungen-im-Herzen-von-Soegel-1.jpg\" data-link=\"https:\/\/www.forum-soegel.de\/information\/?attachment_id=29624\" class=\"wp-image-29624\" srcset=\"https:\/\/www.forum-soegel.de\/information\/wp-content\/uploads\/2020\/10\/Acht-neue-Wohnungen-fuer-Menschen-mit-Behinderungen-im-Herzen-von-Soegel-1.jpg 1024w, https:\/\/www.forum-soegel.de\/information\/wp-content\/uploads\/2020\/10\/Acht-neue-Wohnungen-fuer-Menschen-mit-Behinderungen-im-Herzen-von-Soegel-1-300x168.jpg 300w, https:\/\/www.forum-soegel.de\/information\/wp-content\/uploads\/2020\/10\/Acht-neue-Wohnungen-fuer-Menschen-mit-Behinderungen-im-Herzen-von-Soegel-1-768x431.jpg 768w\" sizes=\"auto, (max-width: 1024px) 100vw, 1024px\" \/><\/a><\/figure><\/li><\/ul><figcaption class=\"blocks-gallery-caption\">Im Zentrum von S\u00f6gel entstehen derzeit acht neue Wohnungen f\u00fcr Menschen mit Beeintr\u00e4chtigungen. Die Betreuung erfolgt \u00fcber Assistenzleistungen vom St. Lukas-Heim. Unser Foto zeigt (von links) den Gesch\u00e4ftsf\u00fchrer vom St. Lukas-Heim Heinz-Bernhard M\u00e4sker, Stefan Terhalle, Karsten Schomaker (beide Wohnassistenz) und den Privatinvestor Frank Br\u00fcning. Foto: J\u00fcrgen Eden\/St. Lukas-Heim<\/figcaption><\/figure>\n","protected":false},"excerpt":{"rendered":"S\u00f6gel &#8211; \u201eHier k\u00f6nnen Menschen trotz einer Beeintr\u00e4chtigung m\u00f6glichst selbst\u00e4ndig und sozialraumnah leben\u201c, freute sich der Gesch\u00e4ftsf\u00fchrer vom St. Lukas-Heim Heinz-Bernhard M\u00e4sker \u00fcber ein privat errichtetes Mehrparteienhaus im S\u00f6geler Zentrum. Wie bei der Baustellenbegehung deutlich wurde, k\u00f6nnen dort ab Oktober insgesamt acht Menschen mit Beeintr\u00e4chtigungen eigene Wohnungen beziehen. Betreut werden sie von der Wohnassistenz des [&hellip;]\n","protected":false},"author":2,"featured_media":0,"comment_status":"closed","ping_status":"closed","sticky":false,"template":"","format":"standard","meta":{"ngg_post_thumbnail":0,"footnotes":""},"categories":[3],"tags":[],"class_list":["post-29623","post","type-post","status-publish","format-standard","hentry","category-aktuelles-aus-der-region"],"_links":{"self":[{"href":"https:\/\/www.forum-soegel.de\/information\/wp-json\/wp\/v2\/posts\/29623","targetHints":{"allow":["GET"]}}],"collection":[{"href":"https:\/\/www.forum-soegel.de\/information\/wp-json\/wp\/v2\/posts"}],"about":[{"href":"https:\/\/www.forum-soegel.de\/information\/wp-json\/wp\/v2\/types\/post"}],"author":[{"embeddable":true,"href":"https:\/\/www.forum-soegel.de\/information\/wp-json\/wp\/v2\/users\/2"}],"replies":[{"embeddable":true,"href":"https:\/\/www.forum-soegel.de\/information\/wp-json\/wp\/v2\/comments?post=29623"}],"version-history":[{"count":2,"href":"https:\/\/www.forum-soegel.de\/information\/wp-json\/wp\/v2\/posts\/29623\/revisions"}],"predecessor-version":[{"id":29645,"href":"https:\/\/www.forum-soegel.de\/information\/wp-json\/wp\/v2\/posts\/29623\/revisions\/29645"}],"wp:attachment":[{"href":"https:\/\/www.forum-soegel.de\/information\/wp-json\/wp\/v2\/media?parent=29623"}],"wp:term":[{"taxonomy":"category","embeddable":true,"href":"https:\/\/www.forum-soegel.de\/information\/wp-json\/wp\/v2\/categories?post=29623"},{"taxonomy":"post_tag","embeddable":true,"href":"https:\/\/www.forum-soegel.de\/information\/wp-json\/wp\/v2\/tags?post=29623"}],"curies":[{"name":"wp","href":"https:\/\/api.w.org\/{rel}","templated":true}]}}