{"id":29620,"date":"2020-10-01T09:13:00","date_gmt":"2020-10-01T07:13:00","guid":{"rendered":"https:\/\/www.forum-soegel.de\/information\/?p=29620"},"modified":"2020-10-12T09:29:07","modified_gmt":"2020-10-12T07:29:07","slug":"40-jaehriges-dienstjubilaeum-von-gerda-brinkmann","status":"publish","type":"post","link":"https:\/\/www.forum-soegel.de\/information\/2020\/10\/40-jaehriges-dienstjubilaeum-von-gerda-brinkmann\/","title":{"rendered":"40-j\u00e4hriges Dienstjubil\u00e4um von Gerda Brinkmann"},"content":{"rendered":"\n<p>S\u00f6gel &#8211; Auf 40 Jahre T\u00e4tigkeit im \u00f6ffentlichen Dienst konnte k\u00fcrzlich Gerda Brinkmann aus S\u00f6gel zur\u00fcckblicken, die bei der Verwaltung der Samtgemeinde S\u00f6gel besch\u00e4ftigt ist. Die allgemeine Stellvertreterin des Samtgemeindeb\u00fcrgermeisters Cornelia Willigmann-Kassner sowie der stellvertretende Leiter des Fachbereiches B\u00fcrgerservice und Schulen, Frank Tholen, w\u00fcrdigten die Arbeit der Angestellten, die stets durch Zuverl\u00e4ssigkeit und Kompetenz gekennzeichnet gewesen ist. Durch ihren Einsatz in der Telefonzentrale bzw. im Empfang des Rathauses und die damit verbundenen B\u00fcrgerkontakte sei Gerda Brinkmann auch f\u00fcr viele Menschen eine stets zuvorkommende Ansprechpartnerin gewesen, die sich um die verschiedensten Belange der B\u00fcrger vertrauensvoll gek\u00fcmmert habe. Als Vertreterin des Personalrates bedankte sich Ingrid Cloppenburg f\u00fcr die langj\u00e4hrige gute Zusammenarbeit mit Gerda Brinkmann.<\/p>\n\n\n\n<p>Text: Ingrid Cloppenburg<\/p>\n\n\n\n<p>Foto: Samtgemeinde S\u00f6gel<\/p>\n\n\n\n<figure class=\"wp-block-gallery columns-1 is-cropped wp-block-gallery-1 is-layout-flex wp-block-gallery-is-layout-flex\"><ul class=\"blocks-gallery-grid\"><li class=\"blocks-gallery-item\"><figure><a href=\"https:\/\/www.forum-soegel.de\/information\/wp-content\/uploads\/2020\/10\/40-jaehriges-Dienstjubilaeum-von-Gerda-Brinkmann-1.jpg\"><img loading=\"lazy\" decoding=\"async\" width=\"747\" height=\"768\" src=\"https:\/\/www.forum-soegel.de\/information\/wp-content\/uploads\/2020\/10\/40-jaehriges-Dienstjubilaeum-von-Gerda-Brinkmann-1.jpg\" alt=\"\" data-id=\"29621\" data-full-url=\"https:\/\/www.forum-soegel.de\/information\/wp-content\/uploads\/2020\/10\/40-jaehriges-Dienstjubilaeum-von-Gerda-Brinkmann-1.jpg\" data-link=\"https:\/\/www.forum-soegel.de\/information\/?attachment_id=29621\" class=\"wp-image-29621\" srcset=\"https:\/\/www.forum-soegel.de\/information\/wp-content\/uploads\/2020\/10\/40-jaehriges-Dienstjubilaeum-von-Gerda-Brinkmann-1.jpg 747w, https:\/\/www.forum-soegel.de\/information\/wp-content\/uploads\/2020\/10\/40-jaehriges-Dienstjubilaeum-von-Gerda-Brinkmann-1-292x300.jpg 292w\" sizes=\"auto, (max-width: 747px) 100vw, 747px\" \/><\/a><\/figure><\/li><\/ul><figcaption class=\"blocks-gallery-caption\">v.l.: Frank Tholen, Werner und Gerda Brinkmann sowie Cornelia Willigmann-Kassner.<\/figcaption><\/figure>\n","protected":false},"excerpt":{"rendered":"S\u00f6gel &#8211; Auf 40 Jahre T\u00e4tigkeit im \u00f6ffentlichen Dienst konnte k\u00fcrzlich Gerda Brinkmann aus S\u00f6gel zur\u00fcckblicken, die bei der Verwaltung der Samtgemeinde S\u00f6gel besch\u00e4ftigt ist. Die allgemeine Stellvertreterin des Samtgemeindeb\u00fcrgermeisters Cornelia Willigmann-Kassner sowie der stellvertretende Leiter des Fachbereiches B\u00fcrgerservice und Schulen, Frank Tholen, w\u00fcrdigten die Arbeit der Angestellten, die stets durch Zuverl\u00e4ssigkeit und Kompetenz gekennzeichnet [&hellip;]\n","protected":false},"author":2,"featured_media":0,"comment_status":"closed","ping_status":"closed","sticky":false,"template":"","format":"standard","meta":{"ngg_post_thumbnail":0,"footnotes":""},"categories":[3],"tags":[],"class_list":["post-29620","post","type-post","status-publish","format-standard","hentry","category-aktuelles-aus-der-region"],"_links":{"self":[{"href":"https:\/\/www.forum-soegel.de\/information\/wp-json\/wp\/v2\/posts\/29620","targetHints":{"allow":["GET"]}}],"collection":[{"href":"https:\/\/www.forum-soegel.de\/information\/wp-json\/wp\/v2\/posts"}],"about":[{"href":"https:\/\/www.forum-soegel.de\/information\/wp-json\/wp\/v2\/types\/post"}],"author":[{"embeddable":true,"href":"https:\/\/www.forum-soegel.de\/information\/wp-json\/wp\/v2\/users\/2"}],"replies":[{"embeddable":true,"href":"https:\/\/www.forum-soegel.de\/information\/wp-json\/wp\/v2\/comments?post=29620"}],"version-history":[{"count":2,"href":"https:\/\/www.forum-soegel.de\/information\/wp-json\/wp\/v2\/posts\/29620\/revisions"}],"predecessor-version":[{"id":29644,"href":"https:\/\/www.forum-soegel.de\/information\/wp-json\/wp\/v2\/posts\/29620\/revisions\/29644"}],"wp:attachment":[{"href":"https:\/\/www.forum-soegel.de\/information\/wp-json\/wp\/v2\/media?parent=29620"}],"wp:term":[{"taxonomy":"category","embeddable":true,"href":"https:\/\/www.forum-soegel.de\/information\/wp-json\/wp\/v2\/categories?post=29620"},{"taxonomy":"post_tag","embeddable":true,"href":"https:\/\/www.forum-soegel.de\/information\/wp-json\/wp\/v2\/tags?post=29620"}],"curies":[{"name":"wp","href":"https:\/\/api.w.org\/{rel}","templated":true}]}}