{"id":29585,"date":"2020-09-01T19:05:00","date_gmt":"2020-09-01T17:05:00","guid":{"rendered":"https:\/\/www.forum-soegel.de\/information\/?p=29585"},"modified":"2020-09-20T19:06:49","modified_gmt":"2020-09-20T17:06:49","slug":"zeit-danke-zu-sagen","status":"publish","type":"post","link":"https:\/\/www.forum-soegel.de\/information\/2020\/09\/zeit-danke-zu-sagen\/","title":{"rendered":"Zeit danke zu sagen"},"content":{"rendered":"\n<p><strong>Nach 46-j\u00e4hriger T\u00e4tigkeit im Schuldienst geht es in den Ruhestand<\/strong><\/p>\n\n\n\n<p>Klein Ber\u00dfen &#8211; Die Grundschullehrerin der Grundschule S\u00fcd-H\u00fcmmling aus Klein Ber\u00dfen, Irmgard Schultejans, erhielt in diesen Tagen nach 46-j\u00e4hriger T\u00e4tigkeit als Lehrerin ihre Ruhestandsurkunde. Diese konnte sie im Rahmen einer kleinen Feierstunde aus den H\u00e4nden des Schulleiters Matthias Wraga entgegennehmen. Wraga dankte Schultejans stellvertretend f\u00fcr das Land Niedersachsen f\u00fcr ihre langj\u00e4hrigen treuen Dienste. In seiner Laudatio w\u00fcrdigte er die Leistungen der scheidenden Kollegin und erinnerte an die zahlreichen kleinen Spielideen und Ganztagsschulangebote von \u201eSch\u00f6ne Stunde\u201c bis \u201eKochen und Backen\u201c, die Schultejans organisierte und durchf\u00fchrte.<\/p>\n\n\n\n<p>Schultejans studierte die F\u00e4cher Deutsch, Erdkunde und Mathematik, um dann 1977 ihren Dienst an der Grundschule Herzlake anzutreten. \u00dcber die Grundschule Dohren wurde sie an die Grund- und Hauptschule in Klein Ber\u00dfen versetzt und gleich im ersten Jahr an die Grundschule Stavern abgeordnet. Hier arbeitete sie fast 30 Jahre und \u00fcbernahm im Jahr 1993 f\u00fcr ein Schuljahr die kommissarische Schulleitung. Nach der Schulzusammenlegung der Grundschulen Klein Ber\u00dfen und Stavern im Jahre 2011 wechselte Schultejans 2012 an die Grundschule Gro\u00df Ber\u00dfen\/H\u00fcven, um im darauffolgenden Jahr eine zweite Schulzusammenlegung der beiden Grundschulen Klein Ber\u00dfen\/Stavern und Gro\u00df Ber\u00dfen\/H\u00fcven zur Grundschule S\u00fcd-H\u00fcmmling mitzuvollziehen.<\/p>\n\n\n\n<p>\u201eBlickt man auf ihren Werdegang zur\u00fcck, kann man mit Fug und Recht behaupten, dass sie ein &#8222;Urgestein&#8220; der am 01.08.2013 neu gegr\u00fcndeten Grundschule S\u00fcd-H\u00fcmmling ist. Immerhin hat Frau Schultejans in ihrer Lehrerzeit an allen vier vorherigen Schulstandorten in Stavern, H\u00fcven, Gro\u00df- und Klein Ber\u00dfen unterrichtet und vielen Kindern generations\u00fcbergreifend das Lesen, Schreiben und Rechnen vermittelt\u201c, sagte Wraga.<\/p>\n\n\n\n<p>Auch der Personalrat und das Kollegium der Schule gratulierten Frau Schultejans und \u00fcberreichten der langj\u00e4hrigen Kollegin Abschiedsgeschenke mit pers\u00f6nlichen W\u00fcnschen f\u00fcr die Zukunft. So lautete ein Spruch: \u201eEs ist Zeit danke zu sagen, damit das, was kommt, unter einem guten Stern beginnt.\u201c Und so organisierte das Kollegium eine ganz besondere letzte Heimfahrt, indem sie Schulejans mit einer Kutsche vom Dienstort nach Hause fahren lie\u00dfen.<\/p>\n\n\n\n<p>Text\/Foto: Samtgemeinde S\u00f6gel<\/p>\n\n\n\n<figure class=\"wp-block-gallery columns-1 is-cropped wp-block-gallery-1 is-layout-flex wp-block-gallery-is-layout-flex\"><ul class=\"blocks-gallery-grid\"><li class=\"blocks-gallery-item\"><figure><a href=\"https:\/\/www.forum-soegel.de\/information\/wp-content\/uploads\/2020\/09\/Zeit-danke-zu-sagen-1.jpg\"><img loading=\"lazy\" decoding=\"async\" width=\"972\" height=\"768\" src=\"https:\/\/www.forum-soegel.de\/information\/wp-content\/uploads\/2020\/09\/Zeit-danke-zu-sagen-1.jpg\" alt=\"\" data-id=\"29586\" data-full-url=\"https:\/\/www.forum-soegel.de\/information\/wp-content\/uploads\/2020\/09\/Zeit-danke-zu-sagen-1.jpg\" data-link=\"https:\/\/www.forum-soegel.de\/information\/?attachment_id=29586\" class=\"wp-image-29586\" srcset=\"https:\/\/www.forum-soegel.de\/information\/wp-content\/uploads\/2020\/09\/Zeit-danke-zu-sagen-1.jpg 972w, https:\/\/www.forum-soegel.de\/information\/wp-content\/uploads\/2020\/09\/Zeit-danke-zu-sagen-1-300x237.jpg 300w, https:\/\/www.forum-soegel.de\/information\/wp-content\/uploads\/2020\/09\/Zeit-danke-zu-sagen-1-768x607.jpg 768w\" sizes=\"auto, (max-width: 972px) 100vw, 972px\" \/><\/a><\/figure><\/li><\/ul><\/figure>\n","protected":false},"excerpt":{"rendered":"Nach 46-j\u00e4hriger T\u00e4tigkeit im Schuldienst geht es in den Ruhestand Klein Ber\u00dfen &#8211; Die Grundschullehrerin der Grundschule S\u00fcd-H\u00fcmmling aus Klein Ber\u00dfen, Irmgard Schultejans, erhielt in diesen Tagen nach 46-j\u00e4hriger T\u00e4tigkeit als Lehrerin ihre Ruhestandsurkunde. Diese konnte sie im Rahmen einer kleinen Feierstunde aus den H\u00e4nden des Schulleiters Matthias Wraga entgegennehmen. Wraga dankte Schultejans stellvertretend f\u00fcr [&hellip;]\n","protected":false},"author":2,"featured_media":0,"comment_status":"closed","ping_status":"closed","sticky":false,"template":"","format":"standard","meta":{"ngg_post_thumbnail":0,"footnotes":""},"categories":[6],"tags":[],"class_list":["post-29585","post","type-post","status-publish","format-standard","hentry","category-aus-der-schule-geplaudert"],"_links":{"self":[{"href":"https:\/\/www.forum-soegel.de\/information\/wp-json\/wp\/v2\/posts\/29585","targetHints":{"allow":["GET"]}}],"collection":[{"href":"https:\/\/www.forum-soegel.de\/information\/wp-json\/wp\/v2\/posts"}],"about":[{"href":"https:\/\/www.forum-soegel.de\/information\/wp-json\/wp\/v2\/types\/post"}],"author":[{"embeddable":true,"href":"https:\/\/www.forum-soegel.de\/information\/wp-json\/wp\/v2\/users\/2"}],"replies":[{"embeddable":true,"href":"https:\/\/www.forum-soegel.de\/information\/wp-json\/wp\/v2\/comments?post=29585"}],"version-history":[{"count":1,"href":"https:\/\/www.forum-soegel.de\/information\/wp-json\/wp\/v2\/posts\/29585\/revisions"}],"predecessor-version":[{"id":29587,"href":"https:\/\/www.forum-soegel.de\/information\/wp-json\/wp\/v2\/posts\/29585\/revisions\/29587"}],"wp:attachment":[{"href":"https:\/\/www.forum-soegel.de\/information\/wp-json\/wp\/v2\/media?parent=29585"}],"wp:term":[{"taxonomy":"category","embeddable":true,"href":"https:\/\/www.forum-soegel.de\/information\/wp-json\/wp\/v2\/categories?post=29585"},{"taxonomy":"post_tag","embeddable":true,"href":"https:\/\/www.forum-soegel.de\/information\/wp-json\/wp\/v2\/tags?post=29585"}],"curies":[{"name":"wp","href":"https:\/\/api.w.org\/{rel}","templated":true}]}}