{"id":2936,"date":"2010-08-08T17:14:23","date_gmt":"2010-08-08T15:14:23","guid":{"rendered":"https:\/\/www.forum-soegel.de\/information\/?p=2936"},"modified":"2010-08-08T17:14:23","modified_gmt":"2010-08-08T15:14:23","slug":"generalversammlung-von-grun-weis-spahnharrenstatte","status":"publish","type":"post","link":"https:\/\/www.forum-soegel.de\/information\/2010\/08\/generalversammlung-von-grun-weis-spahnharrenstatte\/","title":{"rendered":"Generalversammlung von Gr\u00fcn-Wei\u00df Spahnharrenst\u00e4tte"},"content":{"rendered":"<p>Am Freitag den 09.07.2010 konnte der 1. Vorsitzende von DJK Gr\u00fcn-Wei\u00df Spahnharrenst\u00e4tte, Horst Schrandt, 30 Mitglieder zur diesj\u00e4hrigen Generalversammlung im Vereinslokal &#8222;Altes Gasthaus Br\u00f6rken&#8220; begr\u00fcssen.<\/p>\n<p>Vertreter aus Politk und Kirchengemeinde lobten das Angebot an sportlichen Aktivit\u00e4ten im Verein und bedankten sich beim gesamten Vorstand f\u00fcr die geleistete Arbeit.<\/p>\n<p>Fu\u00dfball, Leichtathletik, Badminton, Vollyeball, Tennis und Frauenturnen sind Abteilungen die von den begeisterten Sportlern aktiv im Verein genutzt werden.<\/p>\n<p>Der gesamte Vorstand wurde von der Versammlung best\u00e4tigt und wiedergew\u00e4hlt.<\/p>\n<p>Text\/Foto: A. Konen\/WR, Vereine-Spahnharrenst\u00e4tte<\/p>\n<div id=\"attachment_2937\" style=\"width: 310px\" class=\"wp-caption alignnone\"><a href=\"https:\/\/www.forum-soegel.de\/information\/wp-content\/uploads\/2010\/08\/Vorstand_2010_2.jpg\"><img loading=\"lazy\" decoding=\"async\" aria-describedby=\"caption-attachment-2937\" class=\"size-medium wp-image-2937\" title=\"Vorstand_2010_2\" src=\"https:\/\/www.forum-soegel.de\/information\/wp-content\/uploads\/2010\/08\/Vorstand_2010_2-300x225.jpg\" alt=\"\" width=\"300\" height=\"225\" srcset=\"https:\/\/www.forum-soegel.de\/information\/wp-content\/uploads\/2010\/08\/Vorstand_2010_2-300x225.jpg 300w, https:\/\/www.forum-soegel.de\/information\/wp-content\/uploads\/2010\/08\/Vorstand_2010_2.jpg 1024w\" sizes=\"auto, (max-width: 300px) 100vw, 300px\" \/><\/a><p id=\"caption-attachment-2937\" class=\"wp-caption-text\">v.lks. A. Konen,G. R\u00fcdebusch,R. Konen, H. Behrens, H. Schrandt, T. Lockhorn,E. Schurig, H.-J. Meyer<\/p><\/div>\n","protected":false},"excerpt":{"rendered":"Am Freitag den 09.07.2010 konnte der 1. Vorsitzende von DJK Gr\u00fcn-Wei\u00df Spahnharrenst\u00e4tte, Horst Schrandt, 30 Mitglieder zur diesj\u00e4hrigen Generalversammlung im Vereinslokal &#8222;Altes Gasthaus Br\u00f6rken&#8220; begr\u00fcssen. Vertreter aus Politk und Kirchengemeinde lobten das Angebot an sportlichen Aktivit\u00e4ten im Verein und bedankten sich beim gesamten Vorstand f\u00fcr die geleistete Arbeit. Fu\u00dfball, Leichtathletik, Badminton, Vollyeball, Tennis und Frauenturnen [&hellip;]\n","protected":false},"author":2,"featured_media":0,"comment_status":"closed","ping_status":"closed","sticky":false,"template":"","format":"standard","meta":{"ngg_post_thumbnail":0,"footnotes":""},"categories":[5],"tags":[],"class_list":["post-2936","post","type-post","status-publish","format-standard","hentry","category-was-machen-die-vereine"],"_links":{"self":[{"href":"https:\/\/www.forum-soegel.de\/information\/wp-json\/wp\/v2\/posts\/2936","targetHints":{"allow":["GET"]}}],"collection":[{"href":"https:\/\/www.forum-soegel.de\/information\/wp-json\/wp\/v2\/posts"}],"about":[{"href":"https:\/\/www.forum-soegel.de\/information\/wp-json\/wp\/v2\/types\/post"}],"author":[{"embeddable":true,"href":"https:\/\/www.forum-soegel.de\/information\/wp-json\/wp\/v2\/users\/2"}],"replies":[{"embeddable":true,"href":"https:\/\/www.forum-soegel.de\/information\/wp-json\/wp\/v2\/comments?post=2936"}],"version-history":[{"count":2,"href":"https:\/\/www.forum-soegel.de\/information\/wp-json\/wp\/v2\/posts\/2936\/revisions"}],"predecessor-version":[{"id":2939,"href":"https:\/\/www.forum-soegel.de\/information\/wp-json\/wp\/v2\/posts\/2936\/revisions\/2939"}],"wp:attachment":[{"href":"https:\/\/www.forum-soegel.de\/information\/wp-json\/wp\/v2\/media?parent=2936"}],"wp:term":[{"taxonomy":"category","embeddable":true,"href":"https:\/\/www.forum-soegel.de\/information\/wp-json\/wp\/v2\/categories?post=2936"},{"taxonomy":"post_tag","embeddable":true,"href":"https:\/\/www.forum-soegel.de\/information\/wp-json\/wp\/v2\/tags?post=2936"}],"curies":[{"name":"wp","href":"https:\/\/api.w.org\/{rel}","templated":true}]}}