{"id":29013,"date":"2020-05-01T14:53:00","date_gmt":"2020-05-01T12:53:00","guid":{"rendered":"https:\/\/www.forum-soegel.de\/information\/?p=29013"},"modified":"2020-04-28T20:01:12","modified_gmt":"2020-04-28T18:01:12","slug":"schloss-clemenswerth-im-museums-shutdown","status":"publish","type":"post","link":"https:\/\/www.forum-soegel.de\/information\/2020\/05\/schloss-clemenswerth-im-museums-shutdown\/","title":{"rendered":"Schloss Clemenswerth im Museums-Shutdown"},"content":{"rendered":"\n<p>Eigentlich h\u00e4tte im April mit dem Start der Hauptsaison, der ersten Sonderausstellung und dem Osterevent der Museumsbetrieb auf Schloss Clemenswerth wieder voll Fahrt aufgenommen \u2026 Eigentlich! Die Corona-Lage mit der Allgemeinverf\u00fcgung des Landes Niedersachsen machten es notwendig, dass auch das Emslandmuseum Mitte M\u00e4rz zeitgleich mit den Schulen, den Kinderg\u00e4rten und aller Landesmuseen in ganz Niedersachsen seine T\u00fcren schlie\u00dfen musste. \u201eAlles ist abrupt auf null gesetzt wurden. Es f\u00fchlte sich so an, als ob das Schloss in eine verl\u00e4ngerte Winterpause gegangen ist\u201c, so Museumsdirektor Oliver Fok. Wie lange dieser Museums-Shutdown andauern wird und in welcher Form Veranstaltungen, Events, Ausstellungen, Gruppenf\u00fchrungen und Hochzeiten zuk\u00fcnftig stattfinden k\u00f6nnen und d\u00fcrfen, ist zum Redaktionsschluss der \u201eInformationen f\u00fcr S\u00f6gel\u201c \/ Ausgabe Mai noch nicht entschieden. \u201eObwohl wir nicht wissen, wann die momentanen und ohne Zweifel richtigen Entscheidungen f\u00fcr das \u00f6ffentliche und kulturelle Leben enden, bem\u00fchen wir uns so normal wie m\u00f6glich weiter zu arbeiten\u201c, so die Leiterin der \u00d6ffentlichkeitsarbeit und Museumsp\u00e4dagogik Ramona Krons. Im Bewusstsein, dass die Veranstaltungen doch noch abgesagt werden k\u00f6nnen, bereitet das Museum das Fest der Sinne, den Kunstmarkt ParkArt und den Adventsmarkt sowie die Ausstellung mit dem ostdeutschen Maler G\u00fcnther Rechn und das Sommerferienprogramm vor. Zudem werden Hochzeitstermine und Gruppenbuchungen angenommen. Damit versucht das Museum seinen K\u00fcnstlern, Markt-Ausstellern, Brautpaaren, Gruppen und Einzelbesuchern Mut zu machen und auch ein wenig Sicherheit zu geben. Denn nur so kann Schloss Clemenswerth als touristischer Leuchtturm im Emsland in angemessener Zeit seinen Betrieb \u2013 in welcher Form auch immer \u2013 wieder voll hochfahren. \u201eAllen Museums-Mitarbeitern kommt dabei eine Schl\u00fcsselstellung zu. Sie sind das Herz unseres Betriebes und h\u00e4ufig die entscheidende Schnittstelle zum Besucher und seines Zugangs zur Kultur. Ihnen wird zurzeit in einem g\u00e4nzlich ver\u00e4nderten Arbeitsalltag bis hin zum Standby viel abverlangt\u201c, unterstreicht Oliver Fok.<\/p>\n\n\n\n<p>Text: Ramona Krons \/ Foto: Emslandmuseum Schloss Clemenswerth<\/p>\n\n\n\n<figure class=\"wp-block-image size-large\"><a href=\"https:\/\/www.forum-soegel.de\/information\/wp-content\/uploads\/2020\/04\/Schloss-Clemenswerth-im-Museums-Shutdown.jpg\"><img loading=\"lazy\" decoding=\"async\" width=\"1024\" height=\"525\" src=\"https:\/\/www.forum-soegel.de\/information\/wp-content\/uploads\/2020\/04\/Schloss-Clemenswerth-im-Museums-Shutdown.jpg\" alt=\"\" class=\"wp-image-29014\" srcset=\"https:\/\/www.forum-soegel.de\/information\/wp-content\/uploads\/2020\/04\/Schloss-Clemenswerth-im-Museums-Shutdown.jpg 1024w, https:\/\/www.forum-soegel.de\/information\/wp-content\/uploads\/2020\/04\/Schloss-Clemenswerth-im-Museums-Shutdown-300x154.jpg 300w, https:\/\/www.forum-soegel.de\/information\/wp-content\/uploads\/2020\/04\/Schloss-Clemenswerth-im-Museums-Shutdown-768x394.jpg 768w\" sizes=\"auto, (max-width: 1024px) 100vw, 1024px\" \/><\/a><\/figure>\n\n\n\n<p><\/p>\n","protected":false},"excerpt":{"rendered":"Eigentlich h\u00e4tte im April mit dem Start der Hauptsaison, der ersten Sonderausstellung und dem Osterevent der Museumsbetrieb auf Schloss Clemenswerth wieder voll Fahrt aufgenommen \u2026 Eigentlich! Die Corona-Lage mit der Allgemeinverf\u00fcgung des Landes Niedersachsen machten es notwendig, dass auch das Emslandmuseum Mitte M\u00e4rz zeitgleich mit den Schulen, den Kinderg\u00e4rten und aller Landesmuseen in ganz Niedersachsen [&hellip;]\n","protected":false},"author":2,"featured_media":0,"comment_status":"closed","ping_status":"closed","sticky":false,"template":"","format":"standard","meta":{"ngg_post_thumbnail":0,"footnotes":""},"categories":[3],"tags":[],"class_list":["post-29013","post","type-post","status-publish","format-standard","hentry","category-aktuelles-aus-der-region"],"_links":{"self":[{"href":"https:\/\/www.forum-soegel.de\/information\/wp-json\/wp\/v2\/posts\/29013","targetHints":{"allow":["GET"]}}],"collection":[{"href":"https:\/\/www.forum-soegel.de\/information\/wp-json\/wp\/v2\/posts"}],"about":[{"href":"https:\/\/www.forum-soegel.de\/information\/wp-json\/wp\/v2\/types\/post"}],"author":[{"embeddable":true,"href":"https:\/\/www.forum-soegel.de\/information\/wp-json\/wp\/v2\/users\/2"}],"replies":[{"embeddable":true,"href":"https:\/\/www.forum-soegel.de\/information\/wp-json\/wp\/v2\/comments?post=29013"}],"version-history":[{"count":1,"href":"https:\/\/www.forum-soegel.de\/information\/wp-json\/wp\/v2\/posts\/29013\/revisions"}],"predecessor-version":[{"id":29015,"href":"https:\/\/www.forum-soegel.de\/information\/wp-json\/wp\/v2\/posts\/29013\/revisions\/29015"}],"wp:attachment":[{"href":"https:\/\/www.forum-soegel.de\/information\/wp-json\/wp\/v2\/media?parent=29013"}],"wp:term":[{"taxonomy":"category","embeddable":true,"href":"https:\/\/www.forum-soegel.de\/information\/wp-json\/wp\/v2\/categories?post=29013"},{"taxonomy":"post_tag","embeddable":true,"href":"https:\/\/www.forum-soegel.de\/information\/wp-json\/wp\/v2\/tags?post=29013"}],"curies":[{"name":"wp","href":"https:\/\/api.w.org\/{rel}","templated":true}]}}