{"id":2885,"date":"2010-08-08T16:24:47","date_gmt":"2010-08-08T14:24:47","guid":{"rendered":"https:\/\/www.forum-soegel.de\/information\/?p=2885"},"modified":"2010-08-08T16:31:23","modified_gmt":"2010-08-08T14:31:23","slug":"huvener-versammlung","status":"publish","type":"post","link":"https:\/\/www.forum-soegel.de\/information\/2010\/08\/huvener-versammlung\/","title":{"rendered":"H\u00fcvener Versammlung"},"content":{"rendered":"<p>\u2019Zukunft braucht Herkunft \u2013 Jesus Christus gestern, heute und in Ewigkeit\u2019 unter diesem Leitwort trafen sich am 18. und 19.06.2010 in H\u00fcven auf Einladung des Pastoralteams Vertreter der kirchlichen Gruppen und Verb\u00e4nde, sozialer Einrichtungen, Schulen und Politik, um die M\u00f6glichkeiten einer verst\u00e4rkten Zusammenarbeit innerhalb der Pfarreiengemeinschaft zu diskutieren, damit die Zukunft aktiv gestaltet werden kann.<\/p>\n<p>Die Veranstaltung begann am Freitag mit einem gemeinsamen Abendgebet in der St. Bonifatius-Kirche H\u00fcven. Anschlie\u00dfend hatten die Teilnehmer im Dorfgemeinschaftshaus\u00a0 die M\u00f6glichkeit, sich pers\u00f6nlich n\u00e4her kennenzulernen und miteinander ins Gespr\u00e4ch zu kommen. Vertreter der Kirchengemeinden stellten ihre jeweilige Gemeinde durch humoristische Wortbeitr\u00e4ge oder auf musikalische Weise vor. Einen Blick in die Zukunft, n\u00e4mlich in das Jahr 2050, gew\u00e4hrte der Sketch \u2019Im Pfarramt\u2019, aufgef\u00fchrt durch Rita Haarmann und Gisela Arling von der kfd S\u00f6gel. Bei genauer Betrachtung war aber durchaus feststellbar, dass in manchen Details die Zukunft gar nicht mehr so weit weg ist.<\/p>\n<p>Die eigentliche Arbeit begann am Samstag nach dem Morgengebet. In Kleingruppen hatten die Delegierten in Bibelgespr\u00e4chen und Workshops die Aufgabe, bezogen auf ihre jeweilige Gemeinde eigene St\u00e4rken zu entdecken, Gemeinsamkeiten zu suchen und neue Wege zu finden.<\/p>\n<p>Die Ergebnisse dieser engagierten Diskussionen wurden anschlie\u00dfend dem Plenum unter der Moderation von Edeltraud Th\u00fcnemann und Dieter Kamp vom Bisch\u00f6flichen Seelsorgeamt vorgetragen, erl\u00e4utert und bewertet. Erkennbar war in den Diskussionen viel Herzblut f\u00fcr den Glauben, ein selbstbewusstes Eintreten f\u00fcr die eigenen St\u00e4rken und gro\u00dfe Sympathie f\u00fcr k\u00fcnftige Gemeinsamkeiten.<\/p>\n<p>Die Bereitschaft vieler Gemeindemitglieder sich ehrenamtlich in den verschiedensten Funktionen einzubringen, sei ein bedeutendes Fundament, um die Pfarreiengemeinschaft auf einen guten Weg zu bringen. Bereits heute bestehe eine gute Balance zwischen den Einzelgemeinden und der Pfarreiengemeinschaft. \u201eDaf\u00fcr, dass die Gemeinschaft erst seit zwei Jahren besteht, sind die Kirchengemeinden bereits sehr weit\u201c, lobten die Moderatoren.<\/p>\n<p>Deutlich formuliert wurden konkrete W\u00fcnsche f\u00fcr die Zukunft. Wichtig sind hier vor allem klare Strukturen, eine gemeinsame Verwaltung und kurze Dienstwege. Zur St\u00e4rkung der Identit\u00e4t als gro\u00dfe Gemeinschaft soll nach dem Willen der Versammlung ein gemeinsamer Name f\u00fcr die Pfarreiengemeinschaft gefunden werden. Die Vertreter der Jugendlichen \u00e4u\u00dferten den Wunsch nach einem intensiveren Dialog mit den Gremien, da sie ihre Interessen bisher nicht immer ausreichend vertreten sahen.<\/p>\n<p>Sichtbar wurde der innere Zwiespalt der Delegierten bei der Frage, wie es einerseits gelingen kann, die Identit\u00e4t der eigenen Gemeinde zu bewahren, andererseits die Chancen der Gemeinschaft zu nutzen. An dieser Stelle konnte Pfarrer Horstmann den Vertretern der Kirchenvorst\u00e4nde und Pfarrgemeinder\u00e4te eine Bef\u00fcrchtung nehmen: \u201eDie Eigenst\u00e4ndigkeit der \u00f6rtlichen Gremien bleibt erhalten.\u201c Alternativ soll \u00fcber die Bildung gemeinsamer Aussch\u00fcsse zur Umsetzung besonderer Vorhaben nachgedacht werden.<\/p>\n<p>F\u00fcr die Zukunft der Pfarreiengemeinschaft ist es von entscheidender Bedeutung, dass die Balance zwischen Eigenst\u00e4ndigkeit und Vernetzung gelingt, betonte Pfarrer Horstmann. Wichtig ist in diesem Prozess, dass man aus Fehlern, die ausdr\u00fccklich auch gemacht werden d\u00fcrfen, die richtigen Schl\u00fcsse zieht und entsprechend handelt.<\/p>\n<p>Am Ende der Versammlung zeigten sich Delegierte und Pastoralteam zuversichtlich, dass der gemeinsame Weg gelingen wird.<\/p>\n<p><a href=\"https:\/\/www.forum-soegel.de\/information\/wp-content\/uploads\/2010\/08\/HuevenerVersammlung.jpeg.jpg\"><img loading=\"lazy\" decoding=\"async\" class=\"alignnone size-thumbnail wp-image-2897\" title=\"HuevenerVersammlung.jpeg\" src=\"https:\/\/www.forum-soegel.de\/information\/wp-content\/uploads\/2010\/08\/HuevenerVersammlung.jpeg-150x150.jpg\" alt=\"\" width=\"150\" height=\"150\" \/><\/a><\/p>\n","protected":false},"excerpt":{"rendered":"\u2019Zukunft braucht Herkunft \u2013 Jesus Christus gestern, heute und in Ewigkeit\u2019 unter diesem Leitwort trafen sich am 18. und 19.06.2010 in H\u00fcven auf Einladung des Pastoralteams Vertreter der kirchlichen Gruppen und Verb\u00e4nde, sozialer Einrichtungen, Schulen und Politik, um die M\u00f6glichkeiten einer verst\u00e4rkten Zusammenarbeit innerhalb der Pfarreiengemeinschaft zu diskutieren, damit die Zukunft aktiv gestaltet werden kann. [&hellip;]\n","protected":false},"author":2,"featured_media":0,"comment_status":"closed","ping_status":"closed","sticky":false,"template":"","format":"standard","meta":{"ngg_post_thumbnail":0,"footnotes":""},"categories":[3],"tags":[],"class_list":["post-2885","post","type-post","status-publish","format-standard","hentry","category-aktuelles-aus-der-region"],"_links":{"self":[{"href":"https:\/\/www.forum-soegel.de\/information\/wp-json\/wp\/v2\/posts\/2885","targetHints":{"allow":["GET"]}}],"collection":[{"href":"https:\/\/www.forum-soegel.de\/information\/wp-json\/wp\/v2\/posts"}],"about":[{"href":"https:\/\/www.forum-soegel.de\/information\/wp-json\/wp\/v2\/types\/post"}],"author":[{"embeddable":true,"href":"https:\/\/www.forum-soegel.de\/information\/wp-json\/wp\/v2\/users\/2"}],"replies":[{"embeddable":true,"href":"https:\/\/www.forum-soegel.de\/information\/wp-json\/wp\/v2\/comments?post=2885"}],"version-history":[{"count":3,"href":"https:\/\/www.forum-soegel.de\/information\/wp-json\/wp\/v2\/posts\/2885\/revisions"}],"predecessor-version":[{"id":2898,"href":"https:\/\/www.forum-soegel.de\/information\/wp-json\/wp\/v2\/posts\/2885\/revisions\/2898"}],"wp:attachment":[{"href":"https:\/\/www.forum-soegel.de\/information\/wp-json\/wp\/v2\/media?parent=2885"}],"wp:term":[{"taxonomy":"category","embeddable":true,"href":"https:\/\/www.forum-soegel.de\/information\/wp-json\/wp\/v2\/categories?post=2885"},{"taxonomy":"post_tag","embeddable":true,"href":"https:\/\/www.forum-soegel.de\/information\/wp-json\/wp\/v2\/tags?post=2885"}],"curies":[{"name":"wp","href":"https:\/\/api.w.org\/{rel}","templated":true}]}}