{"id":28669,"date":"2020-03-15T17:50:58","date_gmt":"2020-03-15T16:50:58","guid":{"rendered":"https:\/\/www.forum-soegel.de\/information\/?p=28669"},"modified":"2020-03-15T17:52:28","modified_gmt":"2020-03-15T16:52:28","slug":"tanzen-statt-boxen-theaterstueck-billy-elliot-ich-will-tanzen-kommt-nach-ahmsen","status":"publish","type":"post","link":"https:\/\/www.forum-soegel.de\/information\/2020\/03\/tanzen-statt-boxen-theaterstueck-billy-elliot-ich-will-tanzen-kommt-nach-ahmsen\/","title":{"rendered":"Tanzen statt Boxen \/ Theaterst\u00fcck \u201eBilly Elliot \u2013 Ich will tanzen!\u201c kommt nach Ahmsen"},"content":{"rendered":"\n<p>Hannover\n\/ L\u00e4hden &#8211; Das Gastspiel \u201eMadame Laurent und ihre Kinder\u201c des\nMatthias-Claudius-Gymnasiums Gehrden war 2018 ein gro\u00dfer Erfolg. In diesem Jahr\nwird es am 12. September eine Neuauflage mit dem Theaterst\u00fcck \u201eBilly Elliot &#8211;\nIch will tanzen!\u201c auf der Waldb\u00fchne Ahmsen geben. Erneut werden rund 80\nSch\u00fclerinnen und Sch\u00fcler, unterst\u00fctzt durch eine Live-Band, Niedersachsens\ngr\u00f6\u00dfte Freilichtb\u00fchne mit hochwertigem Theater, Herzblut und toller Musik\nbegeistern.<\/p>\n\n\n\n<p>Dass dem\nso ist, ist nicht zuletzt ein Verdienst des Regisseurs und geb\u00fcrtigen\nEmsl\u00e4nders Ludger Deters, der in Ahmsen seine Leidenschaft f\u00fcr das Theater\nentdecken und ausprobieren konnte und der Waldb\u00fchne damit ein St\u00fcck zur\u00fcckgeben\nm\u00f6chte. Unterst\u00fctzt wird Deters von seinem Kollegen Fred Ritzer und von Johannes\nD\u00f6rrie, der die Leitung der Live-Band \u00fcbernommen hat. Natalie Bergmann, Katja\nAltmann-Funke und Mitglieder des Staatsballetts Hannover studieren mit den Sch\u00fclern\ndie Choreographien der T\u00e4nze ein.<\/p>\n\n\n\n<p>Unterst\u00fctzung\nfindet das Gastspiel auch wieder durch die gesamte Region. Die Mitglieder der\nWaldb\u00fchne helfen tatkr\u00e4ftig bei der Werbung, Technik und der Einrichtung des\nInnentheaters auf der weitl\u00e4ufigen Freilichtb\u00fchne. Das Jugendkloster Ahmsen\nwird die Theatersch\u00fcler diesmal f\u00fcr drei Tage sorgsam verpflegen und\nbeherbergen. Der Lingener Bundestagsabgeordnete Albert Stegemann \u00fcbernimmt\nerneut die Schirmherrschaft und verspricht \u2013 nach Finanzminister Hilbers &#8211;\nwieder einen \u201ehochkar\u00e4tigen Festredner\u201c nach Ahmsen mitzubringen.<\/p>\n\n\n\n<p><strong>Theaterst\u00fcck mit Musik und Tanz<\/strong><\/p>\n\n\n\n<p>Das St\u00fcck\n\u201eBilly Elliot \u2013 Ich will tanzen!\u201c nach Motiven des englischen Films mit Jamie\nBell und Julie Walters spielt im Jahr 1984: Die Bergarbeiter streiken und liegen\nim Clinch mit der Thatcher-Regierung, die die Macht der Gewerkschaften brechen\nwill.<\/p>\n\n\n\n<p>Dort lebt\nder elfj\u00e4hrige Billy mit seinem Vater Jackie, seinem Bruder Tony und der\nGro\u00dfmutter. Die Mutter ist fr\u00fch gestorben. Billy wird zum Boxtraining\ngeschickt, damit er lernt, sich mit den F\u00e4usten zu wehren \u2013 wie ein richtiger\nMann eben. Aber er f\u00fchlt sich immer mehr hingezogen zum Treiben in der anderen\nH\u00e4lfte der Sporthalle, wo M\u00e4dchen ihre Ballettschritte \u00fcben. Voller Sehnsucht\nund fasziniert vom Tanzen, findet Billy den Mut, die Boxhandschuhe gegen die\nBallettschuhe zu tauschen.<\/p>\n\n\n\n<p>Doch als\nder Vater vom geheimen \u203aunm\u00e4nnlichen\u2039 Treiben des Sohnes erf\u00e4hrt, scheinen die\nBallett-Ambitionen erledigt. Aber weder Billy noch seine resolute Lehrerin\ngeben klein bei: Nun wird heimlich trainiert f\u00fcr ein gro\u00dfes Ziel: Vortanzen an\nder Royal Ballet School in London.<\/p>\n\n\n\n<p>Die\nzumeist 17-j\u00e4hrigen Sch\u00fcler des 12. Jahrgangs freuen sich riesig auf die neue\nHerausforderung. Das Skript ist fertig und die wesentlichen Rollen verteilt.\nErste Musikst\u00fccke und T\u00e4nze werden derzeit geprobt. Gehrdens Billy Elliot wird\nvon Ben Schiemann gespielt. \u201eEr ist sehr ehrgeizig, musikalisch und ein richtig\nguter Sprecher und Schauspieler!\u201c, lobt ihn Regisseur Deters.<\/p>\n\n\n\n<p>Wer sich\nalso die besten Pl\u00e4tze f\u00fcr das einmalige Gastspiel am Samstag, den 12.\nSeptember, um 19.30 Uhr sichern m\u00f6chte, kann ab sofort Karten bei der\nTourist-Information-S\u00f6gel, der Waldb\u00fchne Ahmsen oder im Internet unter\nwww.deinticket.de&nbsp; erwerben. Interessierte\nSchulklassen, die z.B. \u201eBilly Elliot\u201c im Unterricht lesen oder\nFrauengemeinschaften, sollten Gruppenkontingente direkt bei der Waldb\u00fchne\nanfragen. Der Vorverkauf &#8211; auch f\u00fcr das Kindermusical \u201ePinocchio\u201c und das\nErwachsenenst\u00fcck \u201eDie Passion Jesu Christi\u201c &#8211; ist seit Januar freigeschaltet.\nDie Karten kosten zwischen 7 und 11 Euro.<\/p>\n\n\n\n<p>Text und Fotos: Ludger Deters<\/p>\n\n\n\n<figure class=\"wp-block-gallery columns-3 is-cropped wp-block-gallery-1 is-layout-flex wp-block-gallery-is-layout-flex\"><ul class=\"blocks-gallery-grid\"><li class=\"blocks-gallery-item\"><figure><a href=\"https:\/\/www.forum-soegel.de\/information\/wp-content\/uploads\/2020\/03\/Tanzen-statt-Boxen-5.jpg\"><img loading=\"lazy\" decoding=\"async\" width=\"877\" height=\"768\" src=\"https:\/\/www.forum-soegel.de\/information\/wp-content\/uploads\/2020\/03\/Tanzen-statt-Boxen-5.jpg\" alt=\"\" data-id=\"28670\" data-full-url=\"https:\/\/www.forum-soegel.de\/information\/wp-content\/uploads\/2020\/03\/Tanzen-statt-Boxen-5.jpg\" data-link=\"https:\/\/www.forum-soegel.de\/information\/?attachment_id=28670\" class=\"wp-image-28670\" srcset=\"https:\/\/www.forum-soegel.de\/information\/wp-content\/uploads\/2020\/03\/Tanzen-statt-Boxen-5.jpg 877w, https:\/\/www.forum-soegel.de\/information\/wp-content\/uploads\/2020\/03\/Tanzen-statt-Boxen-5-300x263.jpg 300w, https:\/\/www.forum-soegel.de\/information\/wp-content\/uploads\/2020\/03\/Tanzen-statt-Boxen-5-768x673.jpg 768w\" sizes=\"auto, (max-width: 877px) 100vw, 877px\" \/><\/a><figcaption class=\"blocks-gallery-item__caption\">\u201eMadame Laurent\u201c (rechts im Bild) begeisterte 2018 auf der Waldb\u00fchne Ahmsen<\/figcaption><\/figure><\/li><li class=\"blocks-gallery-item\"><figure><a href=\"https:\/\/www.forum-soegel.de\/information\/wp-content\/uploads\/2020\/03\/Tanzen-statt-Boxen-1.jpg\"><img loading=\"lazy\" decoding=\"async\" width=\"576\" height=\"768\" src=\"https:\/\/www.forum-soegel.de\/information\/wp-content\/uploads\/2020\/03\/Tanzen-statt-Boxen-1.jpg\" alt=\"\" data-id=\"28671\" data-full-url=\"https:\/\/www.forum-soegel.de\/information\/wp-content\/uploads\/2020\/03\/Tanzen-statt-Boxen-1.jpg\" data-link=\"https:\/\/www.forum-soegel.de\/information\/?attachment_id=28671\" class=\"wp-image-28671\" srcset=\"https:\/\/www.forum-soegel.de\/information\/wp-content\/uploads\/2020\/03\/Tanzen-statt-Boxen-1.jpg 576w, https:\/\/www.forum-soegel.de\/information\/wp-content\/uploads\/2020\/03\/Tanzen-statt-Boxen-1-225x300.jpg 225w\" sizes=\"auto, (max-width: 576px) 100vw, 576px\" \/><\/a><figcaption class=\"blocks-gallery-item__caption\"> <br> <br> <br> <br> <br> <br>\u201eHallo Niedersachsen\u201c-Moderator Arne-Torben Voigts (links) ist ein gro\u00dfer Fan des Gehrdener Theaters. Hier im Bild mit Regisseur Ludger Deters beim MCG- Poetry Slam 2019 in Hannover<\/figcaption><\/figure><\/li><li class=\"blocks-gallery-item\"><figure><a href=\"https:\/\/www.forum-soegel.de\/information\/wp-content\/uploads\/2020\/03\/Tanzen-statt-Boxen-2.jpg\"><img loading=\"lazy\" decoding=\"async\" width=\"1024\" height=\"683\" src=\"https:\/\/www.forum-soegel.de\/information\/wp-content\/uploads\/2020\/03\/Tanzen-statt-Boxen-2.jpg\" alt=\"\" data-id=\"28672\" data-full-url=\"https:\/\/www.forum-soegel.de\/information\/wp-content\/uploads\/2020\/03\/Tanzen-statt-Boxen-2.jpg\" data-link=\"https:\/\/www.forum-soegel.de\/information\/?attachment_id=28672\" class=\"wp-image-28672\" srcset=\"https:\/\/www.forum-soegel.de\/information\/wp-content\/uploads\/2020\/03\/Tanzen-statt-Boxen-2.jpg 1024w, https:\/\/www.forum-soegel.de\/information\/wp-content\/uploads\/2020\/03\/Tanzen-statt-Boxen-2-300x200.jpg 300w, https:\/\/www.forum-soegel.de\/information\/wp-content\/uploads\/2020\/03\/Tanzen-statt-Boxen-2-768x512.jpg 768w\" sizes=\"auto, (max-width: 1024px) 100vw, 1024px\" \/><\/a><figcaption class=\"blocks-gallery-item__caption\">Rund 80 Sch\u00fcler freuen sich auf das Gastspiel in Ahmsen<\/figcaption><\/figure><\/li><li class=\"blocks-gallery-item\"><figure><a href=\"https:\/\/www.forum-soegel.de\/information\/wp-content\/uploads\/2020\/03\/Tanzen-statt-Boxen-3.jpg\"><img loading=\"lazy\" decoding=\"async\" width=\"680\" height=\"768\" src=\"https:\/\/www.forum-soegel.de\/information\/wp-content\/uploads\/2020\/03\/Tanzen-statt-Boxen-3.jpg\" alt=\"\" data-id=\"28673\" data-full-url=\"https:\/\/www.forum-soegel.de\/information\/wp-content\/uploads\/2020\/03\/Tanzen-statt-Boxen-3.jpg\" data-link=\"https:\/\/www.forum-soegel.de\/information\/?attachment_id=28673\" class=\"wp-image-28673\" srcset=\"https:\/\/www.forum-soegel.de\/information\/wp-content\/uploads\/2020\/03\/Tanzen-statt-Boxen-3.jpg 680w, https:\/\/www.forum-soegel.de\/information\/wp-content\/uploads\/2020\/03\/Tanzen-statt-Boxen-3-266x300.jpg 266w\" sizes=\"auto, (max-width: 680px) 100vw, 680px\" \/><\/a><figcaption class=\"blocks-gallery-item__caption\">Lieber Tanzen statt Boxen: Der 17-j\u00e4hrige Ben Schiemann verk\u00f6rpert \u201eBilly Elliot\u201c<\/figcaption><\/figure><\/li><li class=\"blocks-gallery-item\"><figure><a href=\"https:\/\/www.forum-soegel.de\/information\/wp-content\/uploads\/2020\/03\/Tanzen-statt-Boxen-4.jpg\"><img loading=\"lazy\" decoding=\"async\" width=\"1024\" height=\"768\" src=\"https:\/\/www.forum-soegel.de\/information\/wp-content\/uploads\/2020\/03\/Tanzen-statt-Boxen-4.jpg\" alt=\"\" data-id=\"28674\" data-full-url=\"https:\/\/www.forum-soegel.de\/information\/wp-content\/uploads\/2020\/03\/Tanzen-statt-Boxen-4.jpg\" data-link=\"https:\/\/www.forum-soegel.de\/information\/?attachment_id=28674\" class=\"wp-image-28674\" srcset=\"https:\/\/www.forum-soegel.de\/information\/wp-content\/uploads\/2020\/03\/Tanzen-statt-Boxen-4.jpg 1024w, https:\/\/www.forum-soegel.de\/information\/wp-content\/uploads\/2020\/03\/Tanzen-statt-Boxen-4-300x225.jpg 300w, https:\/\/www.forum-soegel.de\/information\/wp-content\/uploads\/2020\/03\/Tanzen-statt-Boxen-4-768x576.jpg 768w\" sizes=\"auto, (max-width: 1024px) 100vw, 1024px\" \/><\/a><figcaption class=\"blocks-gallery-item__caption\">Julius Herzig sang sich in \u201eMadame Laurent\u2026\u201c (2018) in die Herzen der Zuschauer<\/figcaption><\/figure><\/li><\/ul><\/figure>\n","protected":false},"excerpt":{"rendered":"Hannover \/ L\u00e4hden &#8211; Das Gastspiel \u201eMadame Laurent und ihre Kinder\u201c des Matthias-Claudius-Gymnasiums Gehrden war 2018 ein gro\u00dfer Erfolg. In diesem Jahr wird es am 12. September eine Neuauflage mit dem Theaterst\u00fcck \u201eBilly Elliot &#8211; Ich will tanzen!\u201c auf der Waldb\u00fchne Ahmsen geben. Erneut werden rund 80 Sch\u00fclerinnen und Sch\u00fcler, unterst\u00fctzt durch eine Live-Band, Niedersachsens [&hellip;]\n","protected":false},"author":2,"featured_media":0,"comment_status":"closed","ping_status":"closed","sticky":false,"template":"","format":"standard","meta":{"ngg_post_thumbnail":0,"footnotes":""},"categories":[3],"tags":[],"class_list":["post-28669","post","type-post","status-publish","format-standard","hentry","category-aktuelles-aus-der-region"],"_links":{"self":[{"href":"https:\/\/www.forum-soegel.de\/information\/wp-json\/wp\/v2\/posts\/28669","targetHints":{"allow":["GET"]}}],"collection":[{"href":"https:\/\/www.forum-soegel.de\/information\/wp-json\/wp\/v2\/posts"}],"about":[{"href":"https:\/\/www.forum-soegel.de\/information\/wp-json\/wp\/v2\/types\/post"}],"author":[{"embeddable":true,"href":"https:\/\/www.forum-soegel.de\/information\/wp-json\/wp\/v2\/users\/2"}],"replies":[{"embeddable":true,"href":"https:\/\/www.forum-soegel.de\/information\/wp-json\/wp\/v2\/comments?post=28669"}],"version-history":[{"count":2,"href":"https:\/\/www.forum-soegel.de\/information\/wp-json\/wp\/v2\/posts\/28669\/revisions"}],"predecessor-version":[{"id":28676,"href":"https:\/\/www.forum-soegel.de\/information\/wp-json\/wp\/v2\/posts\/28669\/revisions\/28676"}],"wp:attachment":[{"href":"https:\/\/www.forum-soegel.de\/information\/wp-json\/wp\/v2\/media?parent=28669"}],"wp:term":[{"taxonomy":"category","embeddable":true,"href":"https:\/\/www.forum-soegel.de\/information\/wp-json\/wp\/v2\/categories?post=28669"},{"taxonomy":"post_tag","embeddable":true,"href":"https:\/\/www.forum-soegel.de\/information\/wp-json\/wp\/v2\/tags?post=28669"}],"curies":[{"name":"wp","href":"https:\/\/api.w.org\/{rel}","templated":true}]}}