{"id":28661,"date":"2020-03-15T17:42:33","date_gmt":"2020-03-15T16:42:33","guid":{"rendered":"https:\/\/www.forum-soegel.de\/information\/?p=28661"},"modified":"2020-03-15T17:42:34","modified_gmt":"2020-03-15T16:42:34","slug":"kunst-im-amtsgericht-von-prof-dr-monika-niermann-ausstellung-vom-30-01-2020-bis-zum-24-07-2020-im-foyer-des-amtsgerichts-meppen","status":"publish","type":"post","link":"https:\/\/www.forum-soegel.de\/information\/2020\/03\/kunst-im-amtsgericht-von-prof-dr-monika-niermann-ausstellung-vom-30-01-2020-bis-zum-24-07-2020-im-foyer-des-amtsgerichts-meppen\/","title":{"rendered":"\u201eKunst im Amtsgericht\u201c von Prof. Dr. Monika Niermann \/ Ausstellung vom 30.01.2020 bis zum 24.07.2020 im Foyer des Amtsgerichts Meppen"},"content":{"rendered":"\n<p>Meppen\n&#8211;&nbsp; Am 30. Januar 2020 Uhr hat die\nK\u00fcnstlerin Frau Prof. Dr. Monika Niermann ihre Ausstellung im Amtsgericht\nMeppen er\u00f6ffnet. Zur Vernissage war die interessierte \u00d6ffentlichkeit\neingeladen. Die Einladung wurde sowohl von den Mitarbeitern des Amtsgerichts\nals auch von zahlreichen B\u00fcrgerinnen und B\u00fcrgern angenommen.<\/p>\n\n\n\n<p>Die\nausgestellten Bilder und Installationen der K\u00fcnstlerin, die w\u00e4hrend der\n\u00fcblichen \u00d6ffnungszeiten zu sehen sind, geben einen Einblick in ein\nbreitgef\u00e4chertes Schaffen. Grafik, Malerei und Objektkunst weisen eine gro\u00dfe\nBandbreite auf. Die K\u00fcnstlerin arbeitet mit Aquarell-, Acryl- und \u00d6lfarben,\nWachs, Stein, Metall und Holz. In ihren malerischen Werken finden sich\nLandschaftsdarstellungen, Stillleben und immer wieder die menschliche Gestalt.\nSymbolisch kritischer Realismus dominiert in den Darstellungen und fordert zur\nAuseinandersetzung mit den einzelnen Werken heraus. Am Donnerstag, den 30.\nJanuar hat die renommierte K\u00fcnstlerin, die schon zahlreiche Ausstellungen (u.a.\nin Bonn, Heilbronn, K\u00f6ln, Berlin und S\u00f6gel) durchgef\u00fchrt hat, f\u00fcr jeden\nInteressierten eine Einf\u00fchrung in die Ausstellung gegeben.<\/p>\n\n\n\n<p>Die 1944\nin Westpreu\u00dfen geborene Professorin ist seit 1973 als freischaffende K\u00fcnstlerin\nt\u00e4tig. Nach einer Ausbildung und T\u00e4tigkeit als Technische Zeichnerin und\nIndustriedesignerin in Bremen und einem Lehramtsstudium in Bonn, promovierte\nsie 1976 als Lehrbeauftragte f\u00fcr Kunstp\u00e4dagogik und Allgemeine P\u00e4dagogik an der\nUniversit\u00e4t Bonn. Nach ihrer Habilitation 1987 an der Universit\u00e4t Wuppertal\n\u00fcbernahm sie Lehrstuhlvertretungen in W\u00fcrzburg und Dortmund. 2001 bis 2010\nlehrte sie als Honorarprofessorin f\u00fcr Allgemeine Didaktik und Schulp\u00e4dagogik an\nder Universit\u00e4t Osnabr\u00fcck. Seit 1978 in Kluse im Landkreis Emsland wohnhaft,\nlebt die K\u00fcnstlerin nach dem Tod ihres Ehemanns 1998 gemeinsam mit ihrem Lebensgef\u00e4hrten\nauf ihrem l\u00e4ndlichen Anwesen.<\/p>\n\n\n\n<p>Text:\nAmtsgericht Meppen<\/p>\n","protected":false},"excerpt":{"rendered":"Meppen &#8211;&nbsp; Am 30. Januar 2020 Uhr hat die K\u00fcnstlerin Frau Prof. Dr. Monika Niermann ihre Ausstellung im Amtsgericht Meppen er\u00f6ffnet. Zur Vernissage war die interessierte \u00d6ffentlichkeit eingeladen. Die Einladung wurde sowohl von den Mitarbeitern des Amtsgerichts als auch von zahlreichen B\u00fcrgerinnen und B\u00fcrgern angenommen. Die ausgestellten Bilder und Installationen der K\u00fcnstlerin, die w\u00e4hrend der [&hellip;]\n","protected":false},"author":2,"featured_media":0,"comment_status":"closed","ping_status":"closed","sticky":false,"template":"","format":"standard","meta":{"ngg_post_thumbnail":0,"footnotes":""},"categories":[3],"tags":[],"class_list":["post-28661","post","type-post","status-publish","format-standard","hentry","category-aktuelles-aus-der-region"],"_links":{"self":[{"href":"https:\/\/www.forum-soegel.de\/information\/wp-json\/wp\/v2\/posts\/28661","targetHints":{"allow":["GET"]}}],"collection":[{"href":"https:\/\/www.forum-soegel.de\/information\/wp-json\/wp\/v2\/posts"}],"about":[{"href":"https:\/\/www.forum-soegel.de\/information\/wp-json\/wp\/v2\/types\/post"}],"author":[{"embeddable":true,"href":"https:\/\/www.forum-soegel.de\/information\/wp-json\/wp\/v2\/users\/2"}],"replies":[{"embeddable":true,"href":"https:\/\/www.forum-soegel.de\/information\/wp-json\/wp\/v2\/comments?post=28661"}],"version-history":[{"count":1,"href":"https:\/\/www.forum-soegel.de\/information\/wp-json\/wp\/v2\/posts\/28661\/revisions"}],"predecessor-version":[{"id":28662,"href":"https:\/\/www.forum-soegel.de\/information\/wp-json\/wp\/v2\/posts\/28661\/revisions\/28662"}],"wp:attachment":[{"href":"https:\/\/www.forum-soegel.de\/information\/wp-json\/wp\/v2\/media?parent=28661"}],"wp:term":[{"taxonomy":"category","embeddable":true,"href":"https:\/\/www.forum-soegel.de\/information\/wp-json\/wp\/v2\/categories?post=28661"},{"taxonomy":"post_tag","embeddable":true,"href":"https:\/\/www.forum-soegel.de\/information\/wp-json\/wp\/v2\/tags?post=28661"}],"curies":[{"name":"wp","href":"https:\/\/api.w.org\/{rel}","templated":true}]}}