{"id":28647,"date":"2020-03-15T17:35:24","date_gmt":"2020-03-15T16:35:24","guid":{"rendered":"https:\/\/www.forum-soegel.de\/information\/?p=28647"},"modified":"2020-03-15T17:35:25","modified_gmt":"2020-03-15T16:35:25","slug":"herz-mut-drk-wohnpark-in-soegel-nominiert-pfleger-des-jahres-2020","status":"publish","type":"post","link":"https:\/\/www.forum-soegel.de\/information\/2020\/03\/herz-mut-drk-wohnpark-in-soegel-nominiert-pfleger-des-jahres-2020\/","title":{"rendered":"Herz &#038; Mut \u2013 DRK Wohnpark in S\u00f6gel nominiert Pfleger des Jahres 2020"},"content":{"rendered":"\n<p>S\u00f6gel &#8211; &nbsp;Die meisten Menschen verbinden mit diesem\nBegriff keine guten Erfahrungen oder assoziieren die Pflege mit Leid und\nKrankheit. Dabei spielt die Pflege in Zeiten der immer \u00e4lter werdenden\nBev\u00f6lkerung und des Pflegenotstands eine gesellschaftlich zunehmend wichtige\nRolle und verdient Anerkennung statt Ablehnung. Dies hat sich die bundesweit\nagierende Organisation Herz &amp; Mut auf die Fahne geschrieben und kr\u00f6nt\nmittlerweile im vierten Jahr Deutschlands Pfleger des Jahres 2020. Sie wollen\ndie Geschichten, die tagt\u00e4glich passieren, die aber niemand erz\u00e4hlt, ans Licht\nholen, um das Bewusstsein der Gesellschaft f\u00fcr die Sch\u00f6nheit und Wichtigkeit\ndes Berufsfeldes Pflege zu st\u00e4rken.&nbsp;&nbsp;&nbsp;&nbsp;&nbsp;&nbsp;&nbsp;&nbsp;&nbsp;&nbsp;&nbsp; <br>\nDer DRK Wohnpark in S\u00f6gel ist dem Aufruf von Herz &amp; Mut gefolgt und hat\nKarl-Heinz \u201eKalle\u201c Henke zum Pfleger des Jahres 2020 nominiert. Herr Henke\narbeitet als Intensivpfleger auf der Wohngemeinschaft 5 f\u00fcr au\u00dferklinische\nIntensivpflege und sei sowohl f\u00fcr das Team als auch f\u00fcr die Bewohner\nunverzichtbar. \u201eSein unaufhaltbarer Optimismus bestimmt das Stimmungsbild auf\nder ganzen WG, h\u00e4lt die Laune aufrecht und l\u00e4sst die Bewohner ihre\nSchicksalsschl\u00e4ge und Krankheitsbilder ein St\u00fcck weit vergessen\u201c, lobte Jannis\nKuper seine Arbeit, der als Pate die Nominierung vorschlug. Hausleitung Nicole\nL\u00fccke-M\u00f6ller begr\u00fc\u00dfte das Vorhaben und betonte, dass solche Pfleger wie Herr\nHenke gebraucht werden, um vor allem jungen Menschen von dieser wichtigen\nBerufsspate \u00fcberzeugen zu k\u00f6nnen. \u201eWir dr\u00fccken Kalle beide Daumen!\u201c, so\nL\u00fccke-M\u00f6ller. Der erste Preis ist mit 5.000 \u20ac dotiert und wird am 11. Mai in\nBerlin \u00fcbergeben. <\/p>\n\n\n\n<p>Text: DRK Wohnpark S\u00f6gel \/ Foto: Rebecca Heller<\/p>\n\n\n\n<div class=\"wp-block-image\"><figure class=\"alignleft size-large\"><a href=\"https:\/\/www.forum-soegel.de\/information\/wp-content\/uploads\/2020\/03\/Herz-Mut-\u2013-DRK-Wohnpark-in-S\u00f6gel-nominiert-Pfleger-des-Jahres-2020.jpeg\"><img loading=\"lazy\" decoding=\"async\" width=\"768\" height=\"1024\" src=\"https:\/\/www.forum-soegel.de\/information\/wp-content\/uploads\/2020\/03\/Herz-Mut-\u2013-DRK-Wohnpark-in-S\u00f6gel-nominiert-Pfleger-des-Jahres-2020-768x1024.jpeg\" alt=\"\" class=\"wp-image-28648\" srcset=\"https:\/\/www.forum-soegel.de\/information\/wp-content\/uploads\/2020\/03\/Herz-Mut-\u2013-DRK-Wohnpark-in-S\u00f6gel-nominiert-Pfleger-des-Jahres-2020-768x1024.jpeg 768w, https:\/\/www.forum-soegel.de\/information\/wp-content\/uploads\/2020\/03\/Herz-Mut-\u2013-DRK-Wohnpark-in-S\u00f6gel-nominiert-Pfleger-des-Jahres-2020-225x300.jpeg 225w, https:\/\/www.forum-soegel.de\/information\/wp-content\/uploads\/2020\/03\/Herz-Mut-\u2013-DRK-Wohnpark-in-S\u00f6gel-nominiert-Pfleger-des-Jahres-2020-1152x1536.jpeg 1152w, https:\/\/www.forum-soegel.de\/information\/wp-content\/uploads\/2020\/03\/Herz-Mut-\u2013-DRK-Wohnpark-in-S\u00f6gel-nominiert-Pfleger-des-Jahres-2020.jpeg 1200w\" sizes=\"auto, (max-width: 768px) 100vw, 768px\" \/><\/a><figcaption>Jannis Kuper (links) und Karl-Heinz Henke (rechts) bei der \u00dcbergabe der Nominierungsurkunde.<\/figcaption><\/figure><\/div>\n","protected":false},"excerpt":{"rendered":"S\u00f6gel &#8211; &nbsp;Die meisten Menschen verbinden mit diesem Begriff keine guten Erfahrungen oder assoziieren die Pflege mit Leid und Krankheit. Dabei spielt die Pflege in Zeiten der immer \u00e4lter werdenden Bev\u00f6lkerung und des Pflegenotstands eine gesellschaftlich zunehmend wichtige Rolle und verdient Anerkennung statt Ablehnung. Dies hat sich die bundesweit agierende Organisation Herz &amp; Mut auf [&hellip;]\n","protected":false},"author":2,"featured_media":0,"comment_status":"closed","ping_status":"closed","sticky":false,"template":"","format":"standard","meta":{"ngg_post_thumbnail":0,"footnotes":""},"categories":[25],"tags":[],"class_list":["post-28647","post","type-post","status-publish","format-standard","hentry","category-hauptsache-gesund"],"_links":{"self":[{"href":"https:\/\/www.forum-soegel.de\/information\/wp-json\/wp\/v2\/posts\/28647","targetHints":{"allow":["GET"]}}],"collection":[{"href":"https:\/\/www.forum-soegel.de\/information\/wp-json\/wp\/v2\/posts"}],"about":[{"href":"https:\/\/www.forum-soegel.de\/information\/wp-json\/wp\/v2\/types\/post"}],"author":[{"embeddable":true,"href":"https:\/\/www.forum-soegel.de\/information\/wp-json\/wp\/v2\/users\/2"}],"replies":[{"embeddable":true,"href":"https:\/\/www.forum-soegel.de\/information\/wp-json\/wp\/v2\/comments?post=28647"}],"version-history":[{"count":1,"href":"https:\/\/www.forum-soegel.de\/information\/wp-json\/wp\/v2\/posts\/28647\/revisions"}],"predecessor-version":[{"id":28649,"href":"https:\/\/www.forum-soegel.de\/information\/wp-json\/wp\/v2\/posts\/28647\/revisions\/28649"}],"wp:attachment":[{"href":"https:\/\/www.forum-soegel.de\/information\/wp-json\/wp\/v2\/media?parent=28647"}],"wp:term":[{"taxonomy":"category","embeddable":true,"href":"https:\/\/www.forum-soegel.de\/information\/wp-json\/wp\/v2\/categories?post=28647"},{"taxonomy":"post_tag","embeddable":true,"href":"https:\/\/www.forum-soegel.de\/information\/wp-json\/wp\/v2\/tags?post=28647"}],"curies":[{"name":"wp","href":"https:\/\/api.w.org\/{rel}","templated":true}]}}