{"id":28629,"date":"2020-03-15T17:25:37","date_gmt":"2020-03-15T16:25:37","guid":{"rendered":"https:\/\/www.forum-soegel.de\/information\/?p=28629"},"modified":"2020-03-15T17:25:37","modified_gmt":"2020-03-15T16:25:37","slug":"medienerziehung-am-huemmling-gymnasium","status":"publish","type":"post","link":"https:\/\/www.forum-soegel.de\/information\/2020\/03\/medienerziehung-am-huemmling-gymnasium\/","title":{"rendered":"Medienerziehung am H\u00fcmmling-Gymnasium"},"content":{"rendered":"\n<p>Am 14. Februar\nbesuchten ausgebildete Medienscouts im Rahmen des Pr\u00e4ventionskonzeptes die\nKlassen 5a und 5c und diskutierten mit den Kindern in Kleingruppen die Vor- und\nNachteile moderner Mediennutzung. Als Ergebnis entstand jeweils ein individuell\nauf die Klassenbed\u00fcrfnisse und \u2013situation zugeschnittener Vertrag, der die\nNutzung bestimmter Medien den Anspr\u00fcchen der Klasse entsprechend regelt und\nSicherheit im Umgang mit bestimmten Medien erzielen soll. In den Genuss des\nBesuches der Medienscouts werden am 24. Februar auch die Klassen 5b und 5d\nkommen. Die positive Resonanz auf die bereits durchgef\u00fchrten Aktionen der\nMedienscouts ergab unter anderem, dass zum n\u00e4chsten Termin Sch\u00fclerinnen und\nSch\u00fcler des achten Jahrganges und zwei Lehrkr\u00e4fte sich f\u00fcr die Ausbildung zu\nweiteren Medienscouts anmelden werden.<\/p>\n\n\n\n<p>J. Pieper-Fiegert<\/p>\n\n\n\n<figure class=\"wp-block-gallery aligncenter columns-3 is-cropped wp-block-gallery-1 is-layout-flex wp-block-gallery-is-layout-flex\"><ul class=\"blocks-gallery-grid\"><li class=\"blocks-gallery-item\"><figure><a href=\"https:\/\/www.forum-soegel.de\/information\/wp-content\/uploads\/2020\/03\/Medienscouts3.jpg\"><img loading=\"lazy\" decoding=\"async\" width=\"1024\" height=\"683\" src=\"https:\/\/www.forum-soegel.de\/information\/wp-content\/uploads\/2020\/03\/Medienscouts3.jpg\" alt=\"\" data-id=\"28630\" data-full-url=\"https:\/\/www.forum-soegel.de\/information\/wp-content\/uploads\/2020\/03\/Medienscouts3.jpg\" data-link=\"https:\/\/www.forum-soegel.de\/information\/?attachment_id=28630\" class=\"wp-image-28630\" srcset=\"https:\/\/www.forum-soegel.de\/information\/wp-content\/uploads\/2020\/03\/Medienscouts3.jpg 1024w, https:\/\/www.forum-soegel.de\/information\/wp-content\/uploads\/2020\/03\/Medienscouts3-300x200.jpg 300w, https:\/\/www.forum-soegel.de\/information\/wp-content\/uploads\/2020\/03\/Medienscouts3-768x512.jpg 768w\" sizes=\"auto, (max-width: 1024px) 100vw, 1024px\" \/><\/a><\/figure><\/li><li class=\"blocks-gallery-item\"><figure><a href=\"https:\/\/www.forum-soegel.de\/information\/wp-content\/uploads\/2020\/03\/Medienscouts1.jpg\"><img loading=\"lazy\" decoding=\"async\" width=\"1024\" height=\"683\" src=\"https:\/\/www.forum-soegel.de\/information\/wp-content\/uploads\/2020\/03\/Medienscouts1.jpg\" alt=\"\" data-id=\"28631\" data-full-url=\"https:\/\/www.forum-soegel.de\/information\/wp-content\/uploads\/2020\/03\/Medienscouts1.jpg\" data-link=\"https:\/\/www.forum-soegel.de\/information\/?attachment_id=28631\" class=\"wp-image-28631\" srcset=\"https:\/\/www.forum-soegel.de\/information\/wp-content\/uploads\/2020\/03\/Medienscouts1.jpg 1024w, https:\/\/www.forum-soegel.de\/information\/wp-content\/uploads\/2020\/03\/Medienscouts1-300x200.jpg 300w, https:\/\/www.forum-soegel.de\/information\/wp-content\/uploads\/2020\/03\/Medienscouts1-768x512.jpg 768w\" sizes=\"auto, (max-width: 1024px) 100vw, 1024px\" \/><\/a><\/figure><\/li><li class=\"blocks-gallery-item\"><figure><a href=\"https:\/\/www.forum-soegel.de\/information\/wp-content\/uploads\/2020\/03\/Medienscouts2.jpg\"><img loading=\"lazy\" decoding=\"async\" width=\"1024\" height=\"683\" src=\"https:\/\/www.forum-soegel.de\/information\/wp-content\/uploads\/2020\/03\/Medienscouts2.jpg\" alt=\"\" data-id=\"28632\" data-full-url=\"https:\/\/www.forum-soegel.de\/information\/wp-content\/uploads\/2020\/03\/Medienscouts2.jpg\" data-link=\"https:\/\/www.forum-soegel.de\/information\/?attachment_id=28632\" class=\"wp-image-28632\" srcset=\"https:\/\/www.forum-soegel.de\/information\/wp-content\/uploads\/2020\/03\/Medienscouts2.jpg 1024w, https:\/\/www.forum-soegel.de\/information\/wp-content\/uploads\/2020\/03\/Medienscouts2-300x200.jpg 300w, https:\/\/www.forum-soegel.de\/information\/wp-content\/uploads\/2020\/03\/Medienscouts2-768x512.jpg 768w\" sizes=\"auto, (max-width: 1024px) 100vw, 1024px\" \/><\/a><\/figure><\/li><\/ul><\/figure>\n","protected":false},"excerpt":{"rendered":"Am 14. Februar besuchten ausgebildete Medienscouts im Rahmen des Pr\u00e4ventionskonzeptes die Klassen 5a und 5c und diskutierten mit den Kindern in Kleingruppen die Vor- und Nachteile moderner Mediennutzung. Als Ergebnis entstand jeweils ein individuell auf die Klassenbed\u00fcrfnisse und \u2013situation zugeschnittener Vertrag, der die Nutzung bestimmter Medien den Anspr\u00fcchen der Klasse entsprechend regelt und Sicherheit im [&hellip;]\n","protected":false},"author":2,"featured_media":0,"comment_status":"closed","ping_status":"closed","sticky":false,"template":"","format":"standard","meta":{"ngg_post_thumbnail":0,"footnotes":""},"categories":[6],"tags":[],"class_list":["post-28629","post","type-post","status-publish","format-standard","hentry","category-aus-der-schule-geplaudert"],"_links":{"self":[{"href":"https:\/\/www.forum-soegel.de\/information\/wp-json\/wp\/v2\/posts\/28629","targetHints":{"allow":["GET"]}}],"collection":[{"href":"https:\/\/www.forum-soegel.de\/information\/wp-json\/wp\/v2\/posts"}],"about":[{"href":"https:\/\/www.forum-soegel.de\/information\/wp-json\/wp\/v2\/types\/post"}],"author":[{"embeddable":true,"href":"https:\/\/www.forum-soegel.de\/information\/wp-json\/wp\/v2\/users\/2"}],"replies":[{"embeddable":true,"href":"https:\/\/www.forum-soegel.de\/information\/wp-json\/wp\/v2\/comments?post=28629"}],"version-history":[{"count":1,"href":"https:\/\/www.forum-soegel.de\/information\/wp-json\/wp\/v2\/posts\/28629\/revisions"}],"predecessor-version":[{"id":28633,"href":"https:\/\/www.forum-soegel.de\/information\/wp-json\/wp\/v2\/posts\/28629\/revisions\/28633"}],"wp:attachment":[{"href":"https:\/\/www.forum-soegel.de\/information\/wp-json\/wp\/v2\/media?parent=28629"}],"wp:term":[{"taxonomy":"category","embeddable":true,"href":"https:\/\/www.forum-soegel.de\/information\/wp-json\/wp\/v2\/categories?post=28629"},{"taxonomy":"post_tag","embeddable":true,"href":"https:\/\/www.forum-soegel.de\/information\/wp-json\/wp\/v2\/tags?post=28629"}],"curies":[{"name":"wp","href":"https:\/\/api.w.org\/{rel}","templated":true}]}}