{"id":28374,"date":"2020-01-16T17:57:01","date_gmt":"2020-01-16T16:57:01","guid":{"rendered":"https:\/\/www.forum-soegel.de\/information\/?p=28374"},"modified":"2020-02-16T18:01:24","modified_gmt":"2020-02-16T17:01:24","slug":"500-geburt-in-2019","status":"publish","type":"post","link":"https:\/\/www.forum-soegel.de\/information\/2020\/01\/500-geburt-in-2019\/","title":{"rendered":"500. Geburt in 2019"},"content":{"rendered":"\n<p>S\u00f6gel.\nAm&nbsp;3. Dezember&nbsp;wurde im Standesamt\nder Samtgemeinde&nbsp;S\u00f6gel&nbsp;die\nGeburt des 500sten Kindes im Jahr 2019 dokumentiert. Matth\u00e4us Albrecht aus\nLindern, Ortsteil Garen,&nbsp;erblickte am&nbsp;30.\nNovember&nbsp;im H\u00fcmmling-Hospital&nbsp;S\u00f6gel&nbsp;das\nLicht der Welt. Mit den Eltern&nbsp;Helene und Willi Albrecht freuten sich auch\nacht&nbsp;Geschwister \u00fcber den Familienzuwachs.&nbsp;Zuhause warten auf den\nkleinen Matth\u00e4us&nbsp;sieben&nbsp;Br\u00fcder und eine\nSchwester.&nbsp;Samtgemeindeb\u00fcrgermeister&nbsp;G\u00fcnter\nWigbers&nbsp;und&nbsp;Standesbeamtin Jutta Rieke-Osterbrink&nbsp;gratulierten\nherzlich zur Geburt und&nbsp;\u00fcberreichten aufgrund des besonderen Anlasses\ndem&nbsp;gl\u00fccklichen&nbsp;Vater&nbsp;einen Blumenstrau\u00df und das\nFamilienbuch&nbsp;nebst Geburtsurkunde.&nbsp;Willi Albrechtberichtete, dass&nbsp;seine\nFrau&nbsp;eine sehr f\u00fcrsorgliche Betreuung im H\u00fcmmling Hospital erfahren habe.\n\u201eDie Unterst\u00fctzung w\u00e4hrend der Geburt und auch die anschlie\u00dfende Versorgung\nwaren optimal!\u201c Matth\u00e4us sei das erste Kind der Familie, welches in&nbsp;S\u00f6gel&nbsp;geboren sei. Die Wahl f\u00fcr die Geburt\nihres 9. Kindes fiel auf&nbsp;S\u00f6gel, weil\nFreunde und Bekannte ihnen dieses Hospital empfohlen hatten.&nbsp;Wigbers\nversprach der Familie Albrecht einen&nbsp;noch \u201esehr viel\ngr\u00f6\u00dferen&nbsp;Blumenstrau\u00df\u201c, sollten sie&nbsp;ein zehntes&nbsp;Kind im S\u00f6geler\nStandesamt anmelden.&nbsp;<\/p>\n\n\n\n<p>Text\/Foto: Samtgemeinde\u00a0S\u00f6gel<\/p>\n\n\n\n<figure class=\"wp-block-image size-large\"><img loading=\"lazy\" decoding=\"async\" width=\"1024\" height=\"805\" src=\"https:\/\/www.forum-soegel.de\/information\/wp-content\/uploads\/2020\/02\/IMG_4813-1024x805.jpg\" alt=\"\" class=\"wp-image-28375\" srcset=\"https:\/\/www.forum-soegel.de\/information\/wp-content\/uploads\/2020\/02\/IMG_4813-1024x805.jpg 1024w, https:\/\/www.forum-soegel.de\/information\/wp-content\/uploads\/2020\/02\/IMG_4813-300x236.jpg 300w, https:\/\/www.forum-soegel.de\/information\/wp-content\/uploads\/2020\/02\/IMG_4813-768x604.jpg 768w, https:\/\/www.forum-soegel.de\/information\/wp-content\/uploads\/2020\/02\/IMG_4813-1536x1207.jpg 1536w, https:\/\/www.forum-soegel.de\/information\/wp-content\/uploads\/2020\/02\/IMG_4813.jpg 2047w\" sizes=\"auto, (max-width: 1024px) 100vw, 1024px\" \/><\/figure>\n","protected":false},"excerpt":{"rendered":"S\u00f6gel. Am&nbsp;3. Dezember&nbsp;wurde im Standesamt der Samtgemeinde&nbsp;S\u00f6gel&nbsp;die Geburt des 500sten Kindes im Jahr 2019 dokumentiert. Matth\u00e4us Albrecht aus Lindern, Ortsteil Garen,&nbsp;erblickte am&nbsp;30. November&nbsp;im H\u00fcmmling-Hospital&nbsp;S\u00f6gel&nbsp;das Licht der Welt. Mit den Eltern&nbsp;Helene und Willi Albrecht freuten sich auch acht&nbsp;Geschwister \u00fcber den Familienzuwachs.&nbsp;Zuhause warten auf den kleinen Matth\u00e4us&nbsp;sieben&nbsp;Br\u00fcder und eine Schwester.&nbsp;Samtgemeindeb\u00fcrgermeister&nbsp;G\u00fcnter Wigbers&nbsp;und&nbsp;Standesbeamtin Jutta Rieke-Osterbrink&nbsp;gratulierten herzlich zur Geburt und&nbsp;\u00fcberreichten [&hellip;]\n","protected":false},"author":2,"featured_media":0,"comment_status":"closed","ping_status":"closed","sticky":false,"template":"","format":"standard","meta":{"ngg_post_thumbnail":0,"footnotes":""},"categories":[3,10],"tags":[],"class_list":["post-28374","post","type-post","status-publish","format-standard","hentry","category-aktuelles-aus-der-region","category-rat-und-verwaltung-informieren"],"_links":{"self":[{"href":"https:\/\/www.forum-soegel.de\/information\/wp-json\/wp\/v2\/posts\/28374","targetHints":{"allow":["GET"]}}],"collection":[{"href":"https:\/\/www.forum-soegel.de\/information\/wp-json\/wp\/v2\/posts"}],"about":[{"href":"https:\/\/www.forum-soegel.de\/information\/wp-json\/wp\/v2\/types\/post"}],"author":[{"embeddable":true,"href":"https:\/\/www.forum-soegel.de\/information\/wp-json\/wp\/v2\/users\/2"}],"replies":[{"embeddable":true,"href":"https:\/\/www.forum-soegel.de\/information\/wp-json\/wp\/v2\/comments?post=28374"}],"version-history":[{"count":1,"href":"https:\/\/www.forum-soegel.de\/information\/wp-json\/wp\/v2\/posts\/28374\/revisions"}],"predecessor-version":[{"id":28376,"href":"https:\/\/www.forum-soegel.de\/information\/wp-json\/wp\/v2\/posts\/28374\/revisions\/28376"}],"wp:attachment":[{"href":"https:\/\/www.forum-soegel.de\/information\/wp-json\/wp\/v2\/media?parent=28374"}],"wp:term":[{"taxonomy":"category","embeddable":true,"href":"https:\/\/www.forum-soegel.de\/information\/wp-json\/wp\/v2\/categories?post=28374"},{"taxonomy":"post_tag","embeddable":true,"href":"https:\/\/www.forum-soegel.de\/information\/wp-json\/wp\/v2\/tags?post=28374"}],"curies":[{"name":"wp","href":"https:\/\/api.w.org\/{rel}","templated":true}]}}