{"id":27932,"date":"2019-11-01T16:04:00","date_gmt":"2019-11-01T15:04:00","guid":{"rendered":"https:\/\/www.forum-soegel.de\/information\/?p=27932"},"modified":"2019-11-28T16:06:18","modified_gmt":"2019-11-28T15:06:18","slug":"unbeschwert-leben-mit-behinderung","status":"publish","type":"post","link":"https:\/\/www.forum-soegel.de\/information\/2019\/11\/unbeschwert-leben-mit-behinderung\/","title":{"rendered":"Unbeschwert leben \u2026 mit Behinderung?!"},"content":{"rendered":"\n<p>\u2013 Lesung, Live-Musik und Lounge des\nArbeitskreises \u201eEinander helfen\u201c der KEB<\/p>\n\n\n\n<p>S\u00f6gel &#8211; Der Arbeitskreis \u201eEinander helfen \u2013 Familien mit\nbehinderten Kindern\u201c der Katholischen Erwachsenenbildung l\u00e4dt zu einem\nkurzweiligen Abend mit Lesung, Live-Musik und Lounge am Donnerstag, dem 7.\nNovember zu \u201eDeeken-Raumconzepte\u201c nach S\u00f6gel ein. Der Abend im gr\u00f6\u00dften\nWohnzimmer S\u00f6gels steht unter dem Thema \u201eGut leben mit Behinderung?!\u201c und\npr\u00e4sentiert die Bestsellerautorin Birte M\u00fcller, die ihre vielbeachteten B\u00fccher\n\u201eWilli\u2019s Welt\u201c und \u201eWo ein Willi ist, ist auch ein Weg\u201c vom Leben einer Familie\nmit einem behinderten Kind vorstellen wird.<\/p>\n\n\n\n<p>Neben den Herausforderungen, die der Alltag und vor allem\nunsere Gesellschaft im Umgang mit Menschen mit Behinderungen bereithalten \u2013 von\nder Inklusion bis hin zur Pr\u00e4nataldiagnostik -, berichtet sie offen \u00fcber die\nvielen manchmal unverhofft sch\u00f6nen aber auch \u00fcberraschenden und unfreiwillig\nkomischen Momente im Zusammenleben mit Menschen mit Behinderungen. Erlebnisse,\ndie, auch wenn\u2019s mal chaotisch wird, Mut machen und zur konstruktiven\nAuseinandersetzung und Solidarit\u00e4t auffordern. <\/p>\n\n\n\n<p>Eingebettet ist die Lesung in den Auftritt einer f\u00fcr\ndiese Veranstaltung gegr\u00fcndeten Band, Info- und B\u00fccherst\u00e4nde des Arbeitskreises\n\u201eEinander helfen\u201c zum Thema \u201eGut leben mit Behinderung\u201c sowie eine\nSignierstunde der Autorin. Eingeladen sind alle Interessierten. Eintrittskarten\nzu dieser Veranstaltung um 19:30 Uhr gibt es f\u00fcr 5,00 \u20ac bei der KEB, bei\nDeeken-Raumconzepte und bei der Raiffeisenbank Emsland-Mitte in S\u00f6gel. Informationen\nbei der KEB unter 05952\/1556 oder www.keb-aschendorf-huemmling.de.<\/p>\n\n\n\n<p>Text\/Foto: Ingrid Cloppenburg<\/p>\n\n\n\n<figure class=\"wp-block-image size-large\"><img loading=\"lazy\" decoding=\"async\" width=\"1024\" height=\"768\" src=\"https:\/\/www.forum-soegel.de\/information\/wp-content\/uploads\/2019\/11\/Unbeschwert-leben-mit-Behinderung.jpg\" alt=\"\" class=\"wp-image-27933\" srcset=\"https:\/\/www.forum-soegel.de\/information\/wp-content\/uploads\/2019\/11\/Unbeschwert-leben-mit-Behinderung.jpg 1024w, https:\/\/www.forum-soegel.de\/information\/wp-content\/uploads\/2019\/11\/Unbeschwert-leben-mit-Behinderung-300x225.jpg 300w, https:\/\/www.forum-soegel.de\/information\/wp-content\/uploads\/2019\/11\/Unbeschwert-leben-mit-Behinderung-768x576.jpg 768w\" sizes=\"auto, (max-width: 1024px) 100vw, 1024px\" \/><figcaption> Der Arbeitskreis \u201eEinander helfen \u2013 Familien mit behinderten Kindern\u201c der Katholischen Erwachsenenbildung l\u00e4dt gemeinsam mit Anja Deeken-Rickermann, Bildmitte, (Deeken-Raumconzepte) zu einem kurzweiligen Abend mit Lesung, Live-Musik und Lounge ein. <\/figcaption><\/figure>\n","protected":false},"excerpt":{"rendered":"\u2013 Lesung, Live-Musik und Lounge des Arbeitskreises \u201eEinander helfen\u201c der KEB S\u00f6gel &#8211; Der Arbeitskreis \u201eEinander helfen \u2013 Familien mit behinderten Kindern\u201c der Katholischen Erwachsenenbildung l\u00e4dt zu einem kurzweiligen Abend mit Lesung, Live-Musik und Lounge am Donnerstag, dem 7. November zu \u201eDeeken-Raumconzepte\u201c nach S\u00f6gel ein. Der Abend im gr\u00f6\u00dften Wohnzimmer S\u00f6gels steht unter dem Thema [&hellip;]\n","protected":false},"author":2,"featured_media":0,"comment_status":"closed","ping_status":"closed","sticky":false,"template":"","format":"standard","meta":{"ngg_post_thumbnail":0,"footnotes":""},"categories":[3],"tags":[],"class_list":["post-27932","post","type-post","status-publish","format-standard","hentry","category-aktuelles-aus-der-region"],"_links":{"self":[{"href":"https:\/\/www.forum-soegel.de\/information\/wp-json\/wp\/v2\/posts\/27932","targetHints":{"allow":["GET"]}}],"collection":[{"href":"https:\/\/www.forum-soegel.de\/information\/wp-json\/wp\/v2\/posts"}],"about":[{"href":"https:\/\/www.forum-soegel.de\/information\/wp-json\/wp\/v2\/types\/post"}],"author":[{"embeddable":true,"href":"https:\/\/www.forum-soegel.de\/information\/wp-json\/wp\/v2\/users\/2"}],"replies":[{"embeddable":true,"href":"https:\/\/www.forum-soegel.de\/information\/wp-json\/wp\/v2\/comments?post=27932"}],"version-history":[{"count":1,"href":"https:\/\/www.forum-soegel.de\/information\/wp-json\/wp\/v2\/posts\/27932\/revisions"}],"predecessor-version":[{"id":27934,"href":"https:\/\/www.forum-soegel.de\/information\/wp-json\/wp\/v2\/posts\/27932\/revisions\/27934"}],"wp:attachment":[{"href":"https:\/\/www.forum-soegel.de\/information\/wp-json\/wp\/v2\/media?parent=27932"}],"wp:term":[{"taxonomy":"category","embeddable":true,"href":"https:\/\/www.forum-soegel.de\/information\/wp-json\/wp\/v2\/categories?post=27932"},{"taxonomy":"post_tag","embeddable":true,"href":"https:\/\/www.forum-soegel.de\/information\/wp-json\/wp\/v2\/tags?post=27932"}],"curies":[{"name":"wp","href":"https:\/\/api.w.org\/{rel}","templated":true}]}}