{"id":27929,"date":"2019-11-01T16:01:00","date_gmt":"2019-11-01T15:01:00","guid":{"rendered":"https:\/\/www.forum-soegel.de\/information\/?p=27929"},"modified":"2019-11-28T16:03:51","modified_gmt":"2019-11-28T15:03:51","slug":"schloss-clemenswerth-im-november-und-dezember","status":"publish","type":"post","link":"https:\/\/www.forum-soegel.de\/information\/2019\/11\/schloss-clemenswerth-im-november-und-dezember\/","title":{"rendered":"Schloss Clemenswerth im November und Dezember"},"content":{"rendered":"\n<figure class=\"wp-block-image size-large\"><img loading=\"lazy\" decoding=\"async\" width=\"201\" height=\"130\" src=\"https:\/\/www.forum-soegel.de\/information\/wp-content\/uploads\/2014\/06\/Schloss-Clemenswerth1.jpg\" alt=\"\" class=\"wp-image-13754\"\/><\/figure>\n\n\n\n<p>S\u00f6gel\n&#8211; Die letzten beiden Monate des Jahres stehen vor der T\u00fcr. Mit den\nTaschenlampenf\u00fchrungen f\u00fcr Familien (14.11., 17 Uhr), Kinder (21.11., 17 Uhr)\nund Erwachsene (26.11., 18 Uhr) bietet sich wieder die M\u00f6glichkeit, das\nEmslandmuseum Schloss Clemenswerth in den Abendstunden zu erkunden. Die\nstimmungsvollen Rundg\u00e4nge sind f\u00fcr Gruppen \u2013 bspw. als Start einer\nWeihnachtsfeier mit Gl\u00fchweinempfang im Weinkeller \u2013 zum Wunschtermin buchbar.\nAuch f\u00fcr Kindergeburtstage hat das Museum in den Wintermonaten seine T\u00fcren\nge\u00f6ffnet. Die Geburtstage k\u00f6nnen sowohl als zwei- als auch als dreist\u00fcndige\nVeranstaltung gefeiert werden. Zur Auswahl stehen neben Erlebnisprogrammen wie\nSchatzsuchen und Museumsdetektive auch Kreativprogramme wie T\u00f6pfern, Vergolden\nund Steckenpferde bemalen. Anmeldungen und Informationen zu F\u00fchrungen und\nGeburtstagen unter Tel. 05952 \/ 93 23 25.<\/p>\n\n\n\n<p><strong>Adventsmarkt- und\nSaisonkarten <\/strong><\/p>\n\n\n\n<p>Mit\ngro\u00dfen Schritten n\u00e4hert sich auch der Advent auf Schloss Clemenswerth am 7. und\n8. Dezember mit rund 100 Ausstellern. Der Eintritt kostet 4 \u20ac \/ Erwachsene und\n1 \u20ac \/ erm\u00e4\u00dfigt. Besitzer der Saisonkarte haben kostenfreien Zutritt. Bis zum 22.\nNovember besteht die M\u00f6glichkeit, die Eintrittskarten im Vorverkauf zu\nerwerben. Bei einer Abnahme von mindestens 5 Karten wird ein Rabatt von 10%\ngew\u00e4hrt. Der Vorteil: Die Kassen k\u00f6nnen ohne Anstehen passiert werden.<\/p>\n\n\n\n<p>K\u00e4uflich\nzu erwerben ist auch schon die Saisonkarte f\u00fcr 2020. Besitzer dieser Karte haben\n\u00fcber die gesamte Museumssaison Zutritt ins Schloss mit seinen Ausstellungen, in\nden Klostergarten sowie zu den Events \u201eFest der Sinne\u201c (06.\/07.06.2020), \u201eKunstmarkt\nParkArt\u201c (08.\/09.08.2020) und \u201eAdvent auf Schloss Clemenswerth\u201c\n(05.\/06.12.2020). <\/p>\n\n\n\n<p>Erh\u00e4ltlich\nsind die Adventsmarkt- sowie die Saisonkarten in der Museumsverwaltung (Tel.\n05952 \/ 93 23 25) und in der Tourist-Information (Tel. 05952 \/ 206 400).<\/p>\n\n\n\n<figure class=\"wp-block-image size-large\"><img loading=\"lazy\" decoding=\"async\" width=\"1024\" height=\"683\" src=\"https:\/\/www.forum-soegel.de\/information\/wp-content\/uploads\/2019\/11\/Schloss-Clemenswerth-im-November-und-Dezember-1024x683.jpg\" alt=\"\" class=\"wp-image-27930\" srcset=\"https:\/\/www.forum-soegel.de\/information\/wp-content\/uploads\/2019\/11\/Schloss-Clemenswerth-im-November-und-Dezember-1024x683.jpg 1024w, https:\/\/www.forum-soegel.de\/information\/wp-content\/uploads\/2019\/11\/Schloss-Clemenswerth-im-November-und-Dezember-300x200.jpg 300w, https:\/\/www.forum-soegel.de\/information\/wp-content\/uploads\/2019\/11\/Schloss-Clemenswerth-im-November-und-Dezember-768x512.jpg 768w, https:\/\/www.forum-soegel.de\/information\/wp-content\/uploads\/2019\/11\/Schloss-Clemenswerth-im-November-und-Dezember-1536x1024.jpg 1536w, https:\/\/www.forum-soegel.de\/information\/wp-content\/uploads\/2019\/11\/Schloss-Clemenswerth-im-November-und-Dezember-2048x1365.jpg 2048w\" sizes=\"auto, (max-width: 1024px) 100vw, 1024px\" \/><\/figure>\n\n\n\n<p>Text: Ramona Krons\n\/ Foto: Emslandmuseum Schloss Clemenswerth <\/p>\n","protected":false},"excerpt":{"rendered":"S\u00f6gel &#8211; Die letzten beiden Monate des Jahres stehen vor der T\u00fcr. Mit den Taschenlampenf\u00fchrungen f\u00fcr Familien (14.11., 17 Uhr), Kinder (21.11., 17 Uhr) und Erwachsene (26.11., 18 Uhr) bietet sich wieder die M\u00f6glichkeit, das Emslandmuseum Schloss Clemenswerth in den Abendstunden zu erkunden. Die stimmungsvollen Rundg\u00e4nge sind f\u00fcr Gruppen \u2013 bspw. als Start einer Weihnachtsfeier [&hellip;]\n","protected":false},"author":2,"featured_media":0,"comment_status":"closed","ping_status":"closed","sticky":false,"template":"","format":"standard","meta":{"ngg_post_thumbnail":0,"footnotes":""},"categories":[3],"tags":[],"class_list":["post-27929","post","type-post","status-publish","format-standard","hentry","category-aktuelles-aus-der-region"],"_links":{"self":[{"href":"https:\/\/www.forum-soegel.de\/information\/wp-json\/wp\/v2\/posts\/27929","targetHints":{"allow":["GET"]}}],"collection":[{"href":"https:\/\/www.forum-soegel.de\/information\/wp-json\/wp\/v2\/posts"}],"about":[{"href":"https:\/\/www.forum-soegel.de\/information\/wp-json\/wp\/v2\/types\/post"}],"author":[{"embeddable":true,"href":"https:\/\/www.forum-soegel.de\/information\/wp-json\/wp\/v2\/users\/2"}],"replies":[{"embeddable":true,"href":"https:\/\/www.forum-soegel.de\/information\/wp-json\/wp\/v2\/comments?post=27929"}],"version-history":[{"count":1,"href":"https:\/\/www.forum-soegel.de\/information\/wp-json\/wp\/v2\/posts\/27929\/revisions"}],"predecessor-version":[{"id":27931,"href":"https:\/\/www.forum-soegel.de\/information\/wp-json\/wp\/v2\/posts\/27929\/revisions\/27931"}],"wp:attachment":[{"href":"https:\/\/www.forum-soegel.de\/information\/wp-json\/wp\/v2\/media?parent=27929"}],"wp:term":[{"taxonomy":"category","embeddable":true,"href":"https:\/\/www.forum-soegel.de\/information\/wp-json\/wp\/v2\/categories?post=27929"},{"taxonomy":"post_tag","embeddable":true,"href":"https:\/\/www.forum-soegel.de\/information\/wp-json\/wp\/v2\/tags?post=27929"}],"curies":[{"name":"wp","href":"https:\/\/api.w.org\/{rel}","templated":true}]}}