{"id":27924,"date":"2019-11-01T15:59:00","date_gmt":"2019-11-01T14:59:00","guid":{"rendered":"https:\/\/www.forum-soegel.de\/information\/?p=27924"},"modified":"2019-11-28T16:00:12","modified_gmt":"2019-11-28T15:00:12","slug":"kartenverkauf-fuer-die-karnevalssaison-2020-in-soegel-laeuft-an","status":"publish","type":"post","link":"https:\/\/www.forum-soegel.de\/information\/2019\/11\/kartenverkauf-fuer-die-karnevalssaison-2020-in-soegel-laeuft-an\/","title":{"rendered":"Kartenverkauf f\u00fcr die Karnevalssaison 2020 in S\u00f6gel l\u00e4uft an"},"content":{"rendered":"\n<p>S\u00f6gel &#8211; Karnevalsjecken des H\u00fcmmlings sollten sich den 9.\nNovember im Kalender rot eintragen: Um 18 Uhr beginnt im Clemenswerther Hof der\nKartenvorverkauf f\u00fcr die vier am 7. und 8. Februar sowie am 14. und 15. Februar\nstattfindenden Karnevalssitzungen. Ab 18 Uhr werden die Eintrittskarten direkt\nvor Ort verkauft, sp\u00e4ter sind Bestellungen auch telefonisch unter 05952\/1230\n(Clemenswerther Hof) m\u00f6glich. Unter dem Motto \u201e60 Jahre Karneval &#8211; wir fallen\naus dem Rahmen\u201c wollen die S\u00f6geler Jecken es ordentlich krachen lassen.<\/p>\n\n\n\n<p>Eine Karte kostet 12 Euro. Daf\u00fcr versprechen die\nOrganisatoren ein rund 4-st\u00fcndiges Programm mit Comedy, B\u00fcttenreden, Spa\u00df, Tanz\nund Gesang sowie einer gro\u00dfen Aftershowparty unmittelbar nach der Sitzung. Den\nAuftakt der S\u00f6geler Karnevalssession bildet traditionell das Kappenfest,\nwelches am 25. Januar 2020 ebenfalls im komplett runderneuerten Clemenswerther\nHof stattfindet. Dann werden der jetzige Prinz Christian (Christian Temmen) und\nseine Lieblichkeit Prinzessin Anja das Zepter an den neuen Prinzen \u00fcbergeben.\nStreng wird bis dahin das Geheimnis geh\u00fctet, wer der neue Karnevalsprinz und\nder damit verbundene Elferrat wird. Die Sitzungen erfreuen sich in S\u00f6gel, aber\nauch au\u00dferhalb der H\u00fcmmlinggemeinde gro\u00dfer Beliebtheit.<\/p>\n\n\n\n<p>&nbsp;\u201eSchon jetzt wird\nflei\u00dfig geprobt\u201c, l\u00e4utet Lake die erste hei\u00dfe Phase der Vorbereitungen ein.\nNach den Worten des Pr\u00e4sidenten wird inzwischen gen\u00e4ht, gesungen, getextet und\nmusiziert \u2013 \u201ealles, um bei der Premiere am 7. Februar zu gl\u00e4nzen\u201c. Im Herbst\ntrifft sich die Kolpingkapelle seit einigen Jahren, um mit einem besonderen\nFoto auf die Karnevalssaison des kommenden Jahres aufmerksam zu machen. Viel\nFreude haben die Musiker und Akteure dabei, verschiedenste Positionen\neinzunehmen. In diesem Jahr bildete die Kapelle nebst Akteure aus der\nGr\u00fcnderzeit des Kolpingkarnevals eine menschengeformte 60 auf dem Vorplatz des\nLudmillenhofes. Zudem wird die Band kleinE aus S\u00f6gel einen Video-Clip mit einem\n\u201eNarhalla Marsch\u201c der besonderen Form f\u00fcr die Sozialen Medien pr\u00e4sentieren, um\nauf die Karnevalssitzungen aufmerksam zu machen.<\/p>\n\n\n\n<p>Lake verspricht ein \u201etolles Programm, bei dem wieder\nalles dabei ist\u201c, darunter erprobte und neue Akteure und einige handfeste\n\u00dcberraschungen. Die Organisatoren pr\u00e4sentieren auch frische Kr\u00e4fte. Dies sei\nwichtig, so Lake. \u201eWir haben immer gerne ein neues Gesicht auf der B\u00fchne.\nDadurch bleibt unser Karneval jung und abwechslungsreich.\u201c<\/p>\n\n\n\n<p>Text\/Foto: Ingrid Cloppenburg<\/p>\n\n\n\n<figure class=\"wp-block-image size-large\"><img loading=\"lazy\" decoding=\"async\" width=\"1024\" height=\"768\" src=\"https:\/\/www.forum-soegel.de\/information\/wp-content\/uploads\/2019\/11\/Kartenverkauf-f\u00fcr-die-Karnevalssaison-2020-in-S\u00f6gel-l\u00e4uft-an.jpg\" alt=\"\" class=\"wp-image-27925\" srcset=\"https:\/\/www.forum-soegel.de\/information\/wp-content\/uploads\/2019\/11\/Kartenverkauf-f\u00fcr-die-Karnevalssaison-2020-in-S\u00f6gel-l\u00e4uft-an.jpg 1024w, https:\/\/www.forum-soegel.de\/information\/wp-content\/uploads\/2019\/11\/Kartenverkauf-f\u00fcr-die-Karnevalssaison-2020-in-S\u00f6gel-l\u00e4uft-an-300x225.jpg 300w, https:\/\/www.forum-soegel.de\/information\/wp-content\/uploads\/2019\/11\/Kartenverkauf-f\u00fcr-die-Karnevalssaison-2020-in-S\u00f6gel-l\u00e4uft-an-768x576.jpg 768w\" sizes=\"auto, (max-width: 1024px) 100vw, 1024px\" \/><\/figure>\n","protected":false},"excerpt":{"rendered":"S\u00f6gel &#8211; Karnevalsjecken des H\u00fcmmlings sollten sich den 9. November im Kalender rot eintragen: Um 18 Uhr beginnt im Clemenswerther Hof der Kartenvorverkauf f\u00fcr die vier am 7. und 8. Februar sowie am 14. und 15. Februar stattfindenden Karnevalssitzungen. Ab 18 Uhr werden die Eintrittskarten direkt vor Ort verkauft, sp\u00e4ter sind Bestellungen auch telefonisch unter [&hellip;]\n","protected":false},"author":2,"featured_media":0,"comment_status":"closed","ping_status":"closed","sticky":false,"template":"","format":"standard","meta":{"ngg_post_thumbnail":0,"footnotes":""},"categories":[5],"tags":[],"class_list":["post-27924","post","type-post","status-publish","format-standard","hentry","category-was-machen-die-vereine"],"_links":{"self":[{"href":"https:\/\/www.forum-soegel.de\/information\/wp-json\/wp\/v2\/posts\/27924","targetHints":{"allow":["GET"]}}],"collection":[{"href":"https:\/\/www.forum-soegel.de\/information\/wp-json\/wp\/v2\/posts"}],"about":[{"href":"https:\/\/www.forum-soegel.de\/information\/wp-json\/wp\/v2\/types\/post"}],"author":[{"embeddable":true,"href":"https:\/\/www.forum-soegel.de\/information\/wp-json\/wp\/v2\/users\/2"}],"replies":[{"embeddable":true,"href":"https:\/\/www.forum-soegel.de\/information\/wp-json\/wp\/v2\/comments?post=27924"}],"version-history":[{"count":1,"href":"https:\/\/www.forum-soegel.de\/information\/wp-json\/wp\/v2\/posts\/27924\/revisions"}],"predecessor-version":[{"id":27926,"href":"https:\/\/www.forum-soegel.de\/information\/wp-json\/wp\/v2\/posts\/27924\/revisions\/27926"}],"wp:attachment":[{"href":"https:\/\/www.forum-soegel.de\/information\/wp-json\/wp\/v2\/media?parent=27924"}],"wp:term":[{"taxonomy":"category","embeddable":true,"href":"https:\/\/www.forum-soegel.de\/information\/wp-json\/wp\/v2\/categories?post=27924"},{"taxonomy":"post_tag","embeddable":true,"href":"https:\/\/www.forum-soegel.de\/information\/wp-json\/wp\/v2\/tags?post=27924"}],"curies":[{"name":"wp","href":"https:\/\/api.w.org\/{rel}","templated":true}]}}