{"id":27921,"date":"2019-11-01T15:58:00","date_gmt":"2019-11-01T14:58:00","guid":{"rendered":"https:\/\/www.forum-soegel.de\/information\/?p=27921"},"modified":"2019-12-01T16:17:39","modified_gmt":"2019-12-01T15:17:39","slug":"geistliches-konzert-am-24-november","status":"publish","type":"post","link":"https:\/\/www.forum-soegel.de\/information\/2019\/11\/geistliches-konzert-am-24-november\/","title":{"rendered":"Geistliches Konzert am 24. November"},"content":{"rendered":"\n<p>S\u00f6gel &#8211;\nAm Sonntag, den 24.11.2019 um 17 Uhr, findet in der Schlosskapelle Clemenswerth\nin S\u00f6gel ein geistliches Konzert statt. Geboten wird eine Zusammenstellung\nbarocker Vokal- und Kammermusik von Komponisten wie Franz Tunder, Johann\nVierdanck, Tarquinio Merula und Alessandro Grandi.<\/p>\n\n\n\n<p>Die\nS\u00e4ngerinnen Roxane Jansen (Sopran), Annika Horstmann (Mezzosopran), und Annette\nHespe (Sopran) tragen in verschiedener vokaler Besetzung Werke in lateinischer\nund deutscher Sprache vor. Mechtild Lucks und Lilli Frilling begleiten die\nS\u00e4nger und erg\u00e4nzen das Programm mit Fl\u00f6tenduetten. Die Leitung und Begleitung\nmit dem Cembalo hat Lydia Benninger-Bredohl.<\/p>\n\n\n\n<p>Besonderen\nWert legen die K\u00fcnstler neben werkgetreuer Interpretation auf die Zusammenstellung\nder St\u00fccke ihres Konzertprogramms. So erwartet die Zuh\u00f6rer eine Auswahl\nmitunter unbekannter Sch\u00e4tze der barocken Vokalmusik, die einen\nverhei\u00dfungsvollen, besinnlichen Abend versprechen, zu dem jeder herzlich\neingeladen ist.<\/p>\n\n\n\n<p>Text\/Foto: Roxane Jansen<\/p>\n\n\n\n<figure class=\"wp-block-image size-large\"><img loading=\"lazy\" decoding=\"async\" width=\"1024\" height=\"683\" src=\"https:\/\/www.forum-soegel.de\/information\/wp-content\/uploads\/2019\/11\/Geistliches-Konzert-am-24.-November.jpg\" alt=\"\" class=\"wp-image-27922\" srcset=\"https:\/\/www.forum-soegel.de\/information\/wp-content\/uploads\/2019\/11\/Geistliches-Konzert-am-24.-November.jpg 1024w, https:\/\/www.forum-soegel.de\/information\/wp-content\/uploads\/2019\/11\/Geistliches-Konzert-am-24.-November-300x200.jpg 300w, https:\/\/www.forum-soegel.de\/information\/wp-content\/uploads\/2019\/11\/Geistliches-Konzert-am-24.-November-768x512.jpg 768w\" sizes=\"auto, (max-width: 1024px) 100vw, 1024px\" \/><\/figure>\n","protected":false},"excerpt":{"rendered":"S\u00f6gel &#8211; Am Sonntag, den 24.11.2019 um 17 Uhr, findet in der Schlosskapelle Clemenswerth in S\u00f6gel ein geistliches Konzert statt. Geboten wird eine Zusammenstellung barocker Vokal- und Kammermusik von Komponisten wie Franz Tunder, Johann Vierdanck, Tarquinio Merula und Alessandro Grandi. Die S\u00e4ngerinnen Roxane Jansen (Sopran), Annika Horstmann (Mezzosopran), und Annette Hespe (Sopran) tragen in verschiedener [&hellip;]\n","protected":false},"author":2,"featured_media":0,"comment_status":"closed","ping_status":"closed","sticky":false,"template":"","format":"standard","meta":{"ngg_post_thumbnail":0,"footnotes":""},"categories":[868],"tags":[],"class_list":["post-27921","post","type-post","status-publish","format-standard","hentry","category-zwischen-himmel-und-erde"],"_links":{"self":[{"href":"https:\/\/www.forum-soegel.de\/information\/wp-json\/wp\/v2\/posts\/27921","targetHints":{"allow":["GET"]}}],"collection":[{"href":"https:\/\/www.forum-soegel.de\/information\/wp-json\/wp\/v2\/posts"}],"about":[{"href":"https:\/\/www.forum-soegel.de\/information\/wp-json\/wp\/v2\/types\/post"}],"author":[{"embeddable":true,"href":"https:\/\/www.forum-soegel.de\/information\/wp-json\/wp\/v2\/users\/2"}],"replies":[{"embeddable":true,"href":"https:\/\/www.forum-soegel.de\/information\/wp-json\/wp\/v2\/comments?post=27921"}],"version-history":[{"count":1,"href":"https:\/\/www.forum-soegel.de\/information\/wp-json\/wp\/v2\/posts\/27921\/revisions"}],"predecessor-version":[{"id":27923,"href":"https:\/\/www.forum-soegel.de\/information\/wp-json\/wp\/v2\/posts\/27921\/revisions\/27923"}],"wp:attachment":[{"href":"https:\/\/www.forum-soegel.de\/information\/wp-json\/wp\/v2\/media?parent=27921"}],"wp:term":[{"taxonomy":"category","embeddable":true,"href":"https:\/\/www.forum-soegel.de\/information\/wp-json\/wp\/v2\/categories?post=27921"},{"taxonomy":"post_tag","embeddable":true,"href":"https:\/\/www.forum-soegel.de\/information\/wp-json\/wp\/v2\/tags?post=27921"}],"curies":[{"name":"wp","href":"https:\/\/api.w.org\/{rel}","templated":true}]}}