{"id":27880,"date":"2019-11-28T15:35:59","date_gmt":"2019-11-28T14:35:59","guid":{"rendered":"https:\/\/www.forum-soegel.de\/information\/?p=27880"},"modified":"2019-11-28T15:36:00","modified_gmt":"2019-11-28T14:36:00","slug":"freeidach-is-plattdach-in-de-grundschaule","status":"publish","type":"post","link":"https:\/\/www.forum-soegel.de\/information\/2019\/11\/freeidach-is-plattdach-in-de-grundschaule\/","title":{"rendered":"Freeidach is Plattdach in de Grundschaule"},"content":{"rendered":"\n<p>Spahnharrenst\u00e4tte &#8211; \u201eFreeidach is Plattdach\u201c\nis dat Motto uk d\u00fct Joahr weer in\u2018n September. De Kinner freeit s\u00fcck schon\nimmer, denn dann g\u00fcw dat weer Witziges oder uk moje Gedichte off Leier up Platt\nin\u2018t Forum. Jede Weeke haw eeine Klasse dat v\u00f6arbereitet. An\u2018n Ende g\u00fcw dat uk\nimmer noch \u2018n moj Geschenk. Entweder eein plattd\u00fctsket L\u00e4sebauk \u00f6wer \u2018ne l\u00fcttke\nMus oder \u2018ne witzige Postkoarte. Aale Kinner habt vull Spa\u00df dorbie.<\/p>\n\n\n\n<p>Text\/Foto: WR<\/p>\n\n\n\n<figure class=\"wp-block-image size-large\"><img loading=\"lazy\" decoding=\"async\" width=\"1024\" height=\"768\" src=\"https:\/\/www.forum-soegel.de\/information\/wp-content\/uploads\/2019\/11\/Freeidach-is-Plattdach-in-de-Grundschule-1.jpg\" alt=\"\" class=\"wp-image-27881\" srcset=\"https:\/\/www.forum-soegel.de\/information\/wp-content\/uploads\/2019\/11\/Freeidach-is-Plattdach-in-de-Grundschule-1.jpg 1024w, https:\/\/www.forum-soegel.de\/information\/wp-content\/uploads\/2019\/11\/Freeidach-is-Plattdach-in-de-Grundschule-1-300x225.jpg 300w, https:\/\/www.forum-soegel.de\/information\/wp-content\/uploads\/2019\/11\/Freeidach-is-Plattdach-in-de-Grundschule-1-768x576.jpg 768w\" sizes=\"auto, (max-width: 1024px) 100vw, 1024px\" \/><\/figure>\n\n\n\n<figure class=\"wp-block-image size-large\"><img loading=\"lazy\" decoding=\"async\" width=\"1024\" height=\"672\" src=\"https:\/\/www.forum-soegel.de\/information\/wp-content\/uploads\/2019\/11\/Freeidach-is-Plattdach-in-de-Grundschule-2.jpg\" alt=\"\" class=\"wp-image-27882\" srcset=\"https:\/\/www.forum-soegel.de\/information\/wp-content\/uploads\/2019\/11\/Freeidach-is-Plattdach-in-de-Grundschule-2.jpg 1024w, https:\/\/www.forum-soegel.de\/information\/wp-content\/uploads\/2019\/11\/Freeidach-is-Plattdach-in-de-Grundschule-2-300x197.jpg 300w, https:\/\/www.forum-soegel.de\/information\/wp-content\/uploads\/2019\/11\/Freeidach-is-Plattdach-in-de-Grundschule-2-768x504.jpg 768w\" sizes=\"auto, (max-width: 1024px) 100vw, 1024px\" \/><\/figure>\n\n\n\n<figure class=\"wp-block-image size-large\"><img loading=\"lazy\" decoding=\"async\" width=\"730\" height=\"768\" src=\"https:\/\/www.forum-soegel.de\/information\/wp-content\/uploads\/2019\/11\/Freeidach-is-Plattdach-in-de-Grundschule-3.jpg\" alt=\"\" class=\"wp-image-27883\" srcset=\"https:\/\/www.forum-soegel.de\/information\/wp-content\/uploads\/2019\/11\/Freeidach-is-Plattdach-in-de-Grundschule-3.jpg 730w, https:\/\/www.forum-soegel.de\/information\/wp-content\/uploads\/2019\/11\/Freeidach-is-Plattdach-in-de-Grundschule-3-285x300.jpg 285w\" sizes=\"auto, (max-width: 730px) 100vw, 730px\" \/><\/figure>\n","protected":false},"excerpt":{"rendered":"Spahnharrenst\u00e4tte &#8211; \u201eFreeidach is Plattdach\u201c is dat Motto uk d\u00fct Joahr weer in\u2018n September. De Kinner freeit s\u00fcck schon immer, denn dann g\u00fcw dat weer Witziges oder uk moje Gedichte off Leier up Platt in\u2018t Forum. Jede Weeke haw eeine Klasse dat v\u00f6arbereitet. An\u2018n Ende g\u00fcw dat uk immer noch \u2018n moj Geschenk. Entweder eein [&hellip;]\n","protected":false},"author":2,"featured_media":0,"comment_status":"closed","ping_status":"closed","sticky":false,"template":"","format":"standard","meta":{"ngg_post_thumbnail":0,"footnotes":""},"categories":[6],"tags":[],"class_list":["post-27880","post","type-post","status-publish","format-standard","hentry","category-aus-der-schule-geplaudert"],"_links":{"self":[{"href":"https:\/\/www.forum-soegel.de\/information\/wp-json\/wp\/v2\/posts\/27880","targetHints":{"allow":["GET"]}}],"collection":[{"href":"https:\/\/www.forum-soegel.de\/information\/wp-json\/wp\/v2\/posts"}],"about":[{"href":"https:\/\/www.forum-soegel.de\/information\/wp-json\/wp\/v2\/types\/post"}],"author":[{"embeddable":true,"href":"https:\/\/www.forum-soegel.de\/information\/wp-json\/wp\/v2\/users\/2"}],"replies":[{"embeddable":true,"href":"https:\/\/www.forum-soegel.de\/information\/wp-json\/wp\/v2\/comments?post=27880"}],"version-history":[{"count":1,"href":"https:\/\/www.forum-soegel.de\/information\/wp-json\/wp\/v2\/posts\/27880\/revisions"}],"predecessor-version":[{"id":27884,"href":"https:\/\/www.forum-soegel.de\/information\/wp-json\/wp\/v2\/posts\/27880\/revisions\/27884"}],"wp:attachment":[{"href":"https:\/\/www.forum-soegel.de\/information\/wp-json\/wp\/v2\/media?parent=27880"}],"wp:term":[{"taxonomy":"category","embeddable":true,"href":"https:\/\/www.forum-soegel.de\/information\/wp-json\/wp\/v2\/categories?post=27880"},{"taxonomy":"post_tag","embeddable":true,"href":"https:\/\/www.forum-soegel.de\/information\/wp-json\/wp\/v2\/tags?post=27880"}],"curies":[{"name":"wp","href":"https:\/\/api.w.org\/{rel}","templated":true}]}}