{"id":27822,"date":"2019-11-28T14:57:49","date_gmt":"2019-11-28T13:57:49","guid":{"rendered":"https:\/\/www.forum-soegel.de\/information\/?p=27822"},"modified":"2019-11-28T14:57:50","modified_gmt":"2019-11-28T13:57:50","slug":"soegeler-choere-begeistern-mit-sommerkonzert-in-baukirche","status":"publish","type":"post","link":"https:\/\/www.forum-soegel.de\/information\/2019\/11\/soegeler-choere-begeistern-mit-sommerkonzert-in-baukirche\/","title":{"rendered":"S\u00f6geler Ch\u00f6re begeistern mit Sommerkonzert in \u201eBaukirche\u201c"},"content":{"rendered":"\n<p>S\u00f6gel &#8211; Die leer ger\u00e4umte und vom Umbau gezeichnete St.\nJakobus-Kirche in S\u00f6gel hatte sich f\u00fcr ein paar Stunden wieder mit Leben\ngef\u00fcllt, als der Mini,- Kinder, -Jugend-, und Kirchenchor unter der\nGesamtleitung von Regionalkantor J\u00f6rg-Christian Freese ein gemeinsames\nSommerkonzert pr\u00e4sentierte. Pfarrer Bernhard Horstmann begr\u00fc\u00dfte die \u00fcber 300\nerschienenen Besucher in der mit St\u00fchlen best\u00fcckten \u201eBaukirche\u201c und bezeichnete\ndiese Veranstaltung als \u201eein historisches Ereignis\u201c. Er versprach: \u201cWeihnachten\nfeiern wir wieder hier in der Kirche Gottesdienst, auch wenn die Kirchenb\u00e4nke\nnoch nicht eingebaut sind\u201c.<\/p>\n\n\n\n<p>Den Besuchern wurde dann ein abwechslungsreiches Konzert-Programm\ngeboten, bei dem Chorleiter Freese die Liedbeitr\u00e4ge einf\u00fchlsam mit dem Klavier\nunterst\u00fctzte. Der <strong>Mini-Chor<\/strong> sang zum\nAuftakt \u201eKommt alle her\u201c, danach das \u201eGloria! Gloria\u201c von Karin Karle und das &nbsp;Mutmachlied \u201eVolltreffer\u201c von Daniel Kallach\nmit der Botschaft \u201eIn Gottes Augen sind alle Menschen Volltreffer\u201c. Die Zuh\u00f6rer\nlie\u00dfen sich von dem temperamentvollen Klang mitrei\u00dfen und klatschten den Takt.<\/p>\n\n\n\n<p>Der <strong>Kinderchor <\/strong>begann\nmit dem Gospel-Lied \u201eHeaven is a wonderful place\u201c und begeisterte auch mit\n\u201eGott, wo du wohnst\u201c von Ulrich Walter und \u201eEiner ist unser Leben\u201c von Lothar\nZenetti. Bei dem rhythmischen song \u201eGive it up\u201c von Michael Gohl stellte sich\nFreese zu den Kindern, sang und schnippte mit ihnen taktvoll mit den Fingern\nund wippte den Rhythmus mit den F\u00fc\u00dfen.<\/p>\n\n\n\n<p>Neben den Liedern \u201eHimmelw\u00e4rts\u201c von Thomas Laubach und\n\u201eOpen the eyes of my heart\u201c von Paul Beloche erklang vom <strong>Jugendchor<\/strong> temperamentvoll das \u201eGloria\u201c aus der Gloria-Messe.\u201c\nMehrstimmig pr\u00e4sentierten sie anschlie\u00dfend das \u201eJaweh, I know, you are near\u201c\nvon Dan Sch\u00fctte und sorgten f\u00fcr besinnliche Momente.<\/p>\n\n\n\n<p>Danach\nkam der <strong>Kirchenchor<\/strong>\nzum Zuge und pr\u00e4sentierte stimmgewaltig das \u201eLobt Gott mit Schall, ihr Heiden\nall\u201c von Heinrich Sch\u00fctz und lie\u00dfen die Kleine Choralmotette \u201eLobe den Herren\u201c\nvon Hugo Distler erklingen sowie das \u201eJubilate\u201c von Johannes Matthias Michel.\nMit dem geistlichen Sommerlied von Paul Gerhardt \u201eGeh aus, mein Herz, und suche\nFreud\u201c lieferte der Kirchenchor zudem einen stimmungsvollen Beitrag.<\/p>\n\n\n\n<p>Einen wundervollen Schlusspunkt bildete schlie\u00dflich John\nRutter\u00b4s \u201eLook at the world\u201c, das mit Ausnahme der Minis\u00e4nger von allen Ch\u00f6ren\ngemeinsam gesungen wurde und so manchem eine G\u00e4nsehaut bereitete. Die Besucher\nw\u00fcrdigten die musikalischen Leistungen mit stehenden Ovationen.<\/p>\n\n\n\n<p>Abschlie\u00dfend lud Freese zum Weinfest auf dem Jakobusplatz\nvor der Kirche ein und sagte: \u201eDer Erl\u00f6s des Festes wie auch die Spenden der\nKonzertveranstaltung, kommen dem Bau der neuen Orgel zugute\u201c. Das vom\nOrgelverein St. Jakobus auf dem Jakobusplatz vor der Kirche ausgerichtete\nstimmungsvolle Weinfest wurde von vielen Besuchern bei sp\u00e4tsommerlichen\nTemperaturen sehr gut angenommen.<\/p>\n\n\n\n<p>Text\/Foto: Gisela Arling<\/p>\n\n\n\n<figure class=\"wp-block-image size-large\"><img loading=\"lazy\" decoding=\"async\" width=\"1024\" height=\"485\" src=\"https:\/\/www.forum-soegel.de\/information\/wp-content\/uploads\/2019\/11\/S\u00f6geler-Ch\u00f6re-begeistern-mit-Sommerkonzert-in-Baukirche-2.jpg\" alt=\"\" class=\"wp-image-27823\" srcset=\"https:\/\/www.forum-soegel.de\/information\/wp-content\/uploads\/2019\/11\/S\u00f6geler-Ch\u00f6re-begeistern-mit-Sommerkonzert-in-Baukirche-2.jpg 1024w, https:\/\/www.forum-soegel.de\/information\/wp-content\/uploads\/2019\/11\/S\u00f6geler-Ch\u00f6re-begeistern-mit-Sommerkonzert-in-Baukirche-2-300x142.jpg 300w, https:\/\/www.forum-soegel.de\/information\/wp-content\/uploads\/2019\/11\/S\u00f6geler-Ch\u00f6re-begeistern-mit-Sommerkonzert-in-Baukirche-2-768x364.jpg 768w\" sizes=\"auto, (max-width: 1024px) 100vw, 1024px\" \/><\/figure>\n\n\n\n<figure class=\"wp-block-image size-large\"><img loading=\"lazy\" decoding=\"async\" width=\"1024\" height=\"380\" src=\"https:\/\/www.forum-soegel.de\/information\/wp-content\/uploads\/2019\/11\/S\u00f6geler-Ch\u00f6re-begeistern-mit-Sommerkonzert-in-Baukirche-1.jpg\" alt=\"\" class=\"wp-image-27824\" srcset=\"https:\/\/www.forum-soegel.de\/information\/wp-content\/uploads\/2019\/11\/S\u00f6geler-Ch\u00f6re-begeistern-mit-Sommerkonzert-in-Baukirche-1.jpg 1024w, https:\/\/www.forum-soegel.de\/information\/wp-content\/uploads\/2019\/11\/S\u00f6geler-Ch\u00f6re-begeistern-mit-Sommerkonzert-in-Baukirche-1-300x111.jpg 300w, https:\/\/www.forum-soegel.de\/information\/wp-content\/uploads\/2019\/11\/S\u00f6geler-Ch\u00f6re-begeistern-mit-Sommerkonzert-in-Baukirche-1-768x285.jpg 768w\" sizes=\"auto, (max-width: 1024px) 100vw, 1024px\" \/><\/figure>\n","protected":false},"excerpt":{"rendered":"S\u00f6gel &#8211; Die leer ger\u00e4umte und vom Umbau gezeichnete St. Jakobus-Kirche in S\u00f6gel hatte sich f\u00fcr ein paar Stunden wieder mit Leben gef\u00fcllt, als der Mini,- Kinder, -Jugend-, und Kirchenchor unter der Gesamtleitung von Regionalkantor J\u00f6rg-Christian Freese ein gemeinsames Sommerkonzert pr\u00e4sentierte. Pfarrer Bernhard Horstmann begr\u00fc\u00dfte die \u00fcber 300 erschienenen Besucher in der mit St\u00fchlen best\u00fcckten [&hellip;]\n","protected":false},"author":2,"featured_media":0,"comment_status":"closed","ping_status":"closed","sticky":false,"template":"","format":"standard","meta":{"ngg_post_thumbnail":0,"footnotes":""},"categories":[868],"tags":[],"class_list":["post-27822","post","type-post","status-publish","format-standard","hentry","category-zwischen-himmel-und-erde"],"_links":{"self":[{"href":"https:\/\/www.forum-soegel.de\/information\/wp-json\/wp\/v2\/posts\/27822","targetHints":{"allow":["GET"]}}],"collection":[{"href":"https:\/\/www.forum-soegel.de\/information\/wp-json\/wp\/v2\/posts"}],"about":[{"href":"https:\/\/www.forum-soegel.de\/information\/wp-json\/wp\/v2\/types\/post"}],"author":[{"embeddable":true,"href":"https:\/\/www.forum-soegel.de\/information\/wp-json\/wp\/v2\/users\/2"}],"replies":[{"embeddable":true,"href":"https:\/\/www.forum-soegel.de\/information\/wp-json\/wp\/v2\/comments?post=27822"}],"version-history":[{"count":1,"href":"https:\/\/www.forum-soegel.de\/information\/wp-json\/wp\/v2\/posts\/27822\/revisions"}],"predecessor-version":[{"id":27825,"href":"https:\/\/www.forum-soegel.de\/information\/wp-json\/wp\/v2\/posts\/27822\/revisions\/27825"}],"wp:attachment":[{"href":"https:\/\/www.forum-soegel.de\/information\/wp-json\/wp\/v2\/media?parent=27822"}],"wp:term":[{"taxonomy":"category","embeddable":true,"href":"https:\/\/www.forum-soegel.de\/information\/wp-json\/wp\/v2\/categories?post=27822"},{"taxonomy":"post_tag","embeddable":true,"href":"https:\/\/www.forum-soegel.de\/information\/wp-json\/wp\/v2\/tags?post=27822"}],"curies":[{"name":"wp","href":"https:\/\/api.w.org\/{rel}","templated":true}]}}