{"id":27815,"date":"2019-11-28T14:55:28","date_gmt":"2019-11-28T13:55:28","guid":{"rendered":"https:\/\/www.forum-soegel.de\/information\/?p=27815"},"modified":"2019-11-28T14:55:29","modified_gmt":"2019-11-28T13:55:29","slug":"soegel-zeigt-seine-kulturelle-vielfalt","status":"publish","type":"post","link":"https:\/\/www.forum-soegel.de\/information\/2019\/11\/soegel-zeigt-seine-kulturelle-vielfalt\/","title":{"rendered":"S\u00f6gel zeigt seine kulturelle Vielfalt"},"content":{"rendered":"\n<p>S\u00f6gel &#8211; In S\u00f6gel leben Menschen aus mehr als 40 Nationen\nvereint. Aus diesem Anlass hat die Gemeinde nun das vierte \u201eFest der Kulturen\u201c\ngefeiert.<br>\nDer interkulturelle Zusammenhalt machte sich gleich zu Beginn des Festes\nbemerkbar. Die Initiatorin Helene Kurka kam mit Menschen unterschiedlichster\nHerkunft auf die B\u00fchne, die alle G\u00e4ste jeweils in ihrer Muttersprache\nbegr\u00fc\u00dften. \u201eS\u00f6gel ist ein Ort der Vielfalt, in dem die Integration und das\nZusammenleben verschiedenster Kulturen wunderbar funktionieren\u201c, sagte Gerd\nGerdes, Vorstandsmitglied des Kolping Bildungswerkes im Di\u00f6zesanverband\nOsnabr\u00fcck e.V. Dies sei den vielen Institutionen und Ehrenamtlichen zu\nverdanken, die sich bem\u00fchen, das Integrationsziel zu erreichen. B\u00fcrgermeisterin\nIrmgard Welling (CDU) freute sich \u00fcber das beeindruckende Bild, welches sich\nihr von der B\u00fchne aus bot. Sie dankte den Veranstaltern und Unterst\u00fctzern des\nFestes. Als Vertreterin des Landkreises Emsland richtete Ulrike Otten von der\nFachstelle Integration Gru\u00dfworte an die G\u00e4ste. \u201ePassend zum Auftakt der\ndeutschlandweiten interkulturellen Woche befindet sich das Fest der Kulturen in\nbester Gesellschaft\u201c, sagte Otten. Die interkulturelle Woche steht unter dem\nMotto \u201eZusammen leben, zusammen wachsen\u201c. \u201eDas Motto beschreibt eine besondere\nDoppeldeutigkeit, einerseits das engere Zusammenr\u00fccken und Bilden einer\nGemeinschaft, andererseits das gemeinsame Wachsen in und durch Vielfalt\u201c, so\nOtten. Sie erinnerte an die integrativen Herausforderungen, denen sich der\nLandkreis Emsland im Bereich der Infrastruktur und in Bezug auf das\nZusammenwachsen bereits stellen musste: \u201eDer Landkreis Emsland hat 37.000\nFl\u00fcchtlinge nach dem zweiten Weltkrieg, 500 vietnamesische Boatpeople Anfang\nder 80er Jahre und rund 22.000 Aussiedler Ende der 80er bis Mitte der 90er\nJahre aufgenommen und integriert.\u201c Dar\u00fcber hinaus sei aktuell die Integration\nder aus dem Nahen Osten und aus Afrika Gefl\u00fcchteten ein zentrales und\nvorrangiges Handlungsfeld des Landkreises. Die zum 01. September 2016\neingerichtete Fachstelle Integration habe es sich zum Ziel gesetzt, eine\ngesellschaftliche Integration in Richtung eines selbstbestimmten Lebens im\nEmsland ohne staatliche Transferleistungen zu erm\u00f6glichen. \u201eJedoch geschieht\nIntegration immer vor Ort. Das heutige Fest zeigt, wie bunt und vielf\u00e4ltig die\nGesellschaft in S\u00f6gel ist und wie besonders jede und jeder Einzelne sich\neinbringen kann\u201c, freute sich Otten. <br>\nDie Veranstaltung bot ein abwechslungsreiches Rahmenprogramm, durch das die\n23-j\u00e4hrige Syrerin Reham Babelli f\u00fchrte. Auf der B\u00fchne fanden am Nachmittag Auftritte\nder Tanzgruppe des Heimatvereins S\u00f6gel, der ungarischen Kindertanzgruppe, der\norientalischen Tanzgruppe \u201eSamirah\u201c, der Frauentanzgruppe \u201eRussische Welle\u201c\ngemeinsam mit dem russischen Chor \u201eQuelle\u201c, der rum\u00e4nischen Kindertanzgruppe\nder Bernhardschule S\u00f6gel und der Tanzgruppe \u201eBarbie Girls\u201c vom S\u00f6geler\nKarnevalsverein statt. Eine Kindergruppe des Familienzentrums Sankt Jakobus\nf\u00fchrte das Theaterst\u00fcck \u201eFrederik\u201c auf. F\u00fcr musikalische Unterhaltung sorgten\nLuis Hinrichs sowie Laura Sauer begleitet von Jan Hart und Peter V\u00f6lker. Die\nkulinarische Meile lud ein, sich durch Spezialit\u00e4ten aus dem Irak, Russland,\nAfghanistan, Deutschland, Syrien, Rum\u00e4nien, Ungarn, Polen und China zu\nprobieren. F\u00fcr die Kinder boten die Mitarbeiter des Kolping\nJugendmigrationsdienstes Kinderschminken an und die Gruppenleiter der\nKatholischen Jugend S\u00f6gel hatten eine Spielemeile aufgebaut. Der Kreissportbund\nstellte hierf\u00fcr eine Kletterwand zur Verf\u00fcgung. Weiterhin informierten das\nBildungszentrum A+W und die Menschenrechtsorganisation Amnesty International\n\u00fcber ihre Einrichtungen.<\/p>\n\n\n\n<p>Text\/Foto: Marina Heller<\/p>\n\n\n\n<figure class=\"wp-block-image size-large\"><img loading=\"lazy\" decoding=\"async\" width=\"1024\" height=\"683\" src=\"https:\/\/www.forum-soegel.de\/information\/wp-content\/uploads\/2019\/11\/S\u00f6gel-zeigt-seine-vielf\u00e4ltigen-Kulturen_8677.jpg\" alt=\"\" class=\"wp-image-27816\" srcset=\"https:\/\/www.forum-soegel.de\/information\/wp-content\/uploads\/2019\/11\/S\u00f6gel-zeigt-seine-vielf\u00e4ltigen-Kulturen_8677.jpg 1024w, https:\/\/www.forum-soegel.de\/information\/wp-content\/uploads\/2019\/11\/S\u00f6gel-zeigt-seine-vielf\u00e4ltigen-Kulturen_8677-300x200.jpg 300w, https:\/\/www.forum-soegel.de\/information\/wp-content\/uploads\/2019\/11\/S\u00f6gel-zeigt-seine-vielf\u00e4ltigen-Kulturen_8677-768x512.jpg 768w\" sizes=\"auto, (max-width: 1024px) 100vw, 1024px\" \/><figcaption>Beim \u201eFest der Kulturen\u201c begr\u00fc\u00dften die Neub\u00fcrger S\u00f6gels die G\u00e4ste des Festes jeweils in ihrer Muttersprache. Foto: Marina Heller <\/figcaption><\/figure>\n\n\n\n<figure class=\"wp-block-image size-large\"><img loading=\"lazy\" decoding=\"async\" width=\"1024\" height=\"683\" src=\"https:\/\/www.forum-soegel.de\/information\/wp-content\/uploads\/2019\/11\/S\u00f6gel-zeigt-seine-vielf\u00e4ltigen-Kulturen_8683.jpg\" alt=\"\" class=\"wp-image-27817\" srcset=\"https:\/\/www.forum-soegel.de\/information\/wp-content\/uploads\/2019\/11\/S\u00f6gel-zeigt-seine-vielf\u00e4ltigen-Kulturen_8683.jpg 1024w, https:\/\/www.forum-soegel.de\/information\/wp-content\/uploads\/2019\/11\/S\u00f6gel-zeigt-seine-vielf\u00e4ltigen-Kulturen_8683-300x200.jpg 300w, https:\/\/www.forum-soegel.de\/information\/wp-content\/uploads\/2019\/11\/S\u00f6gel-zeigt-seine-vielf\u00e4ltigen-Kulturen_8683-768x512.jpg 768w\" sizes=\"auto, (max-width: 1024px) 100vw, 1024px\" \/><figcaption>Das \u201eFest der Kulturen\u201c lockte zahlreiche G\u00e4ste auf den S\u00f6geler Marktplatz. Foto: Marina Heller <\/figcaption><\/figure>\n\n\n\n<figure class=\"wp-block-image size-large\"><img loading=\"lazy\" decoding=\"async\" width=\"1024\" height=\"683\" src=\"https:\/\/www.forum-soegel.de\/information\/wp-content\/uploads\/2019\/11\/S\u00f6gel-zeigt-seine-vielf\u00e4ltigen-Kulturen_8688.jpg\" alt=\"\" class=\"wp-image-27818\" srcset=\"https:\/\/www.forum-soegel.de\/information\/wp-content\/uploads\/2019\/11\/S\u00f6gel-zeigt-seine-vielf\u00e4ltigen-Kulturen_8688.jpg 1024w, https:\/\/www.forum-soegel.de\/information\/wp-content\/uploads\/2019\/11\/S\u00f6gel-zeigt-seine-vielf\u00e4ltigen-Kulturen_8688-300x200.jpg 300w, https:\/\/www.forum-soegel.de\/information\/wp-content\/uploads\/2019\/11\/S\u00f6gel-zeigt-seine-vielf\u00e4ltigen-Kulturen_8688-768x512.jpg 768w\" sizes=\"auto, (max-width: 1024px) 100vw, 1024px\" \/><figcaption>Die kulinarische Meile lud die G\u00e4ste des Festes ein, sich durch verschiedene Spezialit\u00e4ten der L\u00e4nder zu probieren. Foto: Marina Heller <\/figcaption><\/figure>\n\n\n\n<figure class=\"wp-block-image size-large\"><img loading=\"lazy\" decoding=\"async\" width=\"1024\" height=\"683\" src=\"https:\/\/www.forum-soegel.de\/information\/wp-content\/uploads\/2019\/11\/S\u00f6gel-zeigt-seine-vielf\u00e4ltigen-Kulturen_8699.jpg\" alt=\"\" class=\"wp-image-27819\" srcset=\"https:\/\/www.forum-soegel.de\/information\/wp-content\/uploads\/2019\/11\/S\u00f6gel-zeigt-seine-vielf\u00e4ltigen-Kulturen_8699.jpg 1024w, https:\/\/www.forum-soegel.de\/information\/wp-content\/uploads\/2019\/11\/S\u00f6gel-zeigt-seine-vielf\u00e4ltigen-Kulturen_8699-300x200.jpg 300w, https:\/\/www.forum-soegel.de\/information\/wp-content\/uploads\/2019\/11\/S\u00f6gel-zeigt-seine-vielf\u00e4ltigen-Kulturen_8699-768x512.jpg 768w\" sizes=\"auto, (max-width: 1024px) 100vw, 1024px\" \/><figcaption>Neben der orientalischen Tanzgruppe \u201eSamirah\u201c traten viele weitere Tanzgruppen auf dem \u201eFest der Kulturen\u201c auf. Foto: Marina Heller <\/figcaption><\/figure>\n\n\n","protected":false},"excerpt":{"rendered":"S\u00f6gel &#8211; In S\u00f6gel leben Menschen aus mehr als 40 Nationen vereint. Aus diesem Anlass hat die Gemeinde nun das vierte \u201eFest der Kulturen\u201c gefeiert. Der interkulturelle Zusammenhalt machte sich gleich zu Beginn des Festes bemerkbar. Die Initiatorin Helene Kurka kam mit Menschen unterschiedlichster Herkunft auf die B\u00fchne, die alle G\u00e4ste jeweils in ihrer Muttersprache [&hellip;]\n","protected":false},"author":2,"featured_media":0,"comment_status":"closed","ping_status":"closed","sticky":false,"template":"","format":"standard","meta":{"ngg_post_thumbnail":0,"footnotes":""},"categories":[868],"tags":[],"class_list":["post-27815","post","type-post","status-publish","format-standard","hentry","category-zwischen-himmel-und-erde"],"_links":{"self":[{"href":"https:\/\/www.forum-soegel.de\/information\/wp-json\/wp\/v2\/posts\/27815","targetHints":{"allow":["GET"]}}],"collection":[{"href":"https:\/\/www.forum-soegel.de\/information\/wp-json\/wp\/v2\/posts"}],"about":[{"href":"https:\/\/www.forum-soegel.de\/information\/wp-json\/wp\/v2\/types\/post"}],"author":[{"embeddable":true,"href":"https:\/\/www.forum-soegel.de\/information\/wp-json\/wp\/v2\/users\/2"}],"replies":[{"embeddable":true,"href":"https:\/\/www.forum-soegel.de\/information\/wp-json\/wp\/v2\/comments?post=27815"}],"version-history":[{"count":1,"href":"https:\/\/www.forum-soegel.de\/information\/wp-json\/wp\/v2\/posts\/27815\/revisions"}],"predecessor-version":[{"id":27821,"href":"https:\/\/www.forum-soegel.de\/information\/wp-json\/wp\/v2\/posts\/27815\/revisions\/27821"}],"wp:attachment":[{"href":"https:\/\/www.forum-soegel.de\/information\/wp-json\/wp\/v2\/media?parent=27815"}],"wp:term":[{"taxonomy":"category","embeddable":true,"href":"https:\/\/www.forum-soegel.de\/information\/wp-json\/wp\/v2\/categories?post=27815"},{"taxonomy":"post_tag","embeddable":true,"href":"https:\/\/www.forum-soegel.de\/information\/wp-json\/wp\/v2\/tags?post=27815"}],"curies":[{"name":"wp","href":"https:\/\/api.w.org\/{rel}","templated":true}]}}